{"id":15598,"date":"2022-09-25T01:03:40","date_gmt":"2022-09-24T23:03:40","guid":{"rendered":"http:\/\/www.infokuryr.cz\/n\/?p=15598"},"modified":"2022-09-24T16:50:39","modified_gmt":"2022-09-24T14:50:39","slug":"kanadsky-televizni-reporter-zemrel-nahle-a-necekane","status":"publish","type":"post","link":"https:\/\/www.infokuryr.cz\/n\/2022\/09\/25\/kanadsky-televizni-reporter-zemrel-nahle-a-necekane\/","title":{"rendered":"Kanadsk\u00fd televizn\u00ed report\u00e9r zem\u0159el \u201en\u00e1hle a ne\u010dekan\u011b\u201c"},"content":{"rendered":"<div id=\"fb-root\"><\/div>\n<div class=\"elementor-element elementor-element-1fb4c2c elementor-widget elementor-widget-theme-post-content\" data-id=\"1fb4c2c\" data-element_type=\"widget\" data-widget_type=\"theme-post-content.default\">\n<div class=\"elementor-widget-container\">\n<p><strong>Televizn\u00ed report\u00e9r Matthew Rodrigopull zem\u0159el \u201en\u00e1hle a ne\u010dekan\u011b\u201c ve v\u011bku 24 let. Byl pln\u011b o\u010dkovan\u00fd!\u00a0<\/strong><\/p>\n<p><span>Rodrigopulle zem\u0159el ve sv\u00e9m dom\u011b na srde\u010dn\u00ed probl\u00e9my, a\u010dkoli nem\u011bl \u017e\u00e1dn\u00e9 p\u0159edchoz\u00ed zdravotn\u00ed probl\u00e9my.\u00a0&#8222;Fact checkers&#8220; a mainstreamov\u00e1 m\u00e9dia se sna\u017e\u00ed pop\u0159\u00edt, \u017ee by experiment\u00e1ln\u00ed injekce genov\u00e9 terapie mohly souviset s jeho p\u0159ed\u010dasnou smrt\u00ed.<\/span><\/p>\n<p><a href=\"https:\/\/rairfoundation.com\/vaccinated-and-boosted-tv-reporter-24-dies-suddenly-and-unexpectedly-video\/?utm_source=rss&amp;utm_medium=rss&amp;utm_campaign=vaccinated-and-boosted-tv-reporter-24-dies-suddenly-and-unexpectedly-video\" target=\"_blank\" rel=\"noreferrer noopener\" data-type=\"URL\" data-id=\"https:\/\/rairfoundation.com\/vaccinated-and-boosted-tv-reporter-24-dies-suddenly-and-unexpectedly-video\/?utm_source=rss&amp;utm_medium=rss&amp;utm_campaign=vaccinated-and-boosted-tv-reporter-24-dies-suddenly-and-unexpectedly-video\"><span>Rairfoundation.com<\/span><\/a><span>\u00a0hl\u00e1s\u00ed: Nen\u00ed sporu o tom, \u017ee 24let\u00fd moder\u00e1tor Matthew Rodrigopulle byl \u201epln\u011b nao\u010dkov\u00e1n\u201c a \u201epln\u011b pos\u00edlen\u201c.<\/span><\/p>\n<div class=\"wp-block-image\">\n<figure class=\"aligncenter size-large\"><img decoding=\"async\" loading=\"lazy\" class=\"jetpack-lazy-image jetpack-lazy-image--handled aligncenter\" src=\"https:\/\/i0.wp.com\/cdn.newspunch.com\/wp-content\/uploads\/2022\/09\/FcTBpG7WAAAUYh0-1-1024x794.jpeg.webp?w=800&amp;ssl=1\" alt=\"\" width=\"574\" height=\"445\" data-recalc-dims=\"1\" data-lazy-loaded=\"1\" \/><\/figure>\n<\/div>\n<p><span>Redakto\u0159i kanadsk\u00e9ho zpravodajsk\u00e9ho kan\u00e1lu &#8222;Global Regina&#8220; jsou hrd\u00ed na to, \u017ee v\u0161ichni jejich zam\u011bstnanci dostali kontroverzn\u00ed vakc\u00ednu. Mlad\u00edk tak\u00e9 p\u0159i vystupov\u00e1n\u00ed na soci\u00e1ln\u00edch s\u00edt\u00edch doporu\u010doval o\u010dkov\u00e1n\u00ed a no\u0161en\u00ed rou\u0161ek.<\/span><\/p>\n<p><span>Rodrigopulle byl obzvl\u00e1\u0161t\u011b hrd\u00fd na to, \u017ee d\u011bti v Saskatchewanu jsou nyn\u00ed \u201eo\u010dkov\u00e1ny\u201c ji\u017e od p\u011bti let.<\/span><\/p>\n<p><span>Kolega moder\u00e1torka si stoupla p\u0159ed kameru a rozplakala se, kdy\u017e ozn\u00e1mila smrt sv\u00e9 kolegyn\u011b.<\/span><\/p>\n<p><span>Pochybn\u00fd \u201efact-checker\u201c, malajsijsk\u00fd technologick\u00fd zpravodajsk\u00fd a informa\u010dn\u00ed web Techarp, v 10 bodech vysv\u011btluje, pro\u010d Rodrigopulle nemohl zem\u0159\u00edt na n\u011bkolik genov\u00fdch o\u010dkov\u00e1n\u00ed.\u00a0Pro-vakc\u00ednov\u00e1 str\u00e1nka, kterou vytvo\u0159il Adrian Wong, tvrd\u00ed, \u017ee Rodrigopulle zem\u0159el \u201ep\u0159irozen\u00fdmi p\u0159\u00ed\u010dinami\u201c.\u00a0Nicm\u00e9n\u011b str\u00e1nka\u00a0<\/span><a href=\"https:\/\/ontherecordnews.ca\/in-memoriam-matthew-rodrigopulle\/\" target=\"_blank\" rel=\"noreferrer noopener\" data-type=\"URL\" data-id=\"https:\/\/ontherecordnews.ca\/in-memoriam-matthew-rodrigopulle\/\"><span>odkazovan\u00e1 jako d\u016fkaz<\/span><\/a><span>\u00a0\u0159\u00edk\u00e1, \u017ee zem\u0159el na vrozenou srde\u010dn\u00ed vadu.\u00a0Pro takovou p\u0159edb\u011b\u017enou diagn\u00f3zu neexistuj\u00ed \u017e\u00e1dn\u00e9 d\u016fkazy.<\/span><\/p>\n<p><span>Krom\u011b toho \u201eov\u011b\u0159ovatel\u00e9 fakt\u016f\u201c vysv\u011btluj\u00ed, \u017ee vedlej\u0161\u00ed \u00fa\u010dinky \u201evakc\u00edny\u201c Covid se v\u017edy objev\u00ed okam\u017eit\u011b a \u017ee spike protein z\u016fst\u00e1v\u00e1 v t\u011ble pouze n\u011bkolik dn\u00ed.\u00a0Tato skute\u010dnost v\u0161ak nen\u00ed nikde dolo\u017eena;\u00a0naopak nen\u00ed zn\u00e1mo, kdy ne\u017e\u00e1douc\u00ed \u00fa\u010dinky r\u016fzn\u00fdch vakc\u00edn pro genovou terapii ji\u017e nebudou nebezpe\u010dn\u00e9.<\/span><\/p>\n<p><span>Na Wongov\u011b stran\u011b, o kter\u00e9 se hojn\u011b p\u00ed\u0161e v levicov\u00fdch m\u00e9di\u00edch, se tvrd\u00ed, \u017ee rodina zem\u0159el\u00e9ho nevinila o\u010dkov\u00e1n\u00ed a souvislost s injekcemi lze vylou\u010dit.\u00a0Tato takzvan\u00e1 kontrola fakt\u016f je v\u0161ak \u00fa\u017easn\u011b nezodpov\u011bdn\u00e1 a nebezpe\u010dn\u00e1 a zast\u00e1nci vakc\u00edny proti Covid ji vyu\u017e\u00edvaj\u00ed k \u0161\u00ed\u0159en\u00ed dezinformac\u00ed.<\/span><\/p>\n<p><span>Fakta ukazuj\u00ed: mlad\u00fd mu\u017e byl o\u010dkov\u00e1n a ne\u010dekan\u011b zem\u0159el na srde\u010dn\u00ed probl\u00e9my, jako statis\u00edce dal\u0161\u00edch mlad\u00fdch lid\u00ed po cel\u00e9m sv\u011bt\u011b.\u00a0N\u011bkter\u00e9 mohou b\u00fdt vrozen\u00e9 vady, zat\u00edmco jin\u00e9 ne.\u00a0Jasno by mohla poskytnout pouze pitva, ale to je obvykle odm\u00edtnuto a l\u00e9ka\u0159sk\u00e1 profese to \u010dasto nepodporuje.\u00a0V\u00fdsledkem je, \u017ee des\u00edtky lid\u00ed podez\u0159el\u00fdch ze smrti v d\u016fsledku injekc\u00ed genov\u00e9 terapie jsou zpopeln\u011bny kr\u00e1tce po jejich smrti.<\/span><\/p>\n<\/div>\n<\/div>\n<p>&nbsp;<\/p>\n<div class='videoWrapper'>\r\n\t            <iframe src='https:\/\/rumble.com\/embed\/pj.v1icxg1\/' frameborder='0' allowfullscreen><\/iframe>\r\n\t        <\/div>\n<p>&nbsp;<\/p>\n<div class=\"elementor-element elementor-element-8c57238 quelle dc-has-condition dc-condition-empty elementor-widget elementor-widget-heading\" data-id=\"8c57238\" data-element_type=\"widget\" data-widget_type=\"heading.default\">\n<div class=\"elementor-widget-container\">\n<h3 class=\"elementor-heading-title elementor-size-default\"><span style=\"font-size: 8pt;\"><a href=\"https:\/\/rairfoundation.com\/vaccinated-and-boosted-tv-reporter-24-dies-suddenly-and-unexpectedly-video\/?utm_source=rss&amp;utm_medium=rss&amp;utm_campaign=vaccinated-and-boosted-tv-reporter-24-dies-suddenly-and-unexpectedly-video\" target=\"_blank\" rel=\"nofollow noopener\">ZDROJ<\/a><\/span><\/h3>\n<p>&nbsp;<\/p>\n<\/div>\n<\/div>\n","protected":false},"excerpt":{"rendered":"<p>Televizn\u00ed report\u00e9r Matthew Rodrigopull zem\u0159el \u201en\u00e1hle a ne\u010dekan\u011b\u201c ve v\u011bku 24 let. Byl pln\u011b o\u010dkovan\u00fd!\u00a0&#8230;<\/p>\n","protected":false},"author":2,"featured_media":15599,"comment_status":"closed","ping_status":"closed","sticky":false,"template":"","format":"standard","meta":[],"categories":[7],"tags":[248,3405,474,651],"_links":{"self":[{"href":"https:\/\/www.infokuryr.cz\/n\/wp-json\/wp\/v2\/posts\/15598"}],"collection":[{"href":"https:\/\/www.infokuryr.cz\/n\/wp-json\/wp\/v2\/posts"}],"about":[{"href":"https:\/\/www.infokuryr.cz\/n\/wp-json\/wp\/v2\/types\/post"}],"author":[{"embeddable":true,"href":"https:\/\/www.infokuryr.cz\/n\/wp-json\/wp\/v2\/users\/2"}],"replies":[{"embeddable":true,"href":"https:\/\/www.infokuryr.cz\/n\/wp-json\/wp\/v2\/comments?post=15598"}],"version-history":[{"count":1,"href":"https:\/\/www.infokuryr.cz\/n\/wp-json\/wp\/v2\/posts\/15598\/revisions"}],"predecessor-version":[{"id":15600,"href":"https:\/\/www.infokuryr.cz\/n\/wp-json\/wp\/v2\/posts\/15598\/revisions\/15600"}],"wp:featuredmedia":[{"embeddable":true,"href":"https:\/\/www.infokuryr.cz\/n\/wp-json\/wp\/v2\/media\/15599"}],"wp:attachment":[{"href":"https:\/\/www.infokuryr.cz\/n\/wp-json\/wp\/v2\/media?parent=15598"}],"wp:term":[{"taxonomy":"category","embeddable":true,"href":"https:\/\/www.infokuryr.cz\/n\/wp-json\/wp\/v2\/categories?post=15598"},{"taxonomy":"post_tag","embeddable":true,"href":"https:\/\/www.infokuryr.cz\/n\/wp-json\/wp\/v2\/tags?post=15598"}],"curies":[{"name":"wp","href":"https:\/\/api.w.org\/{rel}","templated":true}]}}