{"id":15589,"date":"2022-09-24T05:49:50","date_gmt":"2022-09-24T03:49:50","guid":{"rendered":"http:\/\/www.infokuryr.cz\/n\/?p=15589"},"modified":"2022-09-24T05:49:50","modified_gmt":"2022-09-24T03:49:50","slug":"svazaci-v-narodnim-technickem-muzeu-v-praze-vymysleli-novy-statni-svatek-vyroci-umrti-v-havla","status":"publish","type":"post","link":"https:\/\/www.infokuryr.cz\/n\/2022\/09\/24\/svazaci-v-narodnim-technickem-muzeu-v-praze-vymysleli-novy-statni-svatek-vyroci-umrti-v-havla\/","title":{"rendered":"\u201eSvaz\u00e1ci\u201c v N\u00e1rodn\u00edm technick\u00e9m muzeu v Praze vymysleli nov\u00fd \u201est\u00e1tn\u00ed\u201c sv\u00e1tek! V\u00fdro\u010d\u00ed \u00famrt\u00ed V. Havla\u2026."},"content":{"rendered":"<div id=\"fb-root\"><\/div>\n<p><strong>V N\u00e1rodn\u00edm technick\u00e9m muzeu v Praze na Letn\u00e9 vymyslelo veden\u00ed nov\u00fd \u201est\u00e1tn\u00ed\u201c sv\u00e1tek. V den v\u00fdro\u010d\u00ed \u00famrt\u00ed V. Havla 18\/12 bude v muzeu pro n\u00e1v\u0161t\u011bvn\u00edky sn\u00ed\u017een\u00e9 vstupn\u00e9<\/strong>. Nen\u00ed zcela jasn\u00e9, pro\u010d se v\u00fdro\u010d\u00ed \u00famrt\u00ed V. Havla (jist\u011b v\u00fdznamn\u00e9 postavy politiky po roce 1989) bylo d\u00e1no na rove\u0148 v\u00fdznamn\u00fdm dn\u016fm spojen\u00fdm s histori\u00ed muzea, nebo v\u00fdznamn\u00fdm dn\u016f \u010desk\u00e9 st\u00e1tnosti.\u00a0<strong>V. Havel nem\u011bl k technice \u017e\u00e1dn\u00fd vztah, naopak c\u00edlen\u011b usiloval o likvidaci technick\u00e9ho \u0161kolstv\u00ed, \u010desk\u00e9ho pr\u016fmyslu a technick\u00e9 vzd\u011blanosti.\u00a0<\/strong>Jedn\u00e1 se o n\u011bjak\u00fd v\u00fdk\u0159ik uct\u00edva\u010d\u016f kultu V. Havla, nebo je za t\u00edm snahu oportunistick\u00fdch sna\u017eivc\u016f v l\u00edsat se do p\u0159\u00edzn\u011b sou\u010dasn\u00fdch vl\u00e1dc\u016f a jejich zahrani\u010dn\u00edch sponzor\u016f? <b>Jsem si jist, \u017ee v den v\u00fdro\u010d\u00ed \u00famrt\u00ed M. Zemana a V. Klause v budoucnu se jejich den v muzeu sn\u00ed\u017een\u00fdm vstupn\u00fdm oslavovat nebude.<\/b><\/p>\n<p><strong>Podobn\u00fd kult V. Havla si v ni\u010dem nezad\u00e1 s Kim Ir Senem a je velmi sm\u011b\u0161n\u00fd. Udivuje m\u011b, \u017ee se proti n\u011bmu rodina V. Havla neozve.<\/strong><\/p>\n<figure class=\"wp-block-image size-full\"><img decoding=\"async\" loading=\"lazy\" class=\"wp-image-13663 aligncenter\" src=\"https:\/\/ceskavec.com\/wp-content\/uploads\/2022\/09\/image-1.png\" sizes=\"(max-width: 699px) 100vw, 699px\" srcset=\"https:\/\/ceskavec.com\/wp-content\/uploads\/2022\/09\/image-1.png 699w, https:\/\/ceskavec.com\/wp-content\/uploads\/2022\/09\/image-1-225x300.png 225w\" alt=\"\" width=\"699\" height=\"934\" \/><\/figure>\n<p><img decoding=\"async\" loading=\"lazy\" class=\"alignnone size-full wp-image-1185\" src=\"http:\/\/www.infokuryr.cz\/n\/wp-content\/uploads\/2021\/04\/kuryr-podpis.png\" alt=\"\" width=\"84\" height=\"24\" \/><\/p>\n","protected":false},"excerpt":{"rendered":"<p>V N\u00e1rodn\u00edm technick\u00e9m muzeu v Praze na Letn\u00e9 vymyslelo veden\u00ed nov\u00fd \u201est\u00e1tn\u00ed\u201c sv\u00e1tek. V den&#8230;<\/p>\n","protected":false},"author":2,"featured_media":9980,"comment_status":"closed","ping_status":"closed","sticky":false,"template":"","format":"standard","meta":[],"categories":[6],"tags":[3402,830,581],"_links":{"self":[{"href":"https:\/\/www.infokuryr.cz\/n\/wp-json\/wp\/v2\/posts\/15589"}],"collection":[{"href":"https:\/\/www.infokuryr.cz\/n\/wp-json\/wp\/v2\/posts"}],"about":[{"href":"https:\/\/www.infokuryr.cz\/n\/wp-json\/wp\/v2\/types\/post"}],"author":[{"embeddable":true,"href":"https:\/\/www.infokuryr.cz\/n\/wp-json\/wp\/v2\/users\/2"}],"replies":[{"embeddable":true,"href":"https:\/\/www.infokuryr.cz\/n\/wp-json\/wp\/v2\/comments?post=15589"}],"version-history":[{"count":0,"href":"https:\/\/www.infokuryr.cz\/n\/wp-json\/wp\/v2\/posts\/15589\/revisions"}],"wp:featuredmedia":[{"embeddable":true,"href":"https:\/\/www.infokuryr.cz\/n\/wp-json\/wp\/v2\/media\/9980"}],"wp:attachment":[{"href":"https:\/\/www.infokuryr.cz\/n\/wp-json\/wp\/v2\/media?parent=15589"}],"wp:term":[{"taxonomy":"category","embeddable":true,"href":"https:\/\/www.infokuryr.cz\/n\/wp-json\/wp\/v2\/categories?post=15589"},{"taxonomy":"post_tag","embeddable":true,"href":"https:\/\/www.infokuryr.cz\/n\/wp-json\/wp\/v2\/tags?post=15589"}],"curies":[{"name":"wp","href":"https:\/\/api.w.org\/{rel}","templated":true}]}}