{"id":1553,"date":"2021-05-10T18:46:21","date_gmt":"2021-05-10T16:46:21","guid":{"rendered":"http:\/\/www.infokuryr.cz\/n\/?p=1553"},"modified":"2021-05-10T18:48:20","modified_gmt":"2021-05-10T16:48:20","slug":"tri-deti-zabite-po-izraelskych-utocich-na-gazu","status":"publish","type":"post","link":"https:\/\/www.infokuryr.cz\/n\/2021\/05\/10\/tri-deti-zabite-po-izraelskych-utocich-na-gazu\/","title":{"rendered":"T\u0159i d\u011bti zabit\u00e9 po izraelsk\u00fdch \u00fatoc\u00edch na Gazu"},"content":{"rendered":"<div id=\"fb-root\"><\/div>\n<p>Dev\u011bt Palestinc\u016f, v\u010detn\u011b t\u0159\u00ed d\u011bt\u00ed, zem\u0159elo v d\u016fsledku izraelsk\u00fdch \u00fatok\u016f na p\u00e1smo Gazy, uvedlo ministerstvo zdravotnictv\u00ed.<\/p>\n<p>D\u0159\u00edve se uv\u00e1d\u011blo, \u017ee radik\u00e1lov\u00e9 z p\u00e1sma Gazy\u00a0vyst\u0159elili protitankov\u00e9 st\u0159ely do Izraele.<\/p>\n<p><i>\u201eProtitankov\u00e1 raketa byla vypu\u0161t\u011bna ze severn\u00ed \u010d\u00e1sti p\u00e1sma Gazy na izraelsk\u00e9m \u00fazem\u00ed,\u201c<\/i>\u00a0uvedla izraelsk\u00e1 arm\u00e1da ve sv\u00e9m prohl\u00e1\u0161en\u00ed.<\/p>\n<p>Podle z\u00e1stupce vojensk\u00e9ho k\u0159\u00eddla \u201ebrig\u00e1dy Al-K\u00e1sam\u201c Ham\u00e1su Abu Obaidaha dostal Izrael \u010das do 18:00 na sta\u017een\u00ed voj\u00e1k\u016f z oblast\u00ed me\u0161ity Al-Aks\u00e1 a \u0161ejka Jarraha ve v\u00fdchodn\u00edm Jeruzal\u00e9m\u011b.<\/p>\n<p>Izraelsk\u00e1 genocida palestinsk\u00e9ho lidu byla mnohokr\u00e1t odsouzena mezin\u00e1rodn\u00edm spole\u010denstv\u00edm!<\/p>\n<p><img decoding=\"async\" loading=\"lazy\" class=\"alignnone size-full wp-image-1185\" src=\"http:\/\/www.infokuryr.cz\/n\/wp-content\/uploads\/2021\/04\/kuryr-podpis.png\" alt=\"\" width=\"84\" height=\"24\" \/><\/p>\n<p>&nbsp;<\/p>\n<p>&nbsp;<\/p>\n","protected":false},"excerpt":{"rendered":"<p>Dev\u011bt Palestinc\u016f, v\u010detn\u011b t\u0159\u00ed d\u011bt\u00ed, zem\u0159elo v d\u016fsledku izraelsk\u00fdch \u00fatok\u016f na p\u00e1smo Gazy, uvedlo ministerstvo&#8230;<\/p>\n","protected":false},"author":2,"featured_media":1554,"comment_status":"closed","ping_status":"closed","sticky":false,"template":"","format":"standard","meta":[],"categories":[7],"tags":[245,178,107,312],"_links":{"self":[{"href":"https:\/\/www.infokuryr.cz\/n\/wp-json\/wp\/v2\/posts\/1553"}],"collection":[{"href":"https:\/\/www.infokuryr.cz\/n\/wp-json\/wp\/v2\/posts"}],"about":[{"href":"https:\/\/www.infokuryr.cz\/n\/wp-json\/wp\/v2\/types\/post"}],"author":[{"embeddable":true,"href":"https:\/\/www.infokuryr.cz\/n\/wp-json\/wp\/v2\/users\/2"}],"replies":[{"embeddable":true,"href":"https:\/\/www.infokuryr.cz\/n\/wp-json\/wp\/v2\/comments?post=1553"}],"version-history":[{"count":0,"href":"https:\/\/www.infokuryr.cz\/n\/wp-json\/wp\/v2\/posts\/1553\/revisions"}],"wp:featuredmedia":[{"embeddable":true,"href":"https:\/\/www.infokuryr.cz\/n\/wp-json\/wp\/v2\/media\/1554"}],"wp:attachment":[{"href":"https:\/\/www.infokuryr.cz\/n\/wp-json\/wp\/v2\/media?parent=1553"}],"wp:term":[{"taxonomy":"category","embeddable":true,"href":"https:\/\/www.infokuryr.cz\/n\/wp-json\/wp\/v2\/categories?post=1553"},{"taxonomy":"post_tag","embeddable":true,"href":"https:\/\/www.infokuryr.cz\/n\/wp-json\/wp\/v2\/tags?post=1553"}],"curies":[{"name":"wp","href":"https:\/\/api.w.org\/{rel}","templated":true}]}}