{"id":15494,"date":"2022-09-23T01:00:57","date_gmt":"2022-09-22T23:00:57","guid":{"rendered":"http:\/\/www.infokuryr.cz\/n\/?p=15494"},"modified":"2022-09-22T17:19:37","modified_gmt":"2022-09-22T15:19:37","slug":"dostanou-se-bojovnici-proti-covidove-a-energeticke-totalite-do-senatu","status":"publish","type":"post","link":"https:\/\/www.infokuryr.cz\/n\/2022\/09\/23\/dostanou-se-bojovnici-proti-covidove-a-energeticke-totalite-do-senatu\/","title":{"rendered":"Dostanou se bojovn\u00edci proti covidov\u00e9 a energetick\u00e9 totalit\u011b do Sen\u00e1tu?"},"content":{"rendered":"<div id=\"fb-root\"><\/div>\n<div class=\"introtext\">\n<p><span style=\"font-size: 18pt;\"><strong>Skoro t\u0159i roky n\u00e1s h\u00e1jili a br\u00e1nili. Proti Vojt\u011bchovi a V\u00e1lkovi. Nyn\u00ed spole\u010dn\u011b cht\u011bj\u00ed d\u011blat tot\u00e9\u017e v Sen\u00e1tu. Nebyli jedin\u00ed, ale na tyto nejv\u00edc foukalo. Va\u017eme si jich. Nebo op\u011bt nasko\u010d\u00edme na sliby dareb\u00e1k\u016f?<\/strong><\/span><\/p>\n<\/div>\n<div class=\"itemRelMedia col-sm-12\">\n<div class=\"avPlayerWrapper avVideo\">\n<div class=\"avPlayerContainer\">\n<div id=\"AVPlayerID_0_996d9b0fbb369521b71973abf57d4c56\" class=\"avPlayerBlock\"><iframe loading=\"lazy\" title=\"JoomlaWorks AllVideos Player\" src=\"https:\/\/www.youtube.com\/embed\/3_bK5sHfVVA?rel=0&amp;fs=1&amp;wmode=transparent\" width=\"400\" height=\"300\" frameborder=\"0\" scrolling=\"no\" allowfullscreen=\"allowfullscreen\" data-mce-fragment=\"1\"><\/iframe><\/div>\n<\/div>\n<\/div>\n<\/div>\n<div class=\"fulltext\">\n<p><strong>T\u011bch lid\u00ed samoz\u0159ejm\u011b bylo v\u00edc,<\/strong>\u00a0ale \u010d\u00e1st z nich m\u011bla poslaneckou imunitu, tak\u017ee t\u011bm pod\u011bkujme tak\u00e9, by\u0165 u\u017e jsou v Parlamentu, zat\u00edmco t\u011bmto st\u00e1le vyhro\u017euj\u00ed. A p\u0159idejme dal\u0161\u00ed \u0161pi\u010dkov\u00e9 odborn\u00edky, kte\u0159\u00ed nekandiduj\u00ed, ale jsme s nimi na jedn\u00e9 lodi. Nap\u0159.\u00a0<em>Prof<\/em>. MUDr. Ji\u0159\u00ed\u00a0<em>Beran<\/em>, CSc., nebo MUDr. So\u0148a Pekov\u00e1, PhD. Obor znaleck\u00e9 \u010dinnosti: Zdravotnictv\u00ed &#8211; odv\u011btv\u00ed: Genetika Specializace: molekul\u00e1rn\u00ed genetika, molekul\u00e1rn\u00ed biologie.<\/p>\n<p>I o nich dareb\u00e1ci\u00a0<strong>bez vzd\u011bl\u00e1n\u00ed a atestac\u00ed<\/strong>\u00a0psali a mluvili v\u00a0<strong>JEJICH vl\u00e1dn\u00ed \u010cesk\u00e9 televizi<\/strong>, \u017ee jsou zlo\u010dinci a dezinform\u00e1to\u0159i.\u00a0<strong>Dnes si zoufaj\u00ed d\u011bt\u0161t\u00ed psychiat\u0159i, ale i dorostov\u00ed a pro dosp\u011bl\u00e9 nad po\u010dtem sebevra\u017ed, sebepo\u0161kozov\u00e1n\u00ed<\/strong>\u00a0a za v\u0161e mohou zlo\u010dinci typu Vojt\u011bcha a V\u00e1lka, kte\u0159\u00ed dokonce prohr\u00e1vali soudy, ale v\u016fbec je to nezaj\u00edmalo.<\/p>\n<h3>Brusel je br\u00e1nil a ubr\u00e1nil!<\/h3>\n<h3>ZAT\u00cdM!<\/h3>\n<h3><strong>Nech\u00e1me to tak b\u00fdt, nebo u\u017e jsme moud\u0159ej\u0161\u00ed?<\/strong><\/h3>\n<p>P.S. Nejv\u011bt\u0161\u00ed perli\u010dka? Sta\u010d\u00ed zadat slovo &#8222;dezinform\u00e1to\u0159i&#8220; a vyb\u011bhnou jm\u00e9na nejv\u011bt\u0161\u00edch odborn\u00edk\u016f v \u010cesk\u00e9 republice. Neboli slovo &#8222;dezinform\u00e1tor&#8220; je stejn\u00e9 hodnoty, jako nejvy\u0161\u0161\u00ed st\u00e1tn\u00ed vyznamen\u00e1n\u00ed \u010cesk\u00e9 republiky: \u0158\u00e1d b\u00edl\u00e9ho lva.<\/p>\n<\/div>\n<p><img decoding=\"async\" loading=\"lazy\" class=\"alignnone size-full wp-image-1185\" src=\"http:\/\/www.infokuryr.cz\/n\/wp-content\/uploads\/2021\/04\/kuryr-podpis.png\" alt=\"\" width=\"84\" height=\"24\" \/><\/p>\n<p>&nbsp;<\/p>\n","protected":false},"excerpt":{"rendered":"<p>Skoro t\u0159i roky n\u00e1s h\u00e1jili a br\u00e1nili. Proti Vojt\u011bchovi a V\u00e1lkovi. Nyn\u00ed spole\u010dn\u011b cht\u011bj\u00ed d\u011blat&#8230;<\/p>\n","protected":false},"author":2,"featured_media":15495,"comment_status":"closed","ping_status":"closed","sticky":false,"template":"","format":"standard","meta":[],"categories":[6],"tags":[3387,2663,164,27],"_links":{"self":[{"href":"https:\/\/www.infokuryr.cz\/n\/wp-json\/wp\/v2\/posts\/15494"}],"collection":[{"href":"https:\/\/www.infokuryr.cz\/n\/wp-json\/wp\/v2\/posts"}],"about":[{"href":"https:\/\/www.infokuryr.cz\/n\/wp-json\/wp\/v2\/types\/post"}],"author":[{"embeddable":true,"href":"https:\/\/www.infokuryr.cz\/n\/wp-json\/wp\/v2\/users\/2"}],"replies":[{"embeddable":true,"href":"https:\/\/www.infokuryr.cz\/n\/wp-json\/wp\/v2\/comments?post=15494"}],"version-history":[{"count":1,"href":"https:\/\/www.infokuryr.cz\/n\/wp-json\/wp\/v2\/posts\/15494\/revisions"}],"predecessor-version":[{"id":15496,"href":"https:\/\/www.infokuryr.cz\/n\/wp-json\/wp\/v2\/posts\/15494\/revisions\/15496"}],"wp:featuredmedia":[{"embeddable":true,"href":"https:\/\/www.infokuryr.cz\/n\/wp-json\/wp\/v2\/media\/15495"}],"wp:attachment":[{"href":"https:\/\/www.infokuryr.cz\/n\/wp-json\/wp\/v2\/media?parent=15494"}],"wp:term":[{"taxonomy":"category","embeddable":true,"href":"https:\/\/www.infokuryr.cz\/n\/wp-json\/wp\/v2\/categories?post=15494"},{"taxonomy":"post_tag","embeddable":true,"href":"https:\/\/www.infokuryr.cz\/n\/wp-json\/wp\/v2\/tags?post=15494"}],"curies":[{"name":"wp","href":"https:\/\/api.w.org\/{rel}","templated":true}]}}