{"id":15482,"date":"2022-09-22T04:39:52","date_gmt":"2022-09-22T02:39:52","guid":{"rendered":"http:\/\/www.infokuryr.cz\/n\/?p=15482"},"modified":"2022-09-22T04:39:52","modified_gmt":"2022-09-22T02:39:52","slug":"jane-kaufman-propaganda-a-pokracovani-valky-proti-rusku-na-ukrajine","status":"publish","type":"post","link":"https:\/\/www.infokuryr.cz\/n\/2022\/09\/22\/jane-kaufman-propaganda-a-pokracovani-valky-proti-rusku-na-ukrajine\/","title":{"rendered":"Jane Kaufman: Propaganda a pokra\u010dov\u00e1n\u00ed v\u00e1lky proti Rusku na Ukrajin\u011b"},"content":{"rendered":"<div id=\"fb-root\"><\/div>\n<p><a href=\"https:\/\/www.rt.com\/russia\/562847-us-propaganda-information-war-russia\/\">Amerika vede v\u00e1lku<\/a> proti Rusku nejen zbran\u011bmi, ale tak\u00e9 propagandou, kter\u00e1 je \u010d\u00edm d\u00e1l v\u00edc nestydat\u00e1, jak p\u00ed\u0161e nez\u00e1visl\u00fd zpravodaj Vitalij Sovin. Zrovna ned\u00e1vno, propaganda vyrukovala s\u00a0\u00fadajn\u00fdm n\u00e1kupem milion\u016f d\u011blov\u00fdch n\u00e1boj\u016f, kter\u00e9 pr\u00fd Rusov\u00e9 koupili od Severn\u00ed Koreje. John Kirby, koordin\u00e1tor americk\u00e9ho N\u00e1rodn\u00edho bezpe\u010dnostn\u00edho v\u00fdboru tuto informaci s\u00e1m ov\u011b\u0159oval a zjistil, \u017ee nen\u00ed jedin\u00fd d\u016fkaz toho, \u017ee by takov\u00fd obchod byl uzav\u0159en a ani nen\u00ed d\u016fkaz, \u017ee by se takov\u00e9 n\u00e1boje ocitly na boji\u0161ti na Ukrajin\u011b.<\/p>\n<p>U\u017e to, \u017ee Severn\u00ed Korea je pod p\u0159\u00edsn\u00fdm embargem zbran\u00ed, kter\u00e9 na ni uvalilo OSN, by zp\u016fsobilo, \u017ee vyv\u00e1\u017een\u00ed jak\u00e9hokoliv vojensk\u00e9ho materi\u00e1lu ze zem\u011b by bylo pova\u017eov\u00e1no za v\u00e1\u017en\u00fd p\u0159estupek. Tak\u00e9 p\u0159ed \u010dasem projedn\u00e1van\u00e1 nab\u00eddka 100 000 voj\u00e1k\u016f na Ukrajinu byla doopravdy nab\u00eddka pracovn\u00edk\u016f na vybudov\u00e1n\u00ed zem\u011b po v\u00e1lce.<\/p>\n<p>Proto je nutno p\u0159iznat, \u017ee je t\u011b\u017ek\u00e9 rozli\u0161it, kter\u00e9 zpr\u00e1vy jsou pravdiv\u00e9 a kter\u00e9 ne. K\u00a0tomu v\u0161emu je nutno p\u0159i\u010d\u00edst skute\u010dnost, \u017ee snad \u017e\u00e1dn\u00fd jin\u00fd konflikt, v\u00a0cel\u00e9 historii lidstva nebyl nikdy tak zkreslov\u00e1n, zveli\u010dov\u00e1n, \u010di zmen\u0161ov\u00e1n, p\u0159ekrucov\u00e1n a fal\u0161ov\u00e1n, jako je v\u00e1lka na Ukrajin\u011b.<\/p>\n<p><span style=\"font-size: 18pt;\"><strong>Hromadn\u00e9 hroby<\/strong><\/span><\/p>\n<p>V\u00a0sou\u010dasn\u00e9 dob\u011b byly pr\u00fd op\u011bt objeveny \u201ehromadn\u00e9 hroby\u201c v\u00a0Charkov\u011b, odkud p\u0159edt\u00edm Rusov\u00e9 vyt\u00e1hli, vypuzeni ukrajinskou arm\u00e1dou. To okam\u017eit\u011b ud\u011blalo z\u00a0rusk\u00e9ho Presidenta Putina p\u0159ed cel\u00fdm sv\u011btem v\u00e1le\u010dn\u00e9ho zlo\u010dince. Vedouc\u00ed EU Ursula von der Leyen se vyj\u00e1d\u0159ila, ani\u017e by m\u011bla pro sv\u00e9 tvrzen\u00ed jedin\u00fd d\u016fkaz, \u017ee: <em>\u201echce vid\u011bt Presidenta Putina st\u00e1t p\u0159ed mezin\u00e1rodn\u00edm krimin\u00e1ln\u00edm soudem, obvin\u011bn\u00e9ho z\u00a0v\u00e1le\u010dn\u00fdch zlo\u010din\u016f.\u201c<\/em> Od profesion\u00e1ln\u00edho politika, za kter\u00e9ho se pan\u00ed Ursula vyd\u00e1v\u00e1, by \u010dlov\u011bk \u010dekal v\u00edc politick\u00e9 obez\u0159etnosti.<\/p>\n<p>P\u0159i rozhovoru s\u00a0n\u011bmeckou televiz\u00ed \u0159ekla, \u017ee <em>\u201eTo, \u017ee Putin mus\u00ed tuto v\u00e1lku prohr\u00e1t a mus\u00ed se zodpov\u00eddat ze sv\u00fdch \u010din\u016f, je pro mne d\u016fle\u017eit\u00e9.\u201c<\/em><\/p>\n<p>K Mezin\u00e1rodn\u00edmu krimin\u00e1ln\u00edmu soudu nen\u00ed radno se dostavit osobn\u011b. Slobodan Milo\u0161evi\u010d byl p\u0159esv\u011bd\u010den, \u017ee si to m\u016f\u017ee dovolit, proto\u017ee byl nevinn\u00fd a jak skon\u010dil, to dob\u0159e v\u00edme.<\/p>\n<p>OSN \u00fadajn\u011b poslalo do m\u011bsta Izjum, kde se m\u00e1 hromadn\u00fd hrob (nebo hroby) nach\u00e1zet, sv\u00e9 odborn\u00edky. Zelensk\u00fd zase nazna\u010doval, \u017ee se tamt\u00e9\u017e nach\u00e1zej\u00ed mu\u010d\u00edrny, kter\u00e9 byly pou\u017e\u00edv\u00e1ny pro civilisty. Pr\u00fd je t\u011bch mu\u010d\u00edren celkem deset, v\u00a0r\u016fzn\u00fdch m\u011bstech a vesnic\u00edch a obsahuj\u00ed elektrick\u00e9 p\u0159\u00edstroje k\u00a0mu\u010den\u00ed.<\/p>\n<p>Vyskytly se i zpr\u00e1vy, \u017ee v\u00a0hromadn\u00fdch hrobech byli nalezeni lid\u00e9 s\u00a0opr\u00e1tkou kolem krku. A stejn\u011b rychle, jak se tyto alarmuj\u00edc\u00ed n\u00e1pisy objevily, \u00fam\u011brn\u011b rychle, v\u00a0tichosti, zmizely. Postupn\u011b p\u0159evl\u00e1dly n\u00e1zory odborn\u00edk\u016f, \u017ee hroby ve v\u00e1lce nejsou nic neobvykl\u00e9ho. Velk\u00e9 mno\u017estv\u00ed voj\u00e1k\u016f um\u00edr\u00e1 a mnoz\u00ed civilist\u00e9 tak\u00e9, nen\u00ed mo\u017en\u00e9 se tomu vyhnout.<\/p>\n<p>Rusov\u00e9 p\u0159evzali m\u011bsto Izjum po Ukrajinc\u00edch v\u00a0b\u0159eznu, co\u017e vy\u017eadovalo t\u011b\u017ek\u00e9 boje, kter\u00e9 trvaly cel\u00fd m\u011bs\u00edc. Pochopiteln\u011b, \u017ee bylo p\u0159itom hodn\u011b lid\u00ed zabito. A ve v\u00e1lce doopravdy nen\u00ed zp\u016fsob jak ur\u010dit, kter\u00e1 strana na pat\u0159i\u010dn\u00fd z\u00e1sah utrp\u00ed ztr\u00e1ty.<\/p>\n<p>Americk\u00e1 zpravodajsk\u00e1 agentura \u201eAssociated Press\u201c se rovn\u011b\u017e dostavila na m\u00edsto a vydala fotografii \u201ehromadn\u00e9ho hrobu.\u201c Byl to prost\u00fd, d\u0159ev\u011bn\u00fd k\u0159\u00ed\u017e (foto na str\u00e1nce shora zlinkovan\u00e9), kter\u00fd m\u011bl naps\u00e1no, \u017ee v\u00a0tom m\u00edst\u011b je pochov\u00e1no 17 ukrajinsk\u00fdch voj\u00e1k\u016f. V\u0161ecky ostatn\u00ed hroby kolem byly jednotliv\u00e9 hroby.<\/p>\n<p><span style=\"font-size: 18pt;\"><strong>P\u0159ekvapiv\u011b, Mirotvorec nen\u00ed Ukrajinec<\/strong><\/span><\/p>\n<p>Jeremy Kuzmarov, redaktor <a href=\"https:\/\/covertactionmagazine.com\/2022\/09\/19\/ukrainian-hit-list-publishes-names-and-addresses-of-alleged-russian-propagandists-turns-out-to-be-based-not-in-ukraine-but-in-langley-va-where-cia-headquarters-is\/\">internetov\u00e9 str\u00e1nky<\/a> \u201eCovertAction\u201c zjistil, \u017ee pohor\u0161uj\u00edc\u00ed internetov\u00fd seznam, nazvan\u00fd \u201e<a href=\"https:\/\/www.google.com\/url?sa=t&amp;rct=j&amp;q=&amp;esrc=s&amp;source=web&amp;cd=&amp;ved=2ahUKEwjLtZuToKT6AhVMmWoFHeg_C_QQFnoECAYQAQ&amp;url=https%3A%2F%2Fmyrotvorets.center%2F&amp;usg=AOvVaw1xgWNTFjdnlMJaz-D2waOk\">Mirotvorec<\/a>,\u201c kter\u00fd obsahuje jm\u00e9na, osobn\u00ed \u00fadaje, adresy a telefonn\u00ed \u010d\u00edsla tak zvan\u00fdch rusk\u00fdch propagandist\u016f, ur\u010den\u00fdch k\u00a0likvidaci, nen\u00ed vyd\u00e1v\u00e1n na Ukrajin\u011b, jak se p\u016fvodn\u011b myslelo. Tento seznam m\u00e1 sv\u016fj p\u016fvod v\u00a0Langley, v\u00a0Americe, p\u0159\u00edmo tam, kde s\u00eddl\u00ed americk\u00e9 CIA. Je to op\u011bt dal\u0161\u00ed n\u00e1stroj americk\u00e9 propagandy.<\/p>\n<p>Podle jist\u00e9ho z\u00e1kona podporuje americk\u00fd Kongres organizaci, zvanou \u201eUkrajinsk\u00e9 centrum pro \u010delen\u00ed disinformac\u00edm\u201c (Ukrainian Center for Countering Disinformation), jej\u00ed\u017e zam\u011b\u0159en\u00ed m\u011blo b\u00fdt proti rusk\u00fdm disinformac\u00edm. Ale ve skute\u010dnosti se zab\u00fdvaj\u00ed udr\u017eov\u00e1n\u00edm seznamu osob s n\u00e1zvem Mirotvorec, kter\u00fd ozna\u010duje ty, kter\u00e9 je nutno zavra\u017edit. Seznam obsahuje ka\u017ed\u00e9ho, kdo by se jedn\u00edm slovem zm\u00ednil proti Ukrajin\u011b, anebo by jakkoliv kladn\u011b mluvil o Rusku. I Henry Kissinger je v\u00a0n\u011bm obsa\u017een, Sen\u00e1tor Rand Paul je tam t\u00e9\u017e a i Michail Gorba\u010dev se tam nach\u00e1zel, kv\u016fli jak\u00e9musi nepatrn\u00e9mu v\u00fdroku, kter\u00e9ho by si norm\u00e1ln\u00ed lid\u00e9 ani nev\u0161imli. Kdy\u017e Gorba\u010dev zem\u0159el, byl na seznamu ozna\u010den jako \u00fasp\u011b\u0161n\u00e1 likvidace.<\/p>\n<p>Mirotvorec tak\u00e9 obsahuje seznam v\u00edce ne\u017e 300 d\u011bt\u00ed. Mezi nimi je i 13-let\u00e1 Faina Savenkova, kter\u00e1 napsala na spole\u010densk\u00e9 str\u00e1nky jak je to stra\u0161n\u00e9, kdy\u017e jsou neust\u00e1le napad\u00e1ni ukrajinsk\u00fdmi vojsky. Mnoho lid\u00ed, na seznamu obsa\u017een\u00fdch, bylo ji\u017e zlikvidov\u00e1no.<\/p>\n<p>Scott Ritter, p\u016fvodn\u011b rozv\u011bd\u010d\u00edk americk\u00e9ho n\u00e1mo\u0159nictva, kter\u00fd odhalil podvod se zbran\u011bmi hromadn\u00e9ho ni\u010den\u00ed v\u00a0Ir\u00e1ku, je rovn\u011b\u017e zahrnut v\u00a0seznamu \u201enep\u0159\u00e1tel Ukrajiny.\u201c Ritter byl jeden z\u00a0m\u00e1la, kte\u0159\u00ed protestovali proti tomu, aby byly pen\u00edze americk\u00fdch da\u0148ov\u00fdch poplatn\u00edk\u016f vyu\u017e\u00edv\u00e1ny na podporu ukrajinsk\u00e9 vl\u00e1dy.<\/p>\n<p><img decoding=\"async\" loading=\"lazy\" class=\"alignnone  wp-image-15483 aligncenter\" src=\"http:\/\/www.infokuryr.cz\/n\/wp-content\/uploads\/2022\/09\/obr.1-2-300x280.jpg\" alt=\"\" width=\"396\" height=\"370\" srcset=\"https:\/\/www.infokuryr.cz\/n\/wp-content\/uploads\/2022\/09\/obr.1-2-300x280.jpg 300w, https:\/\/www.infokuryr.cz\/n\/wp-content\/uploads\/2022\/09\/obr.1-2.jpg 512w\" sizes=\"(max-width: 396px) 100vw, 396px\" \/><\/p>\n<p>Tak\u00e9 odhalil skute\u010dnost, \u017ee se ukrajinsk\u00fd banderovsk\u00fd terorismus roz\u0161\u00ed\u0159il i do Ameriky. P\u0159\u00edmo v\u00a0jeho bl\u00edzkosti, tam, kde bydl\u00ed, ve st\u00e1t\u011b New York \u017eije mnoho Ukrajinc\u016f, kte\u0159\u00ed jsou p\u0159\u00edm\u00ed vyznava\u010di \u0160t\u011bp\u00e1na Bandery, nacistick\u00e9ho spolupracovn\u00edka ze 2. sv\u011btov\u00e9 v\u00e1lky a hromadn\u00e9ho vraha. Je zaj\u00edmav\u00e9, \u017ee Banderovi bylo jaksi podivn\u011b prominuto i to, \u017ee on a jeho horda n\u00e1sledovn\u00edk\u016f zavra\u017edili 4 000 \u017did\u016f ve Lvov\u011b, s\u00a0pou\u017eit\u00edm pu\u0161ek, pistol\u00ed, ale i kovov\u00fdch ty\u010d\u00ed.<\/p>\n<p>Zelensk\u00fd a jeho vl\u00e1da dnes stav\u00ed Banderovi pomn\u00edky (viz obr\u00e1zek) a pojmenov\u00e1vaj\u00ed po n\u011bm ulice. Na obr\u00e1zku je na jedn\u00e9 stran\u011b sochy ukrajinsk\u00fd prapor, na druh\u00e9 stran\u011b je \u010derveno-\u010dern\u00fd, anarchistick\u00fd. V\u00a0pozad\u00ed je dal\u0161\u00ed anarchistick\u00fd prapor a oba se zdaj\u00ed b\u00fdt vy\u0161\u0161\u00ed ne\u017e ten ukrajinsk\u00fd. To je u praporu d\u016fle\u017eit\u00e9, ten hlavn\u00ed prapor je v\u017edycky nejv\u00fd\u0161. Tak\u017ee Zelensk\u00e9ho Ukrajina je anarchie, co\u017e je BLM, Antifa a snad i ISIS a podobn\u00ed terorist\u00e9!<\/p>\n<p>Ritter si znep\u0159\u00e1telil Ukrajince ji\u017e t\u00edm, \u017ee vyjevil, \u017ee NATO m\u00e1 z\u00e1kladny p\u0159\u00edmo na Ukrajin\u011b, \u017ee v\u00e1lka je spor mezi Ruskem a Spojen\u00fdmi st\u00e1ty v\u00a0zastoupen\u00ed a \u017ee sankce ubl\u00ed\u017e\u00ed v\u00edc Evrop\u011b a Americe, ne\u017e Rusku. A pokra\u010doval t\u00edm, \u017ee pe\u010dliv\u011b analyzoval situaci se zavra\u017ed\u011bn\u00fdmi lidmi v\u00a0ukrajinsk\u00e9m m\u011bst\u011b Bu\u010da, na z\u00e1klad\u011b \u010deho\u017e do\u0161el k\u00a0n\u00e1zoru, \u017ee \u00fatoky byly provedeny t\u011bmi, kte\u0159\u00ed spadaj\u00ed pod ukrajinskou vl\u00e1du.<\/p>\n<p><span style=\"font-size: 18pt;\"><strong>Ciz\u00ed \u017eoldn\u00e9\u0159i se zat\u00edm trefuj\u00ed do civilist\u016f<\/strong><\/span><\/p>\n<p><a href=\"https:\/\/tass.com\/politics\/1506371\">V\u00a0charkovsk\u00e9 oblasti<\/a>, kterou znovu zabrali Ukrajinci, se nach\u00e1z\u00ed odhadem asi 2000 ciz\u00edch \u017eold\u00e1k\u016f ze Spojen\u00fdch st\u00e1t\u016f, z Brit\u00e1nie, Polska a jin\u00fdch zem\u00ed, kte\u0159\u00ed bojuj\u00ed na stran\u011b Ukrajiny proti Rusku. Pot\u00e9, co odtud Rusov\u00e9 vyt\u00e1hli, Ukrajinci tato m\u00edsta okam\u017eit\u011b obsadili a hned za\u010dali \u010distky mezi obyvatelstvem. A zat\u00edm se ciz\u00ed \u017eold\u00e1ci bav\u00ed t\u00edm, \u017ee jezd\u00ed dokola kolem a st\u0159\u00edlej\u00ed po obyvatel\u00edch, co\u017e z\u00e1rove\u0148 filmuj\u00ed, se z\u00e1m\u011brem pou\u017e\u00edt tyto z\u00e1b\u011bry jako d\u016fkaz, \u017ee to byli Rusov\u00e9, kte\u0159\u00ed obyvatele m\u011bst vra\u017edili. Kdy\u017e u\u017e se ob\u010das n\u011bkomu poda\u0159\u00ed odtud ut\u00e9ct a dostane se na ruskou stranu, pak vypr\u00e1v\u00ed o stra\u0161n\u00fdch v\u011bcech, kter\u00e9 se v\u00a0t\u011bch m\u00edstech d\u011bj\u00ed. Lid\u00e9 jsou mu\u010deni, vra\u017ed\u011bni a jejich mrtvoly se voln\u011b povaluj\u00ed po ulic\u00edch.<\/p>\n<p><span style=\"font-size: 18pt;\"><strong>\u00datok NATO na Charkov<\/strong><\/span><\/p>\n<p><a href=\"https:\/\/halturnerradioshow.com\/index.php\/en\/news-page\/world\/every-3rd-soldier-in-the-kharkiv-offensive-of-the-armed-forces-of-ukraine-is-a-citizen-of-a-nato-country\">\u00datok na Charkov, pomoc\u00ed<\/a> kter\u00e9ho se Ukrajinc\u016fm poda\u0159ilo vypudit Rusy z ji\u017e zabran\u00fdch \u00fazem\u00ed, byl napl\u00e1nov\u00e1n americk\u00fdm veden\u00edm a pou\u017eil 200 kus\u016f t\u011b\u017ek\u00fdch zbran\u00ed, spolu s\u00a09000 voj\u00e1ky. Byl to \u00fatvar 4-5x v\u011bt\u0161\u00ed, ne\u017e jak\u00e9 zastoupen\u00ed m\u011bli v\u00a0m\u00edst\u011b Rusov\u00e9 spolu s\u00a0Don\u011bckou a Luganskou arm\u00e1dou. Hlavn\u00ed c\u00edl \u00fatoku byl napadnout okraje, obkl\u00ed\u010dit rusk\u00e9 vojsko a zni\u010dit je n\u011bkde v\u00a0okol\u00ed m\u011bst Balakleja, Kupjansk a Izjum.<\/p>\n<p>Podle informac\u00ed z\u00a0boji\u0161t\u011b, prohl\u00eddka mrtv\u00fdch t\u011bl potvrdila, \u017ee ka\u017ed\u00fd t\u0159et\u00ed voj\u00e1k tak zvan\u00e9 ukrajinsk\u00e9 arm\u00e1dy byl ob\u010dan NATO zem\u011b. Tak\u017ee to byl ve skute\u010dnosti \u00fatok NATO proti Rusku.<\/p>\n<p>Rusov\u00e9 \u00fatok p\u0159edv\u00eddali a tak\u00e9 v\u011bd\u011bli, \u017ee s\u00a0po\u010dtem voj\u00e1k\u016f, kter\u00e9 m\u011bli k dispozici, nebyli schopni se p\u0159esile ubr\u00e1nit. Rovn\u011b\u017e tak nebyl \u010das a ani mo\u017enost p\u0159esunout pomocn\u00e9 odd\u00edly odjinud, proto\u017ee tyto byly pln\u011b vyt\u00ed\u017eeny tam, kde se pr\u00e1v\u011b nach\u00e1zely. Jak je vid\u011bt, ukrajinsk\u00e1 arm\u00e1da se p\u0159\u00edlivem NATO a americk\u00fdch voj\u00e1k\u016f neust\u00e1le rozr\u016fst\u00e1!<\/p>\n<p>Proto se Rusov\u00e9 rozhodli ustoupit z\u00a0m\u00edst, kter\u00e1 by nebyli schopni ubr\u00e1nit a pos\u00edlit t\u00edm pozice tam, kde byla obrana mo\u017en\u00e1. Ne\u017e k\u00a0tomu do\u0161lo, odstranili z\u00a0t\u011bchto m\u00edst asi 5000 m\u00edstn\u00edch obyvatel a na jejich \u017e\u00e1dost je p\u0159esunuli na \u00fazem\u00ed Ruska. T\u00edm, \u017ee v\u010das ustoupili, tak sou\u010dasn\u011b zabr\u00e1nili proveden\u00ed americk\u00e9ho pl\u00e1nu, podle kter\u00e9ho m\u011bli b\u00fdt obkl\u00ed\u010deni a zni\u010deni.<\/p>\n<p>Ov\u0161em Rusov\u00e9 se dopustili n\u011bkolika podstatn\u00fdch chyb. Jednak nevyslali rozv\u011bdky, tak\u017ee nem\u011bli p\u0159esn\u00e9 zpr\u00e1vy o postupu nep\u0159\u00edtele. Tak\u00e9 za sebou nezaminovali \u00fazem\u00ed, aby jim znesnadnili postup. Ru\u0161t\u00ed voj\u00e1ci nem\u011bli pot\u0159ebn\u00e9 protitankov\u00e9 zbran\u011b a bylo jich na sty\u010dn\u00e9 linii p\u0159\u00edli\u0161 m\u00e1lo. T\u00edm p\u00e1dem i kryt\u00ed ustupuj\u00edc\u00edho vojska proti d\u011blov\u00fdm \u00fatok\u016fm nebylo zpo\u010d\u00e1tku to nejlep\u0161\u00ed. P\u0159esto utrp\u011bli minim\u00e1ln\u00ed ztr\u00e1ty, zat\u00edm co ukrajinsk\u00e1 strana byla mocn\u011b zasa\u017eena a mnoho voj\u00e1k\u016f padlo.<\/p>\n<p>T\u00edmto \u00fatokem ov\u0161em v\u00e1lka na Ukrajin\u011b zm\u011bnila sm\u011br a nyn\u00ed je to v\u00e1lka NATO proti Rusku. Po prostudov\u00e1n\u00ed situace do\u0161li ru\u0161t\u00ed vojen\u0161t\u00ed analyst\u00e9 k\u00a0z\u00e1v\u011bru, \u017ee ta nejlep\u0161\u00ed strategie bude od\u0159\u00edznout NATO-ukrajinsk\u00e9 odd\u00edly od z\u00e1sobov\u00e1n\u00ed. V\u0161echny p\u0159\u00edstupov\u00e9 cesty, mosty a silnice mus\u00ed b\u00fdt zablokov\u00e1ny nebo zni\u010deny. Rovn\u011b\u017e mus\u00ed b\u00fdt zni\u010dena ve\u0161ker\u00e1 vlakov\u00e1 doprava, kter\u00e1 m\u00e1 b\u00fdt neopraviteln\u011b zbavena elekt\u0159iny. Podle n\u00e1zor\u016f ciz\u00edch odborn\u00edk\u016f m\u011bli toto prov\u00e9st ji\u017e d\u00e1vno.<\/p>\n<p><span style=\"font-size: 18pt;\"><strong>Spojen\u00e9 st\u00e1ty proti Rusku<\/strong><\/span><\/p>\n<p><a href=\"https:\/\/www.rt.com\/russia\/562808-antonov-us-meddling-ukraine\/\">\u017de v\u00a0t\u00e9to v\u00e1lce<\/a> jsou jako dal\u0161\u00ed \u00fa\u010dastn\u00edk i Spojen\u00e9 st\u00e1ty, je naprosto zjevn\u00e9. Washington se dokonce ve\u0159ejn\u011b chlub\u00ed, \u017ee ukrajinsk\u00e9 \u00fasp\u011bchy na boji\u0161ti byly doc\u00edleny pouze d\u00edky zbran\u00edm, kter\u00e9 Ukrajinc\u016fm poslali. Videa, kter\u00e1 voj\u00e1ci vyd\u00e1vaj\u00ed ven a rozhovory novin\u00e1\u0159\u016f s\u00a0ukrajinsk\u00fdmi vojsky rovn\u011b\u017e dokazuj\u00ed, \u017ee p\u0159\u00edli\u0161 mnoho d\u016fstojn\u00edk\u016f ukrajinsk\u00e9 arm\u00e1dy mluv\u00ed plynn\u011b anglicky a to bu\u010f americkou, nebo britskou Angli\u010dtinou.<\/p>\n<p>Rusk\u00fd vyslanec ve Washingtonu, Anatolij Antonov se vyj\u00e1d\u0159il, \u017ee U.S. d\u011blaly v\u0161ecko co mohly, aby z\u00a0Ukrajiny vytvo\u0159ily odbyti\u0161t\u011b pro sv\u00e9 zastaral\u00e9 vojensk\u00e9 vybaven\u00ed. To se samoz\u0159ejm\u011b velice zamlouvalo americk\u00e9mu zbroja\u0159sk\u00e9mu pr\u016fmyslu, kter\u00fd te\u010f m\u016f\u017ee vyr\u00e1b\u011bt nov\u00e9 zbran\u011b a ne\u00fam\u011brn\u011b na tom bohatnout.<\/p>\n<p>Podle vyj\u00e1d\u0159en\u00ed Pentagonu, od r. 2014 poslala Amerika na Ukrajinu v\u00edce ne\u017e za 17,2 miliard dolar\u016f vojensk\u00e9 a finan\u010dn\u00ed pomoci a od \u00fanora leto\u0161n\u00edho roku k\u00a0tomu p\u0159ibylo za dal\u0161\u00edch 14,5 miliard dolar\u016f. Jejich hlavn\u00ed c\u00edl je porazit Rusko za ka\u017edou cenu a zabr\u00e1nit, aby mohlo v\u00a0budoucnosti zauj\u00edmat jakoukoliv vedouc\u00ed \u00falohu. Cht\u011bj\u00ed \u2013 pokud mo\u017eno \u2013 rozb\u00edt Rusko na kousky a k\u00a0tomu \u00fa\u010delu budou Ukrajinu hn\u00e1t do t\u011bch nejnesmysln\u011bj\u0161\u00edch sebevra\u017eedn\u00fdch \u00fatok\u016f, jak\u00e9 si dovedou vymyslet.<\/p>\n<p>Antonov \u0159\u00edk\u00e1, \u017ee <em>\u201epouze velmi naivn\u00ed a kr\u00e1tkozrac\u00ed politikov\u00e9, kte\u0159\u00ed neznaj\u00ed historii, mohou v\u011b\u0159it, \u017ee U.S. a NATO v\u00e1lku proti Rusku vyhraj\u00ed. Rusk\u00fd \u00fakol je polo\u017eit z\u00e1klady nov\u00e9ho, multipol\u00e1rn\u00edho sv\u011bta a naprosto t\u00edm vy\u0159\u00eddit americk\u00fd syst\u00e9m, zalo\u017een\u00fd na p\u0159\u00edkazech a rozkazech. Proto z\u00e1konit\u011b mus\u00ed vyhr\u00e1t.\u201c<\/em><\/p>\n<p><a href=\"https:\/\/www.rt.com\/russia\/562888-moscow-red-line-us-ukraine\/\">Dnes Ukrajina po\u017eaduje<\/a> od Ameriky rakety s\u00a0dalek\u00fdm dost\u0159elem, a\u017e do 300 km, z\u00a0\u010deho\u017e je zjevn\u00e9, \u017ee cht\u011bj\u00ed \u00fato\u010dit p\u0159\u00edmo na Rusko. Kdy\u017e se o tom Rusov\u00e9 dov\u011bd\u011bli, tak prohl\u00e1sili, \u017ee n\u011bco takov\u00e9ho nen\u00ed p\u0159\u00edpustn\u00e9 a jestli tyto zbran\u011b dostanou, pak se jedn\u00e1 o otev\u0159enou v\u00e1lku, se v\u0161\u00edm v\u0161udy, snad i s\u00a0jadern\u00fdmi zbran\u011bmi. Z\u00e1rove\u0148 se t\u00edm st\u00e1vaj\u00ed Spojen\u00e9 st\u00e1ty spoluvin\u00edkem na v\u00e1le\u010dn\u00fdch zlo\u010dinech na Ukrajin\u011b.<\/p>\n<p>Mluv\u010d\u00ed Ministerstva zahrani\u010d\u00ed, Maria Zacharova \u0159ekla, \u017ee \u201e<em>n\u011bco takov\u00e9ho by p\u0159ekro\u010dilo \u010dervenou \u010d\u00e1ru a (Spojen\u00e9 st\u00e1ty) by se staly jednou ze stran v\u00e1le\u010dn\u00e9ho konfliktu. Bylo by to na stejn\u00e9 \u00farovni jakoby byly dod\u00e1ny n\u011bkter\u00e9 mezin\u00e1rodn\u011b zak\u00e1zan\u00e9 zbran\u011b.\u201c<\/em><\/p>\n<p>Rovn\u011b\u017e obvinila Spojen\u00e9 st\u00e1ty ze snahy o glob\u00e1ln\u00ed destabilizaci a snahu o nov\u00e9, horliv\u00e9 zbrojen\u00ed, bez ohledu na smlouvy o odzbrojen\u00ed, kter\u00e9 v\u0161ichni z\u00fa\u010dastn\u011bn\u00ed podepsali.<\/p>\n<p>Washington se nap\u0159ed zarazil, ale st\u00e1le d\u00e1l uva\u017euj\u00ed, jestli Ukrajinc\u016fm tyto nebezpe\u010dn\u00e9 zbran\u011b d\u00e1t \u010di ne. Rusk\u00fd vyslanec Antonov je toho n\u00e1zoru, \u017ee nakonec tyto zbran\u011b na Ukrajinu dodaj\u00ed, tak\u017ee t\u00edm dojde k\u00a0otev\u0159en\u00e9 v\u00e1le\u010dn\u00e9 konfrontaci Spojen\u00fdch st\u00e1t\u016f proti Rusku. Obvinil tak\u00e9 Washington z\u00a0toho, \u017ee z\u00e1m\u011brn\u011b proti Rusku Kyjev popichuje. Jejich v\u00fdmluvy, \u017ee nejsou ve v\u00e1lce na Ukrajin\u011b nijak zam\u00edch\u00e1ni, jsou nesmysln\u00e9 a nepodlo\u017een\u00e9.<\/p>\n<p><span style=\"font-size: 18pt;\"><strong>Rusko se poji\u0161\u0165uje i z\u00a0druh\u00e9 strany<\/strong><\/span><\/p>\n<p><a href=\"https:\/\/sputniknews.com\/20220919\/lpr-civic-chamber-calls-to-immediately-hold-referendum-to-make-lugansk-part-of-russia-1100970813.html\">Civiln\u00ed komora<\/a> Lugansk\u00e9 lidov\u00e9 republiky vydala pr\u00e1v\u011b prohl\u00e1\u0161en\u00ed, kter\u00e9 vy\u017eadovalo referendum v\u0161ech ob\u010dan\u016f, ve v\u011bci p\u0159ipojen\u00ed Republiky k\u00a0Rusku. Poznamenali k\u00a0tomu, \u017ee n\u011bco takov\u00e9ho je historicky podlo\u017eeno a opodstatn\u011bno. Dod\u00e1 to n\u00e1rodu zabezpe\u010den\u00ed a zajist\u00ed to do budoucna spokojen\u00fd \u017eivot.<\/p>\n<p><a href=\"https:\/\/tass.com\/politics\/1510175\">Lugansk se ve skute\u010dnosti<\/a> p\u0159idal k\u00a0Don\u011bck\u00e9 republice, kter\u00e1 \u017e\u00e1dala tot\u00e9\u017e. Spole\u010dn\u011b cht\u011bj\u00ed, aby byly v\u00fdsledky pl\u00e1novan\u00e9ho referenda prov\u011b\u0159eny a potvrzeny \u0160anghajskou koopera\u010dn\u00ed organizac\u00ed a zem\u011bmi, kter\u00e9 jsou \u010dleny BRICS. Rodion Miro\u0161nik, ambas\u00e1dor Lugansk\u00e9 republiky v\u00a0Rusku prohl\u00e1sil: <em>\u201e\u017d\u00e1d\u00e1me (o dohled nad referendem) st\u00e1ty, kter\u00e9 nejsou zaujat\u00e9 v\u016f\u010di tomu, \u010d\u00edm na\u0161e zem\u011b proch\u00e1z\u00ed a p\u0159iv\u00edt\u00e1me je r\u00e1di u t\u011bchto voleb \u2026 aby sami vid\u011bli, \u017ee lid\u00e9 z\u00a0Donbasu se opravdu cht\u011bj\u00ed st\u00e1t sou\u010d\u00e1st\u00ed Ruska.\u201c<\/em> Prohl\u00e1sil d\u00e1le, \u017ee na n\u00e1zoru Z\u00e1padn\u00edch zem\u00ed jim nez\u00e1le\u017e\u00ed, proto\u017ee tyto uk\u00e1zaly svoji pravou tv\u00e1\u0159 t\u00edm, \u017ee na Donbas \u00fato\u010d\u00ed.<\/p>\n<p>Zde si mus\u00edme uv\u011bdomit pro\u010d k\u00a0t\u00e9to v\u00e1lce do\u0161lo. Ve\u0161ker\u00fd d\u016fvod byl ten, \u017ee se Donbas cht\u011bl osamostatnit. Nem\u011bli v \u00famyslu odtrhnout se od Ukrajiny, cht\u011bli b\u00fdt pouze samospr\u00e1vn\u00e9 \u00fazem\u00ed. Zbytek Ukrajiny jimi stejn\u011b otev\u0159en\u011b pohrdal, byli v\u0161ude neust\u00e1le poni\u017eov\u00e1ni, odst\u0159elov\u00e1ni a t\u00fdr\u00e1ni \u2026 a z\u00a0takov\u00e9 politick\u00e9 malichernosti vytvo\u0159ily Spojen\u00e9 st\u00e1ty ve spolupr\u00e1ci s\u00a0Evropskou uni\u00ed a NATO celosv\u011btov\u00fd konflikt! Tak\u017ee \u2013 v\u00e1le\u010dn\u00ed \u0161tv\u00e1\u010di? Rozhodn\u011b!<\/p>\n<p>N\u011bco takov\u00e9ho, kdy\u017e se cel\u00fd Donbas p\u0159ipoj\u00ed k\u00a0Rusku, ov\u0161em znamen\u00e1, \u017ee kdy\u017e by pak Ukrajinci pokra\u010dovali ve st\u0159\u00edlen\u00ed na toto \u00fazem\u00ed, tak by st\u0159\u00edleli na Rusk\u00e9 \u00fazem\u00ed. K\u00a0tomu \u00fa\u010delu jednak maj\u00ed zak\u00e1z\u00e1no pou\u017e\u00edvat vysp\u011blej\u0161\u00ed americk\u00e9 zbran\u011b, jako na p\u0159\u00edklad HIMARS rakety.<\/p>\n<p>A za druh\u00e9, t\u00edm by vznikla otev\u0159en\u00e1 v\u00e1lka proti Rusku. Tak\u017ee Rusko by pak zmobilizovalo celou arm\u00e1du a \u0161li by bojovat proti Spojen\u00fdm st\u00e1t\u016fm a NATO na ukrajinsk\u00e9 p\u016fd\u011b a s\u00a0nejv\u011bt\u0161\u00ed pravd\u011bpodobnost\u00ed i d\u00e1le v\u00a0Evrop\u011b a ve sv\u011bt\u011b. Ke ka\u017ed\u00e9 z\u00a0t\u011bchto dvou stran by se postupem \u010dasu p\u0159idaly dal\u0161\u00ed n\u00e1rody a m\u00e1me 3. sv\u011btovou v\u00e1lku, tu tou\u017eebn\u011b vysn\u011bnou v\u00e1lku americk\u00fdch a britsk\u00fdch kapitalist\u016f, kte\u0159\u00ed se na ni nedo\u010dkav\u011b t\u0159esou ji\u017e od konce t\u00e9 2. sv\u011btov\u00e9.<\/p>\n<p><span style=\"font-size: 18pt;\"><strong>Budou ob\u010dan\u00e9 Donbasu s\u00a0p\u0159ipojen\u00edm k\u00a0Rusku souhlasit?<\/strong><\/span><\/p>\n<p><a href=\"https:\/\/sputniknews.com\/20220920\/poll-over-90-of-people-in-dpr-and-lpr-support-republics-joining-russia-1101016098.html\">Podle internetov\u00e9ho zpravodajstv\u00ed<\/a> Sputnik, k\u00a0\u017e\u00e1dostem o p\u0159ipojen\u00ed k\u00a0Rusku se p\u0159idala Chersonsk\u00e1 a Z\u00e1poro\u017esk\u00e1 oblast. Podle p\u0159edb\u011b\u017en\u00e9ho hlasov\u00e1n\u00ed, p\u0159ev\u00e1\u017en\u00e1 v\u011bt\u0161ina obyvatel t\u011bchto zem\u00ed souhlas\u00ed s p\u0159ipojen\u00edm. V\u00a0Don\u011bcku to bylo 94% pro p\u0159ipojen\u00ed, v\u00a0Lugansku 93%, Cherson 80% a Z\u00e1poro\u017e\u00ed 87%. Skoro v\u0161ichni souhlas\u00ed t\u00e9\u017e s\u00a0t\u00edm, z\u00fa\u010dastnit se voleb p\u0159i referendu, kter\u00e9 se bude konat 23. a\u017e 27. z\u00e1\u0159\u00ed.<\/p>\n<p><a href=\"https:\/\/tass.com\/politics\/1510623\">Ve stejn\u00e9 dob\u011b vyhl\u00e1sil<\/a> rusk\u00fd President Vladim\u00edr Putin, \u017ee t\u0159i dal\u0161\u00ed kavkazsk\u00e9 republiky \u017e\u00e1daj\u00ed o p\u0159ipojen\u00ed k\u00a0Rusku, co\u017e pova\u017eoval za velmi dobr\u00e9 rozhodnut\u00ed, hodn\u00e9 oslav. Jsou to republiky Adygea, Kabardinsko-Balkarsko a Kara\u010dajevsko-\u010cerkesko, kter\u00e9 se odtrhly od tehdej\u0161\u00edho Sov\u011btsk\u00e9ho svazu v\u00a0r. 1922. Tak\u017ee dnes, u p\u0159\u00edle\u017eitosti stolet\u00e9ho v\u00fdro\u010d\u00ed t\u00e9to ud\u00e1losti se op\u011bt zp\u00e1tky p\u0159ipojuj\u00ed k p\u016fvodn\u00edmu celku.<\/p>\n<p><strong>Podle dne\u0161n\u00edch zpr\u00e1v, Rusov\u00e9 zah\u00e1jili mobilizaci. Pr\u00fd zat\u00edm \u010d\u00e1ste\u010dnou.<\/strong><\/p>\n<p><em><strong>Jane Kaufman, 21, z\u00e1\u0159\u00ed 2022<\/strong><\/em><\/p>\n<p>________________________________________________________<\/p>\n<p style=\"text-align: center;\"><span style=\"font-size: 18pt; color: #ff0000;\"><strong><a style=\"color: #ff0000;\" href=\"http:\/\/www.infokuryr.cz\/n\/2022\/09\/13\/skandal-v-spd-kontroversni-a-pravomocne-odsouzeny-tomas-jarolim-na-kandidatce-teplicke-spd\/\">\u010ct\u011bte zde: Pravomocn\u011b odsouzen\u00fd Tom\u00e1\u0161 Jarol\u00edm na kandid\u00e1tce SPD<\/a><\/strong><\/span><\/p>\n<p>&nbsp;<\/p>\n<p>&nbsp;<\/p>\n","protected":false},"excerpt":{"rendered":"<p>Amerika vede v\u00e1lku proti Rusku nejen zbran\u011bmi, ale tak\u00e9 propagandou, kter\u00e1 je \u010d\u00edm d\u00e1l v\u00edc&#8230;<\/p>\n","protected":false},"author":2,"featured_media":8574,"comment_status":"closed","ping_status":"closed","sticky":false,"template":"","format":"standard","meta":[],"categories":[6],"tags":[416,39,1051,22,26,37],"_links":{"self":[{"href":"https:\/\/www.infokuryr.cz\/n\/wp-json\/wp\/v2\/posts\/15482"}],"collection":[{"href":"https:\/\/www.infokuryr.cz\/n\/wp-json\/wp\/v2\/posts"}],"about":[{"href":"https:\/\/www.infokuryr.cz\/n\/wp-json\/wp\/v2\/types\/post"}],"author":[{"embeddable":true,"href":"https:\/\/www.infokuryr.cz\/n\/wp-json\/wp\/v2\/users\/2"}],"replies":[{"embeddable":true,"href":"https:\/\/www.infokuryr.cz\/n\/wp-json\/wp\/v2\/comments?post=15482"}],"version-history":[{"count":0,"href":"https:\/\/www.infokuryr.cz\/n\/wp-json\/wp\/v2\/posts\/15482\/revisions"}],"wp:featuredmedia":[{"embeddable":true,"href":"https:\/\/www.infokuryr.cz\/n\/wp-json\/wp\/v2\/media\/8574"}],"wp:attachment":[{"href":"https:\/\/www.infokuryr.cz\/n\/wp-json\/wp\/v2\/media?parent=15482"}],"wp:term":[{"taxonomy":"category","embeddable":true,"href":"https:\/\/www.infokuryr.cz\/n\/wp-json\/wp\/v2\/categories?post=15482"},{"taxonomy":"post_tag","embeddable":true,"href":"https:\/\/www.infokuryr.cz\/n\/wp-json\/wp\/v2\/tags?post=15482"}],"curies":[{"name":"wp","href":"https:\/\/api.w.org\/{rel}","templated":true}]}}