{"id":15475,"date":"2022-09-22T04:14:56","date_gmt":"2022-09-22T02:14:56","guid":{"rendered":"http:\/\/www.infokuryr.cz\/n\/?p=15475"},"modified":"2022-09-22T04:14:56","modified_gmt":"2022-09-22T02:14:56","slug":"priorita-stanu-v-praze-je-novy-holubnik-ne-to-neni-vtip-povede-holubnik-slepicak-hlubucek","status":"publish","type":"post","link":"https:\/\/www.infokuryr.cz\/n\/2022\/09\/22\/priorita-stanu-v-praze-je-novy-holubnik-ne-to-neni-vtip-povede-holubnik-slepicak-hlubucek\/","title":{"rendered":"Priorita STANu v Praze je nov\u00fd holubn\u00edk. Ne, to nen\u00ed vtip! Povede holubn\u00edk \u201eslepi\u010d\u00e1k\u201c Hlubu\u010dek?!"},"content":{"rendered":"<div id=\"fb-root\"><\/div>\n<p>Pra\u017esk\u00e1 organizace korupc\u00ed zm\u00edtan\u00e9ho hnut\u00ed STAN se rozhodla p\u0159ij\u00edt s novou prioritou pro nadch\u00e1zej\u00edc\u00ed komun\u00e1ln\u00ed volby. T<b>rh\u00e1kem pro voli\u010de m\u00e1 b\u00fdt podle sou\u010dasn\u00e9 n\u00e1m\u011bstkyn\u011b MHMP J. Plam\u00ednkov\u00e9 nov\u00fd holubn\u00edk na Mari\u00e1nsk\u00e9m n\u00e1m\u011bst\u00ed na Praze 1. nedaleko radnice. Holubn\u00edk bude st\u00e1t 142 000 K\u010d a pojme 130 holub\u016f!<\/b><\/p>\n<p>Ne, to nen\u00ed vtip, ale ofici\u00e1ln\u00ed\u00a0<a href=\"https:\/\/www.parlamentnilisty.cz\/politika\/politici-volicum\/Plaminkova-STAN-Holubnik-na-Marianskem-namesti-pomuze-regulovat-populaci-holubu-714212\">ozn\u00e1men\u00ed stranick\u00e9 funkcion\u00e1\u0159ky<\/a>!\u00a0<strong>Je to paradoxn\u00ed situace, pr\u00e1v\u011b v Praze na radnici propukl ob\u0159\u00ed korup\u010dn\u00ed skand\u00e1l, kde hlavn\u00ed roli hraje vysok\u00fd politik STANU P. Hlubu\u010dek, kter\u00fd m\u011bl v korup\u010dn\u00ed mafii p\u0159ezd\u00edvku \u201eslepi\u010d\u00e1k\u201c. Podle p\u0159ezd\u00edvky by se jevil jako vhodn\u00fd kandid\u00e1t na \u0159editele holubn\u00edku. Jist\u011b by dok\u00e1zal nav\u00fd\u0161it jeho cenu ze 142 tis\u00edc na 142 milion\u016f korun a nast\u011bhovat tam v\u0161echny holuby v Praze!<\/strong><\/p>\n<p>Maj\u00ed to v dob\u011b existen\u010dn\u00ed krize mnoha Pra\u017ean\u016f politici p\u011btikolky starosti, \u017ee?!\u00a0<strong>Holub je jim bli\u017e\u0161\u00ed ne\u017e \u010ce\u0161i, kte\u0159\u00ed je \u017eiv\u00ed.<\/strong><\/p>\n<p><img decoding=\"async\" loading=\"lazy\" class=\"alignnone size-full wp-image-1185\" src=\"http:\/\/www.infokuryr.cz\/n\/wp-content\/uploads\/2021\/04\/kuryr-podpis.png\" alt=\"\" width=\"84\" height=\"24\" \/><\/p>\n<p>________________________________________________<\/p>\n<p>&nbsp;<\/p>\n<p style=\"text-align: center;\"><span style=\"color: #ff0000; font-size: 18pt;\"><strong><a style=\"color: #ff0000;\" href=\"http:\/\/www.infokuryr.cz\/n\/2022\/09\/13\/skandal-v-spd-kontroversni-a-pravomocne-odsouzeny-tomas-jarolim-na-kandidatce-teplicke-spd\/\">\u010ct\u011bte zde: Pravomocn\u011b odsouzen\u00fd Tom\u00e1\u0161 Jarol\u00edm na kandid\u00e1tce SPD<\/a><\/strong><\/span><\/p>\n<p>&nbsp;<\/p>\n<p>&nbsp;<\/p>\n","protected":false},"excerpt":{"rendered":"<p>Pra\u017esk\u00e1 organizace korupc\u00ed zm\u00edtan\u00e9ho hnut\u00ed STAN se rozhodla p\u0159ij\u00edt s novou prioritou pro nadch\u00e1zej\u00edc\u00ed komun\u00e1ln\u00ed&#8230;<\/p>\n","protected":false},"author":2,"featured_media":15476,"comment_status":"closed","ping_status":"closed","sticky":false,"template":"","format":"standard","meta":[],"categories":[6],"tags":[234,424,27],"_links":{"self":[{"href":"https:\/\/www.infokuryr.cz\/n\/wp-json\/wp\/v2\/posts\/15475"}],"collection":[{"href":"https:\/\/www.infokuryr.cz\/n\/wp-json\/wp\/v2\/posts"}],"about":[{"href":"https:\/\/www.infokuryr.cz\/n\/wp-json\/wp\/v2\/types\/post"}],"author":[{"embeddable":true,"href":"https:\/\/www.infokuryr.cz\/n\/wp-json\/wp\/v2\/users\/2"}],"replies":[{"embeddable":true,"href":"https:\/\/www.infokuryr.cz\/n\/wp-json\/wp\/v2\/comments?post=15475"}],"version-history":[{"count":0,"href":"https:\/\/www.infokuryr.cz\/n\/wp-json\/wp\/v2\/posts\/15475\/revisions"}],"wp:featuredmedia":[{"embeddable":true,"href":"https:\/\/www.infokuryr.cz\/n\/wp-json\/wp\/v2\/media\/15476"}],"wp:attachment":[{"href":"https:\/\/www.infokuryr.cz\/n\/wp-json\/wp\/v2\/media?parent=15475"}],"wp:term":[{"taxonomy":"category","embeddable":true,"href":"https:\/\/www.infokuryr.cz\/n\/wp-json\/wp\/v2\/categories?post=15475"},{"taxonomy":"post_tag","embeddable":true,"href":"https:\/\/www.infokuryr.cz\/n\/wp-json\/wp\/v2\/tags?post=15475"}],"curies":[{"name":"wp","href":"https:\/\/api.w.org\/{rel}","templated":true}]}}