{"id":15472,"date":"2022-09-22T04:06:19","date_gmt":"2022-09-22T02:06:19","guid":{"rendered":"http:\/\/www.infokuryr.cz\/n\/?p=15472"},"modified":"2022-09-22T04:06:19","modified_gmt":"2022-09-22T02:06:19","slug":"cesko-je-kolonii-zapadu-i-de-iure-ve-volbach-uz-voli-i-cizinci-co-neumi-cesky-ani-slovo-komu-to-prospiva","status":"publish","type":"post","link":"https:\/\/www.infokuryr.cz\/n\/2022\/09\/22\/cesko-je-kolonii-zapadu-i-de-iure-ve-volbach-uz-voli-i-cizinci-co-neumi-cesky-ani-slovo-komu-to-prospiva\/","title":{"rendered":"\u010cesko je koloni\u00ed z\u00e1padu i de iure. Ve volb\u00e1ch u\u017e vol\u00ed i cizinci, co neum\u00ed \u010desky ani slovo. Komu to prosp\u00edv\u00e1?"},"content":{"rendered":"<div id=\"fb-root\"><\/div>\n<p><strong>Neomarxistick\u00e9 strany v Praze (a dal\u0161\u00edch \u010desk\u00fdch m\u011bstech) nemobilizuj\u00ed p\u0159ed volbami do komun\u00e1lu etnick\u00e9, b\u00edl\u00e9 \u010cechy ale cizince.<\/strong>\u00a0Dokonce kv\u016fli tomu vyd\u00e1vaj\u00ed multi jazy\u010dn\u00e9 verze volebn\u00edch materi\u00e1l\u016f.\u00a0<strong>K p\u0159ekvapen\u00ed mnoha b\u00edl\u00fdch \u010cech\u016f mohou toti\u017e v komun\u00e1ln\u00edch volb\u00e1ch volit i ob\u010dan\u00e9 EU, kte\u0159\u00ed v \u010cR zrovna \u017eij\u00ed.<\/strong><\/p>\n<p><strong>O slo\u017een\u00ed radnic tedy rozhoduj\u00ed i lid\u00e9, kte\u0159\u00ed neum\u00ed \u010desky ani slovo, o d\u011bn\u00ed v zemi se nijak nezaj\u00edmaj\u00ed a nemaj\u00ed \u017e\u00e1dn\u00fd vztah k \u010desk\u00e9mu n\u00e1rodu a kultu\u0159e. V praxi to znamen\u00e1, \u017ee v Praze us\u00eddlen\u00fd muslim, \u010dernoch (ofici\u00e1ln\u011b s n\u011bmeck\u00fdm, nebo francouzsk\u00fdm ob\u010danstv\u00edm) m\u00e1 stejn\u00e9 volebn\u00ed pr\u00e1vo jako etnick\u00fd \u010cech<\/strong>. Tak n\u011bjak vypad\u00e1 koloni\u00e1ln\u00ed pod\u0159\u00edzenost okupovan\u00e9 zem\u011b. Dovezen\u00e9 ciz\u00ed obyvatelstvo prosazuje z\u00e1jmy zahrani\u010dn\u00edch p\u00e1n\u016f pomoc\u00ed \u201edemokratick\u00fd voleb\u201c.<\/p>\n<figure class=\"wp-block-image size-full is-resized\"><img decoding=\"async\" loading=\"lazy\" class=\"wp-image-9165 aligncenter\" src=\"https:\/\/ceskavec.com\/wp-content\/uploads\/2020\/10\/uprchlici.jpg\" sizes=\"(max-width: 408px) 100vw, 408px\" srcset=\"https:\/\/ceskavec.com\/wp-content\/uploads\/2020\/10\/uprchlici.jpg 281w, https:\/\/ceskavec.com\/wp-content\/uploads\/2020\/10\/uprchlici-238x300.jpg 238w\" alt=\"\" width=\"408\" height=\"514\" \/><figcaption>Potk\u00e1te je ve volebn\u00ed m\u00edstnosti?<\/figcaption><\/figure>\n<p>Komu podobn\u00e9 opat\u0159en\u00ed (instalovan\u00e9 globalistickou EU) prosp\u00edv\u00e1? Progresivistick\u00fdm stran\u00e1m h\u00e1j\u00edc\u00ed proti\u010desk\u00e9 z\u00e1jmy. T<strong>o jsou p\u0159edev\u0161\u00edm hlavn\u00ed havlistick\u00e1 strana ODS, p\u0159idru\u017een\u00e9 odno\u017ee TOP09, STAN a KDU, d\u00e1le pak Zelen\u00ed, Pir\u00e1ti a \u010cSSD. N\u011bkde mezi stoj\u00ed Babi\u0161 a jeho ANO a proti logicky mus\u00ed b\u00fdt strany op\u00edraj\u00ed se o \u010desk\u00e9 voli\u010de SPD, Trikolora, PRO, ND atd.<\/strong><\/p>\n<figure class=\"wp-block-image size-full\"><img decoding=\"async\" loading=\"lazy\" class=\"wp-image-13675 aligncenter\" src=\"https:\/\/ceskavec.com\/wp-content\/uploads\/2022\/09\/imigranti-voli.jpg\" sizes=\"(max-width: 481px) 100vw, 481px\" srcset=\"https:\/\/ceskavec.com\/wp-content\/uploads\/2022\/09\/imigranti-voli.jpg 481w, https:\/\/ceskavec.com\/wp-content\/uploads\/2022\/09\/imigranti-voli-225x300.jpg 225w\" alt=\"\" width=\"481\" height=\"640\" \/><figcaption>\nVolebn\u00ed noviny Zelen\u00fdch l\u00e1kaj\u00ed cizince k volb\u00e1m<\/figcaption><\/figure>\n<p><strong>Je \u010das zbavit se koloni\u00e1ln\u00ed nadvl\u00e1dy a za\u010d\u00edt rozhodovat o vlastn\u00ed zemi a osudu zase sam<\/strong>i.<\/p>\n<p><a href=\"https:\/\/ceskavec.com\/2022\/09\/cesko-je-kolonii-zapadu-i-de-iure-ve-volbach-uz-voli-i-cizinci-co-neumi-cesky-ani-slovo-komu-to-prospiva\">\u010cesk\u00e1 v\u011bc<\/a><\/p>\n<p>__________________________________________<\/p>\n<p style=\"text-align: center;\"><span style=\"font-size: 18pt; color: #ff0000;\"><strong><a style=\"color: #ff0000;\" href=\"http:\/\/www.infokuryr.cz\/n\/2022\/09\/13\/skandal-v-spd-kontroversni-a-pravomocne-odsouzeny-tomas-jarolim-na-kandidatce-teplicke-spd\/\">\u010ct\u011bte zde: Pravomocn\u011b odsouzen\u00fd Tom\u00e1\u0161 Jarol\u00edm na kandid\u00e1tce SPD<\/a><\/strong><\/span><\/p>\n<p>&nbsp;<\/p>\n<p>&nbsp;<\/p>\n","protected":false},"excerpt":{"rendered":"<p>Neomarxistick\u00e9 strany v Praze (a dal\u0161\u00edch \u010desk\u00fdch m\u011bstech) nemobilizuj\u00ed p\u0159ed volbami do komun\u00e1lu etnick\u00e9, b\u00edl\u00e9&#8230;<\/p>\n","protected":false},"author":2,"featured_media":15473,"comment_status":"closed","ping_status":"closed","sticky":false,"template":"","format":"standard","meta":[],"categories":[6],"tags":[1297,234,27],"_links":{"self":[{"href":"https:\/\/www.infokuryr.cz\/n\/wp-json\/wp\/v2\/posts\/15472"}],"collection":[{"href":"https:\/\/www.infokuryr.cz\/n\/wp-json\/wp\/v2\/posts"}],"about":[{"href":"https:\/\/www.infokuryr.cz\/n\/wp-json\/wp\/v2\/types\/post"}],"author":[{"embeddable":true,"href":"https:\/\/www.infokuryr.cz\/n\/wp-json\/wp\/v2\/users\/2"}],"replies":[{"embeddable":true,"href":"https:\/\/www.infokuryr.cz\/n\/wp-json\/wp\/v2\/comments?post=15472"}],"version-history":[{"count":0,"href":"https:\/\/www.infokuryr.cz\/n\/wp-json\/wp\/v2\/posts\/15472\/revisions"}],"wp:featuredmedia":[{"embeddable":true,"href":"https:\/\/www.infokuryr.cz\/n\/wp-json\/wp\/v2\/media\/15473"}],"wp:attachment":[{"href":"https:\/\/www.infokuryr.cz\/n\/wp-json\/wp\/v2\/media?parent=15472"}],"wp:term":[{"taxonomy":"category","embeddable":true,"href":"https:\/\/www.infokuryr.cz\/n\/wp-json\/wp\/v2\/categories?post=15472"},{"taxonomy":"post_tag","embeddable":true,"href":"https:\/\/www.infokuryr.cz\/n\/wp-json\/wp\/v2\/tags?post=15472"}],"curies":[{"name":"wp","href":"https:\/\/api.w.org\/{rel}","templated":true}]}}