{"id":15440,"date":"2022-09-21T13:13:23","date_gmt":"2022-09-21T11:13:23","guid":{"rendered":"http:\/\/www.infokuryr.cz\/n\/?p=15440"},"modified":"2022-09-21T13:13:23","modified_gmt":"2022-09-21T11:13:23","slug":"jindrich-kulhavy-zatim-to-s-optimismem-moc-neprehanejme","status":"publish","type":"post","link":"https:\/\/www.infokuryr.cz\/n\/2022\/09\/21\/jindrich-kulhavy-zatim-to-s-optimismem-moc-neprehanejme\/","title":{"rendered":"Jind\u0159ich Kulhav\u00fd: Zat\u00edm to s optimismem moc nep\u0159eh\u00e1n\u011bjme"},"content":{"rendered":"<div id=\"fb-root\"><\/div>\n<p><span class=\"anotation\">Mnoha \u010desk\u00fdm ob\u010dan\u016fm doch\u00e1z\u00ed trp\u011blivost s\u00a0orientac\u00ed na\u0161\u00ed politick\u00e9 sc\u00e9ny. Nikoliv sexu\u00e1ln\u00ed, by\u0165 i tam se najde \u0159ada jinak sm\u011b\u0159uj\u00edc\u00edch st\u00e1tn\u00edch \u00fa\u0159edn\u00edk\u016f. Hlubo\u010dkov\u00fdm odhalen\u00edm sice dostala LGBT skupina z\u00e1sah na komoru, nicm\u00e9n\u011b jde jen o \u0161pi\u010dku ledovce a v\u00a0mnoha org\u00e1nech a ve veden\u00ed st\u00e1tn\u00edch firem se pohybuje \u0159ada jeho soukmenovc\u016f i nad\u00e1le. Jen\u017ee nyn\u00ed nejde o n\u011bjak\u00e9 sexu\u00e1ln\u00ed odchylky, orientac\u00ed politik\u016f je my\u0161leno zcela bezprecedentn\u00ed posazen\u00ed se na zadek z\u00a0eurounijn\u00edho, proamerick\u00e9ho a korpor\u00e1tn\u00edho p\u0159\u00edstupu k\u00a0sou\u010dasn\u00e9 situaci ve sv\u011bt\u011b.<\/span><\/p>\n<div id=\"pagetext\">\n<p>\u00a0 O Spojen\u00fdch st\u00e1tech si ned\u011blejme iluze. P\u0159edstava, \u017ee jde o vrcholn\u00fd kapitalistick\u00fd st\u00e1t se v\u0161emi klady i z\u00e1pory pat\u0159\u00edc\u00edmi k\u00a0definici kapitalismu, je fale\u0161n\u00e1. USA jsou skute\u010dnou sb\u00edrkou r\u016fzn\u00fdch sm\u011br\u016f. Nap\u0159\u00edklad lidmi obdivovan\u00e1 Kalifornie m\u016f\u017ee zaujmout kr\u00e1sn\u00fdm pob\u0159e\u017e\u00edm, slun\u00ed\u010dkem, m\u00e9n\u011b u\u017e v\u0161ak v\u00edcem\u00e9n\u011b levicov\u00fdm veden\u00edm a z\u00a0n\u011bj plynouc\u00edch na\u0159\u00edzen\u00ed, omezen\u00ed, z\u00e1kaz\u016f a povinnost\u00ed. Mnoh\u00e9 se projevuje u da\u0148ov\u00fdch z\u00e1kon\u016f a jejich dopadu na obyvatele. Kalifornii mnoho Ameri\u010dan\u016f opou\u0161t\u00ed, naopak si ji pochvaluj\u00ed hollywoodsk\u00e9 hv\u011bzdy, jejich\u017e \u010dast\u00e1 levicovost vede k\u00a0podpo\u0159e Demokrat\u016f, a t\u00edm i k\u00a0podpo\u0159e takov\u00fdch mor\u00e1ln\u00edch skvost\u016f, jak\u00fdmi byli a jsou Obamovi, familie Clinton\u016f \u010di dekadentn\u00ed p\u0159\u00edslu\u0161n\u00edci rodiny sou\u010dasn\u00e9ho prezidenta Bidena.<\/p>\n<p>Amerika p\u0159itom st\u00e1le v\u00edce zab\u0159ed\u00e1v\u00e1 do ekonomicko-spole\u010densk\u00fdch probl\u00e9m\u016f. Zvy\u0161uje se zadlu\u017eenost, chudoba, nezvl\u00e1dnut\u00e1 migrace znamen\u00e1 velk\u00fd p\u0159\u00edsun z\u00e1stupc\u016f ni\u017e\u0161\u00edch vrstev. V\u00a0m\u00edstech, kde d\u0159\u00edve s\u00eddlil luxus, se mno\u017e\u00ed slumy a p\u0159ib\u00fdv\u00e1 bezdomovc\u016f. Zv\u011brstvo v\u00a0podob\u011b podpory extremistick\u00e9ho hnut\u00ed Black Lives Matter dovedlo n\u011bkter\u00e1 velk\u00e1 m\u011bsta na pokraj bezvl\u00e1d\u00ed, n\u00e1sil\u00ed a strachu z\u00a0n\u011bj. St\u00e1ty postupuje inflace, sv\u00e9 dopady m\u00e1 ned\u00e1vn\u00e1 vakcinace obyvatel, tak\u00e9 v\u011b\u010dn\u00e9 ekonomick\u00e9 spory s\u00a0\u010c\u00ednou, kter\u00e9 mohou v\u00e9st ke zvy\u0161ov\u00e1n\u00ed nap\u011bt\u00ed mezi velmocemi. Mimochodem, \u010c\u00ednu si neidealizujme, ta sm\u011b\u0159uje k\u00a0je\u0161t\u011b tu\u017e\u0161\u00ed totalit\u011b, o \u010dem\u017e sv\u011bd\u010d\u00ed z\u00e1v\u00e1d\u011bn\u00ed soci\u00e1ln\u00edch kredit\u016f a vyu\u017e\u00edv\u00e1n\u00ed bank k\u00a0odm\u00edt\u00e1n\u00ed ob\u010dan\u016fm v\u00a0p\u0159\u00edstupu k\u00a0vlastn\u00edm pen\u011bz\u016fm. V\u00a0t\u00e9to situaci se veden\u00ed USA sna\u017e\u00ed chytit ka\u017ed\u00e9ho mo\u017en\u00e9ho z\u00e1chrann\u00e9ho kruhu, kter\u00fdm se pro n\u011b moment\u00e1ln\u011b stala Evropa. Ameri\u010dt\u00ed obchodn\u00ed \u017eraloci se na ni vrhnuli a sna\u017e\u00ed se urvat, co jde. Za ka\u017edou cenu. Eskalace nap\u011bt\u00ed na Ukrajin\u011b je p\u0159edev\u0161\u00edm jejich z\u00e1sluha a pl\u00e1n z\u00e1rove\u0148: Samotn\u00ed Ukrajinci bojuj\u00ed nikoliv za sv\u00e9 z\u00e1jmy, ale za \u00fapln\u011b jin\u00e9. Ty z\u00e1padn\u00ed, v\u00a0nich\u017e hlavn\u00ed slovo maj\u00ed Ameri\u010dan\u00e9 a korpor\u00e1ty.<\/p>\n<p>Evropsk\u00e1 unie se dost\u00e1v\u00e1 do podobn\u00e9 situace. V\u0161echny jej\u00ed \u010dlensk\u00e9 st\u00e1ty jsou zadlu\u017een\u00e9, p\u0159i\u010dem\u017e It\u00e1lie, \u0160pan\u011blsko a Francie nejsou daleko od p\u00e1du do propasti. Relativn\u011b zdrav\u00e9 ekonomiky postsocialistick\u00fdch st\u00e1t\u016f se poda\u0159ilo bu\u010f jejich zata\u017een\u00edm do euroz\u00f3ny, p\u0159\u00edpadn\u011b covidohysteri\u00ed, postupn\u011b zdecimovat a ud\u011blat z\u00e1visl\u00fdmi na n\u011bmeck\u00e9. Ta p\u0159ipom\u00edn\u00e1 dravou pirani, tedy nenasytnou rybu schopnou se\u017erat cokoliv. Nap\u0159\u00edklad na\u0161i energetiku. Nyn\u011bj\u0161\u00ed hra na solidaritu, kterou hraje Fialova vl\u00e1da, pot\u00e1p\u00ed \u010desk\u00e9, moravsk\u00e9 a slezsk\u00e9 rodiny do hlubok\u00e9 krize, z\u00a0n\u00ed\u017e Fiala &amp; spol. cestu r\u00e1zn\u00fdmi opat\u0159en\u00edmi zam\u011b\u0159en\u00fdmi proti v\u00fdvozu elekt\u0159iny v\u016fbec nehledaj\u00ed. M\u00edsto toho daruj\u00ed N\u011bmc\u016fm n\u00e1\u0161 n\u00e1rodn\u00ed produkt za ,,hubi\u010dku\u201c a z\u00e1rove\u0148 vytv\u00e1\u0159\u00ed nezdrav\u00e9 prost\u0159ed\u00ed r\u016fzn\u00fdch dotac\u00ed, \u00falev a podpor pro obyvatele \u010cR. I naprost\u00fd ignorant ji\u017e tu\u0161\u00ed, \u017ee p\u0159es\u00fdp\u00e1n\u00ed pen\u011bz, proto\u017ee o nic jin\u00e9ho nejde, znamen\u00e1 zvy\u0161ov\u00e1n\u00ed z\u00e1t\u011b\u017ee na\u0161ich ob\u010dan\u016f a odliv financ\u00ed vybran\u00fdch na ji\u017e tak vysok\u00fdch dan\u00edch. A to nehovo\u0159\u00edme o nesmysln\u00e9 podpo\u0159e Ukrajiny.<\/p>\n<p>Z\u00a0Evropsk\u00e9 unie se stal jak\u00fdsi deriv\u00e1t N\u011bmecka a z\u00e1rove\u0148 st\u00e1le hladov\u00fd moloch veden\u00fd naprosto neschopn\u00fdmi lidmi \u0159\u00eddit n\u011bco tak slo\u017eit\u00e9ho. Vznikl organismus p\u0159ipom\u00ednaj\u00edc\u00ed l\u00edhe\u0148 tasemnic. Leyenov\u00e1 a j\u00ed veden\u00e1 Evropsk\u00e1 komise naprosto podlehly velk\u00fdm korpor\u00e1t\u016fm z\u00a0oblast\u00ed farmacie, bankovnictv\u00ed a dal\u0161\u00edch odv\u011btv\u00ed, z\u00a0nich\u017e je absolutn\u00ed v\u011bt\u0161ina \u010d\u00e1st vlastn\u011bna \u00fazk\u00fdm okruhem nejmocn\u011bj\u0161\u00edch rodin. Ty si s\u00a0USA a Evropou, pota\u017emo cel\u00fdm Z\u00e1padem a se satelity vznikl\u00fdmi ze zem\u00ed z\u00a0b\u00fdval\u00e9ho okruhu sov\u011btsk\u00fdch z\u00e1jm\u016f, z\u00a0n\u011bho\u017e se \u010d\u00e1ste\u010dn\u011b vymanily, d\u011blaj\u00ed, co cht\u011bj\u00ed a pot\u0159ebuj\u00ed k\u00a0nav\u00fd\u0161en\u00ed vlastn\u00edho majetku a vlivu. Vys\u00e1vaj\u00ed n\u00e1s v\u0161echny do morku kost\u00ed a intenzitu tlaku neust\u00e1le navy\u0161uj\u00ed, p\u0159i\u010dem\u017e jejich z\u00e1m\u011bry jsou a\u017e stra\u0161ideln\u00e9. N\u00e1stroj\u016f k\u00a0tomu maj\u00ed dost a pomoc\u00ed m\u00e9di\u00ed vytv\u00e1\u0159\u00ed dojem, \u017ee je to tak v\u0161e v\u00a0po\u0159\u00e1dku. Plat\u00ed to i pro na\u0161i oblast, proto\u017ee jinak by p\u0159edseda jedn\u00e9 ze vl\u00e1dn\u00edch stran nemohl p\u00e1r dn\u00ed p\u0159ed volbami dostat takov\u00fd prostor k\u00a0agitaci, jak\u00e9ho bylo umo\u017en\u011bno vyu\u017e\u00edt Petrovi Fialovi v\u00a0ned\u011bli.<\/p>\n<p>Nebu\u010fme naivn\u00ed. V\u011bt\u0161ina na\u0161ich spoluob\u010dan\u016f st\u00e1le v\u011b\u0159\u00ed velk\u00fdm m\u00e9di\u00edm, netu\u0161\u00ed z\u00e1ludnost Green Dealu a Great Resetu, \u010dasto o nich nev\u00ed v\u016fbec nic. Neznaj\u00ed Klause Schwaba, S\u00f6r\u00f6se a Gatese maj\u00ed za filantropy a m\u00edrumilovn\u00e9 mecen\u00e1\u0161e, Karla III. za ne\u0161kodn\u00e9ho starce na britsk\u00e9m tr\u016fnu a o rodin\u00e1ch Rothschild\u016f, Rockefeller\u016f \u010di p\u0159\u00edslu\u0161n\u00edc\u00edch tzv. \u201e\u010cern\u00e9 \u0161lechty\u201c sly\u0161eli z\u00a0doslechu \u010di v\u016fbec. Problematika v\u00fdvoje ve sv\u011bt\u011b jim je ciz\u00ed a unikaj\u00ed jim souvislosti. Nen\u00ed to jen star\u0161\u00ed generace d\u016fv\u011b\u0159uj\u00edc\u00ed televizi, jde p\u0159edev\u0161\u00edm o tu mlad\u0161\u00ed a \u00fapln\u011b mladou, kterou si Z\u00e1pad vychoval k nen\u00e1visti v\u016f\u010di\u00a0Rusku a vnutil j\u00ed vlastn\u00ed ,,evropsk\u00e9\u201c hodnoty. Nav\u00edc nyn\u00ed tak \u010dasto vz\u00fdvan\u00e9 komun\u00e1ln\u00ed volby jsou i p\u0159es propagaci velk\u00fdch stran sp\u00ed\u0161e o lidech ochotn\u00fdch skute\u010dn\u011b pracovat v\u00a0m\u00edstech, kde se tito jednotlivci nach\u00e1z\u00ed. Ve vrcholn\u00e9 politice p\u016fsob\u00ed jin\u00ed lid\u00e9. P\u0159esto je tentokr\u00e1te t\u0159eba vn\u00edmat stranickou p\u0159\u00edslu\u0161nost ka\u017ed\u00e9ho kandid\u00e1ta a vylou\u010dit mo\u017enost zvolen\u00ed t\u011bch, kte\u0159\u00ed se dosud i p\u0159es \u010dlenstv\u00ed z\u00a0n\u011bkter\u00fdch z\u00a0vl\u00e1dn\u00edch a prounijn\u00edch stran vyprofilovali jako u\u017eite\u010dn\u00ed. Jejich nezvolen\u00edm lze vyvolat vnit\u0159n\u00ed revoluci ve stran\u00e1ch a jistou zm\u011bnu v\u00fd\u0161e uveden\u00e9 orientace. Pokud tedy nejde o ideologicky zvrhl\u00e9 Pir\u00e1ty, lze p\u0159edpokl\u00e1dat, \u017ee v\u00a0ostatn\u00edch stran\u00e1ch P\u011btikoalice se najdou norm\u00e1ln\u00ed lid\u00e9 schopn\u00ed zm\u011bnit sv\u00e9 partaje. Mus\u00ed k\u00a0tom b\u00fdt p\u0159inuceni. A nejsou li to ochotni dok\u00e1zat, nemaj\u00ed co d\u011blat ani na komun\u00e1ln\u00ed \u00farovni. Pak je t\u0159eba je nahradit jin\u00fdmi. Co\u017e m\u016f\u017eete u\u017e tento t\u00fdden. Ot\u00e1zkou tedy z\u016fst\u00e1v\u00e1, kolik z\u00a0v\u00e1s to pochopilo.<\/p>\n<\/div>\n<p><a href=\"https:\/\/www.inadhled.live\/uvaha-dne\/zatim-to-s-optimismem-moc-neprehanejme\/\">Jind\u0159ich Kulhav\u00fd<\/a><\/p>\n<p>___________________________________________________<\/p>\n<p style=\"text-align: center;\"><span style=\"color: #ff0000; font-size: 18pt;\"><strong><a style=\"color: #ff0000;\" href=\"http:\/\/www.infokuryr.cz\/n\/2022\/09\/13\/skandal-v-spd-kontroversni-a-pravomocne-odsouzeny-tomas-jarolim-na-kandidatce-teplicke-spd\/\">\u010ct\u011bte zde: Pravomocn\u011b odsouzen\u00fd Tom\u00e1\u0161 Jarol\u00edm na kandid\u00e1tce SPD<\/a><\/strong><\/span><\/p>\n<p>&nbsp;<\/p>\n<p>&nbsp;<\/p>\n","protected":false},"excerpt":{"rendered":"<p>Mnoha \u010desk\u00fdm ob\u010dan\u016fm doch\u00e1z\u00ed trp\u011blivost s\u00a0orientac\u00ed na\u0161\u00ed politick\u00e9 sc\u00e9ny. Nikoliv sexu\u00e1ln\u00ed, by\u0165 i tam se&#8230;<\/p>\n","protected":false},"author":2,"featured_media":15441,"comment_status":"closed","ping_status":"closed","sticky":false,"template":"","format":"standard","meta":[],"categories":[6],"tags":[29,122,27],"_links":{"self":[{"href":"https:\/\/www.infokuryr.cz\/n\/wp-json\/wp\/v2\/posts\/15440"}],"collection":[{"href":"https:\/\/www.infokuryr.cz\/n\/wp-json\/wp\/v2\/posts"}],"about":[{"href":"https:\/\/www.infokuryr.cz\/n\/wp-json\/wp\/v2\/types\/post"}],"author":[{"embeddable":true,"href":"https:\/\/www.infokuryr.cz\/n\/wp-json\/wp\/v2\/users\/2"}],"replies":[{"embeddable":true,"href":"https:\/\/www.infokuryr.cz\/n\/wp-json\/wp\/v2\/comments?post=15440"}],"version-history":[{"count":0,"href":"https:\/\/www.infokuryr.cz\/n\/wp-json\/wp\/v2\/posts\/15440\/revisions"}],"wp:featuredmedia":[{"embeddable":true,"href":"https:\/\/www.infokuryr.cz\/n\/wp-json\/wp\/v2\/media\/15441"}],"wp:attachment":[{"href":"https:\/\/www.infokuryr.cz\/n\/wp-json\/wp\/v2\/media?parent=15440"}],"wp:term":[{"taxonomy":"category","embeddable":true,"href":"https:\/\/www.infokuryr.cz\/n\/wp-json\/wp\/v2\/categories?post=15440"},{"taxonomy":"post_tag","embeddable":true,"href":"https:\/\/www.infokuryr.cz\/n\/wp-json\/wp\/v2\/tags?post=15440"}],"curies":[{"name":"wp","href":"https:\/\/api.w.org\/{rel}","templated":true}]}}