{"id":15398,"date":"2022-09-20T08:09:53","date_gmt":"2022-09-20T06:09:53","guid":{"rendered":"http:\/\/www.infokuryr.cz\/n\/?p=15398"},"modified":"2022-09-20T08:09:53","modified_gmt":"2022-09-20T06:09:53","slug":"dlr-deti-mezi-civilisty-zabitymi-pri-ukrajinskem-uderu","status":"publish","type":"post","link":"https:\/\/www.infokuryr.cz\/n\/2022\/09\/20\/dlr-deti-mezi-civilisty-zabitymi-pri-ukrajinskem-uderu\/","title":{"rendered":"DLR: D\u011bti mezi civilisty zabit\u00fdmi p\u0159i ukrajinsk\u00e9m \u00faderu"},"content":{"rendered":"<div id=\"fb-root\"><\/div>\n<p><span style=\"font-size: 18pt;\"><strong>M\u00edstn\u00ed m\u00e9dia s odvol\u00e1n\u00edm na o\u010dit\u00e9 sv\u011bdky uv\u00e1d\u011bj\u00ed, \u017ee d\u011blost\u0159eleck\u00fd gran\u00e1t zas\u00e1hl autobusovou zast\u00e1vku v Don\u011bcku<\/strong><\/span><\/p>\n<p><span>Nejm\u00e9n\u011b 13 civilist\u016f p\u0159i\u0161lo o \u017eivot p\u0159i ukrajinsk\u00e9m d\u011blost\u0159eleck\u00e9m \u00fatoku na m\u011bsto Don\u011bck, ozn\u00e1mily m\u00edstn\u00ed \u00fa\u0159ady.<\/span><\/p>\n<p><span>\u0160\u00e9f don\u011bck\u00e9 m\u011bstsk\u00e9 spr\u00e1vy Alexej Kulemzin v pond\u011bl\u00ed napsal do Telegramu: \u201e\u00a0<\/span><em><span>podle p\u0159edb\u011b\u017en\u00fdch informac\u00ed zem\u0159elo 13 civilist\u016f v d\u016fsledku represivn\u00edho \u00faderu na n\u00e1m\u011bst\u00ed komisa\u0159\u016f v Baku.\u00a0<\/span><\/em><span>\u201c<\/span><\/p>\n<p><span>\u00da\u0159edn\u00edk dodal, \u017ee p\u0159esn\u00fd po\u010det zran\u011bn\u00fdch p\u0159i \u00fatoku zat\u00edm nen\u00ed zn\u00e1m.<\/span><\/p>\n<p><span>M\u00edstn\u00ed m\u00e9dia s odvol\u00e1n\u00edm na o\u010dit\u00e9 sv\u011bdky uvedla, \u017ee d\u011blost\u0159eleck\u00fd gran\u00e1t zas\u00e1hl autobusovou zast\u00e1vku.<\/span><\/p>\n<p><span>V rozhovoru pro rusk\u00fd zpravodajsk\u00fd kan\u00e1l Rossija 24 pozd\u011bji b\u011bhem dne Kulemzin \u0159ekl: <strong>\u201e\u00a0<\/strong><\/span><strong><em>Mezi mrtv\u00fdmi jsou dv\u011b d\u011bti,<\/em><\/strong><span><strong>\u00a0\u201c<\/strong> a dodal, \u017ee nejde o prvn\u00ed p\u0159\u00edpad zabit\u00ed nezletil\u00fdch p\u0159i ukrajinsk\u00fdch \u00faderech v t\u00e9to \u010dtvrti.<\/span><\/p>\n<p><span>\u00dazemn\u00ed obrana Don\u011bck\u00e9 lidov\u00e9 republiky zase zve\u0159ejnila zpr\u00e1vu na sv\u00e9m vlastn\u00edm kan\u00e1lu Telegram, v n\u00ed\u017e tvrdila, \u017ee ukrajinsk\u00e1 arm\u00e1da <strong>pou\u017eila z\u00e1padem dodan\u00e9 155mm houfnice k ost\u0159elov\u00e1n\u00ed obytn\u00fdch oblast\u00ed<\/strong> Don\u011bcka.<\/span><\/p>\n<p><span>\u00da\u0159ady uvedly, \u017ee v jedn\u00e9 z m\u011bstsk\u00fdch \u010d\u00e1st\u00ed do\u0161lo k po\u017e\u00e1ru infrastruktury a bytov\u00fdch dom\u016f.\u00a0M\u00edstn\u00edm obyvatel\u016fm bylo doporu\u010deno, aby z\u016fstali doma nebo se\u00a0<\/span><em><span>v p\u0159\u00edpad\u011b pot\u0159eby p\u0159est\u011bhovali do \u201e\u00fakryt\u016f\u201c.\u00a0<\/span><\/em><span>\u201c<\/span><\/p>\n<p><span>Podle Don\u011bck\u00e9 \u00fazemn\u00ed obrany bylo od ned\u011ble do pond\u011bl\u00ed r\u00e1no p\u0159i ost\u0159elov\u00e1n\u00ed zabito dal\u0161\u00edch \u0161est lid\u00ed.<\/span><\/p>\n<p><img decoding=\"async\" loading=\"lazy\" class=\"alignnone size-full wp-image-1185\" src=\"http:\/\/www.infokuryr.cz\/n\/wp-content\/uploads\/2021\/04\/kuryr-podpis.png\" alt=\"\" width=\"84\" height=\"24\" \/><\/p>\n<p>__________________________________________________<\/p>\n<p style=\"text-align: center;\"><span style=\"color: #ff0000; font-size: 18pt;\"><strong><a style=\"color: #ff0000;\" href=\"http:\/\/www.infokuryr.cz\/n\/2022\/09\/13\/skandal-v-spd-kontroversni-a-pravomocne-odsouzeny-tomas-jarolim-na-kandidatce-teplicke-spd\/\">\u010ct\u011bte zde: Pravomocn\u011b odsouzen\u00fd Tom\u00e1\u0161 Jarol\u00edm na kandid\u00e1tce SPD<\/a><\/strong>\u00a0<\/span><\/p>\n<p>&nbsp;<\/p>\n<p>&nbsp;<\/p>\n","protected":false},"excerpt":{"rendered":"<p>M\u00edstn\u00ed m\u00e9dia s odvol\u00e1n\u00edm na o\u010dit\u00e9 sv\u011bdky uv\u00e1d\u011bj\u00ed, \u017ee d\u011blost\u0159eleck\u00fd gran\u00e1t zas\u00e1hl autobusovou zast\u00e1vku v&#8230;<\/p>\n","protected":false},"author":2,"featured_media":15399,"comment_status":"closed","ping_status":"closed","sticky":false,"template":"","format":"standard","meta":[],"categories":[7],"tags":[1128,245,1759,871],"_links":{"self":[{"href":"https:\/\/www.infokuryr.cz\/n\/wp-json\/wp\/v2\/posts\/15398"}],"collection":[{"href":"https:\/\/www.infokuryr.cz\/n\/wp-json\/wp\/v2\/posts"}],"about":[{"href":"https:\/\/www.infokuryr.cz\/n\/wp-json\/wp\/v2\/types\/post"}],"author":[{"embeddable":true,"href":"https:\/\/www.infokuryr.cz\/n\/wp-json\/wp\/v2\/users\/2"}],"replies":[{"embeddable":true,"href":"https:\/\/www.infokuryr.cz\/n\/wp-json\/wp\/v2\/comments?post=15398"}],"version-history":[{"count":0,"href":"https:\/\/www.infokuryr.cz\/n\/wp-json\/wp\/v2\/posts\/15398\/revisions"}],"wp:featuredmedia":[{"embeddable":true,"href":"https:\/\/www.infokuryr.cz\/n\/wp-json\/wp\/v2\/media\/15399"}],"wp:attachment":[{"href":"https:\/\/www.infokuryr.cz\/n\/wp-json\/wp\/v2\/media?parent=15398"}],"wp:term":[{"taxonomy":"category","embeddable":true,"href":"https:\/\/www.infokuryr.cz\/n\/wp-json\/wp\/v2\/categories?post=15398"},{"taxonomy":"post_tag","embeddable":true,"href":"https:\/\/www.infokuryr.cz\/n\/wp-json\/wp\/v2\/tags?post=15398"}],"curies":[{"name":"wp","href":"https:\/\/api.w.org\/{rel}","templated":true}]}}