{"id":15390,"date":"2022-09-20T07:21:58","date_gmt":"2022-09-20T05:21:58","guid":{"rendered":"http:\/\/www.infokuryr.cz\/n\/?p=15390"},"modified":"2022-09-20T07:21:58","modified_gmt":"2022-09-20T05:21:58","slug":"peskov-na-vsechny-naroky-ohledne-krymu-poskytneme-prislusnou-odpoved","status":"publish","type":"post","link":"https:\/\/www.infokuryr.cz\/n\/2022\/09\/20\/peskov-na-vsechny-naroky-ohledne-krymu-poskytneme-prislusnou-odpoved\/","title":{"rendered":"Peskov: na v\u0161echny n\u00e1roky ohledn\u011b Krymu poskytneme p\u0159\u00edslu\u0161nou odpov\u011b\u010f"},"content":{"rendered":"<div id=\"fb-root\"><\/div>\n<div class=\"article__header\"><\/div>\n<div class=\"article__body\">\n<div class=\"article__block\" data-type=\"text\">\n<div class=\"article__text\">\n<p><strong>Krym je neodd\u011blitelnou sou\u010d\u00e1st\u00ed Rusk\u00e9 federace a RF bude pat\u0159i\u010dn\u011b reagovat na jak\u00e9koli n\u00e1roky na rusk\u00e9 \u00fazem\u00ed, prohl\u00e1sil mluv\u010d\u00ed prezidenta RF Dmitrij Peskov.<\/strong><\/p>\n<p>\u201e<em>Republiky Donbasu jsou nez\u00e1visl\u00e9 st\u00e1ty, jejich\u017e nez\u00e1vislost byla uzn\u00e1na Ruskou federac\u00ed, kter\u00e9 po\u017e\u00e1daly o pomoc Ruska v zaji\u0161t\u011bn\u00ed sv\u00e9 bezpe\u010dnosti, co\u017e Rusko tak\u00e9 d\u011bl\u00e1.\u00a0<strong>Krym je neodd\u011blitelnou sou\u010d\u00e1st\u00ed Rusk\u00e9 federace<\/strong>\u00a0a RF bude pat\u0159i\u010dn\u011b reagovat na jak\u00e9koli n\u00e1roky na rusk\u00e9 \u00fazem\u00ed<\/em>,\u201d \u0159ekl Peskov novin\u00e1\u0159\u016fm v odpov\u011bdi na ot\u00e1zku, jak v Kremlu hodnot\u00ed prohl\u00e1\u0161en\u00ed poradce \u0161\u00e9fa kancel\u00e1\u0159e Volodymyra Zelensk\u00e9ho Mychajla Podoljaka o tom, \u017ee povinnost\u00ed Z\u00e1padu je dod\u00e1vka Ukrajin\u011b raket velk\u00e9ho doletu, aby mohla za\u00fato\u010dit na rusk\u00e9 \u00fazem\u00ed.<\/p>\n<p>Poradce \u0161\u00e9fa kancel\u00e1\u0159e Volodymyra Zelensk\u00e9ho Mychajlo Podoljak vyzval p\u0159edt\u00edm na soci\u00e1ln\u00edch s\u00edt\u00edch \u201eobyvatele okupovan\u00fdch \u00fazem\u00ed\u201d v\u010detn\u011b poloostrovu Krym, aby se p\u0159ipravovali na \u201ebudouc\u00ed deokupaci\u201d region\u016f, aby si za\u0159\u00eddili kryty a ud\u011blali z\u00e1soby vody. Tvrdil, \u017ee Ukrajina p\u0159ipravuje cesty evakuace obyvatel Krymu.<\/p>\n<p>Mluv\u010d\u00ed rusk\u00e9ho prezidenta Dmitrij Peskov prohl\u00e1sil, \u017ee se ru\u0161t\u00ed historici mohou \u201e pohrabat v XVI stolet\u00ed\u201d a naj\u00edt, \u201ez \u010deho obvinit Pol\u00e1ky.\u201d<\/p>\n<p>\u201ePokud chceme ud\u011blat legraci z t\u00e9to zb\u011bsil\u00e9 rusofobie, mohli by se na\u0161i historici dob\u0159e pohrabat v XVI. stolet\u00ed, snad n\u011bco tak\u00e9 objev\u00edme, z \u010deho budeme moci obvinit Pol\u00e1ky,\u201d \u0159ekl Peskov v odpov\u011bdi na ot\u00e1zku o vztahu Moskvy k prohl\u00e1\u0161en\u00ed polsk\u00e9ho prezidenta Andrzeje Dudy o reparac\u00edch od Ruska.<\/p>\n<p>Polsk\u00e1 vl\u00e1da u\u010dinila p\u0159edt\u00edm prohl\u00e1\u0161en\u00ed, \u017ee \u017e\u00e1d\u00e1 od N\u011bmecka 6,2 bilionu zlot\u00fdch (p\u0159ibli\u017en\u011b 1,3 bilionu dolar\u016f) jako reparace za \u0161kody zp\u016fsoben\u00e9 za Druh\u00e9 sv\u011btov\u00e9 v\u00e1lky. Pol\u0161t\u00ed politici p\u0159itom nejednou prohl\u00e1sili, \u017ee cht\u011bj\u00ed dostat v\u00e1le\u010dn\u00e9 reparace nejen od N\u011bmecka, ale tak\u00e9 od Ruska.<\/p>\n<p>L\u00eddr strany Pr\u00e1vo a spravedlnost Jaroslaw Kaczy\u0144ski vyslovil p\u0159ed n\u011bkolika lety m\u00edn\u011bn\u00ed, \u017ee Moskva je povinna stejn\u011b jako Berl\u00edn uhradit Var\u0161av\u011b \u0161kody z Druh\u00e9 sv\u011btov\u00e9 v\u00e1lky. Podpo\u0159ili ho mnoz\u00ed pol\u0161t\u00ed politici. N\u00e1m\u011bstek ministra zahrani\u010d\u00ed Pawel Jablo\u0144ski nap\u0159\u00edklad \u0159ekl, \u017ee Var\u0161ava m\u00e1 \u201enaprost\u00e9\u201d pr\u00e1vo na rusk\u00e9 reparace. Tento po\u017eadavek ohledn\u011b rusk\u00fdch reparac\u00ed podpo\u0159il ned\u00e1vno tak\u00e9 Duda.<\/p>\n<\/div>\n<\/div>\n<div>\n<img decoding=\"async\" loading=\"lazy\" class=\"alignnone size-full wp-image-1185\" src=\"http:\/\/www.infokuryr.cz\/n\/wp-content\/uploads\/2021\/04\/kuryr-podpis.png\" alt=\"\" width=\"84\" height=\"24\" \/><\/div>\n<div>________________________________________<\/div>\n<\/div>\n<div><\/div>\n<div style=\"text-align: center;\"><span style=\"font-size: 18pt; color: #ff0000;\"><strong><a style=\"color: #ff0000;\" href=\"http:\/\/www.infokuryr.cz\/n\/2022\/09\/13\/skandal-v-spd-kontroversni-a-pravomocne-odsouzeny-tomas-jarolim-na-kandidatce-teplicke-spd\/\">\u010ct\u011bte zde: Pravomocn\u011b odsouzen\u00fd Tom\u00e1\u0161 Jarol\u00edm na kandid\u00e1tce SPD<\/a><\/strong>\u00a0<\/span><\/div>\n<div><\/div>\n<div><\/div>\n","protected":false},"excerpt":{"rendered":"<p>Krym je neodd\u011blitelnou sou\u010d\u00e1st\u00ed Rusk\u00e9 federace a RF bude pat\u0159i\u010dn\u011b reagovat na jak\u00e9koli n\u00e1roky na&#8230;<\/p>\n","protected":false},"author":2,"featured_media":2779,"comment_status":"closed","ping_status":"closed","sticky":false,"template":"","format":"standard","meta":[],"categories":[7],"tags":[1267,751,1151,31,22,26],"_links":{"self":[{"href":"https:\/\/www.infokuryr.cz\/n\/wp-json\/wp\/v2\/posts\/15390"}],"collection":[{"href":"https:\/\/www.infokuryr.cz\/n\/wp-json\/wp\/v2\/posts"}],"about":[{"href":"https:\/\/www.infokuryr.cz\/n\/wp-json\/wp\/v2\/types\/post"}],"author":[{"embeddable":true,"href":"https:\/\/www.infokuryr.cz\/n\/wp-json\/wp\/v2\/users\/2"}],"replies":[{"embeddable":true,"href":"https:\/\/www.infokuryr.cz\/n\/wp-json\/wp\/v2\/comments?post=15390"}],"version-history":[{"count":0,"href":"https:\/\/www.infokuryr.cz\/n\/wp-json\/wp\/v2\/posts\/15390\/revisions"}],"wp:featuredmedia":[{"embeddable":true,"href":"https:\/\/www.infokuryr.cz\/n\/wp-json\/wp\/v2\/media\/2779"}],"wp:attachment":[{"href":"https:\/\/www.infokuryr.cz\/n\/wp-json\/wp\/v2\/media?parent=15390"}],"wp:term":[{"taxonomy":"category","embeddable":true,"href":"https:\/\/www.infokuryr.cz\/n\/wp-json\/wp\/v2\/categories?post=15390"},{"taxonomy":"post_tag","embeddable":true,"href":"https:\/\/www.infokuryr.cz\/n\/wp-json\/wp\/v2\/tags?post=15390"}],"curies":[{"name":"wp","href":"https:\/\/api.w.org\/{rel}","templated":true}]}}