{"id":15386,"date":"2022-09-20T01:20:12","date_gmt":"2022-09-19T23:20:12","guid":{"rendered":"http:\/\/www.infokuryr.cz\/n\/?p=15386"},"modified":"2022-09-20T07:13:40","modified_gmt":"2022-09-20T05:13:40","slug":"eduard-chmelar-orgie-nedustojneho-kyce-staci-na-monarchii-neni-nic-uslechtileho","status":"publish","type":"post","link":"https:\/\/www.infokuryr.cz\/n\/2022\/09\/20\/eduard-chmelar-orgie-nedustojneho-kyce-staci-na-monarchii-neni-nic-uslechtileho\/","title":{"rendered":"Eduard Chmel\u00e1r: Orgie ned\u016fstojn\u00e9ho k\u00fd\u010de sta\u010d\u00ed, na monarchii nen\u00ed nic u\u0161lechtil\u00e9ho"},"content":{"rendered":"<div id=\"fb-root\"><\/div>\n<p><span style=\"font-size: 18pt;\"><strong>Eduard Chmel\u00e1r op\u011bt ne\u0161et\u0159il kritikou<\/strong><\/span><\/p>\n<p>\u201eDost bylo t\u011bch orgi\u00ed ned\u016fstojn\u00e9ho k\u00fd\u010de, co na to \u0159\u00edct? Sp\u00ed\u0161e o tom, \u017ee na monarchii nen\u00ed nic vzne\u0161en\u00e9ho a \u017ee jeho uct\u00edv\u00e1n\u00ed n\u00e1s vrac\u00ed k tomu, co generace nejlep\u0161\u00edch mu\u017e\u016f tohoto n\u00e1roda u\u017e d\u00e1vno zavrhly, vysv\u011btluji v n\u00e1sleduj\u00edc\u00edm \u010dl\u00e1nku,\u201c p\u00ed\u0161e politolog Eduard Chmel\u00e1r.<\/p>\n<p>Eduard Chmel\u00e1r p\u00ed\u0161e, \u017ee dne\u0161n\u00ed k\u00fd\u010dovit\u00e9 uct\u00edv\u00e1n\u00ed monarchie n\u00e1s vrac\u00ed do doby, kterou jsme d\u00e1vno zavrhli, a pop\u00edr\u00e1 ji. V\u00fdznam slovensk\u00fdch a \u010desk\u00fdch modern\u00edch d\u011bjin. \u010cl\u00e1nek zve\u0159ejn\u011bn\u00fd na port\u00e1lu casopisargument.cz uv\u00e1d\u00edme v pln\u00e9m zn\u011bn\u00ed. Tento \u010dl\u00e1nek jsem odkl\u00e1dal deset dn\u00ed, ne\u017e bude Al\u017eb\u011bta II. poh\u0159bena. Velmi dob\u0159e ch\u00e1pu ve\u0161kerou kritiku, ale nebudu to d\u011blat v obdob\u00ed smutku. Lid\u00e9 maj\u00ed pr\u00e1vo truchlit, pokud si to p\u0159ej\u00ed, a kr\u010dit se p\u0159ed majest\u00e1tem smrti nen\u00ed jen sou\u010d\u00e1st\u00ed dobr\u00e9 v\u00fdchovy, ale tak\u00e9 kultury, kter\u00e1 m\u00e1 \u00factu k lidem a jejich bolesti. To v\u0161ak neznamen\u00e1, \u017ee mus\u00edme v dlouhodob\u00e9m horizontu tolerovat orgie ned\u016fstojn\u00e9ho k\u00fd\u010de, kter\u00e9 n\u00e1s vracej\u00ed do civilizace, kterou jsme u\u017e d\u00e1vno zavrhli. M\u011bli bychom si uv\u011bdomit, \u017ee kdy\u017e se budeme klan\u011bt a\u017e k poklonkov\u00e1n\u00ed p\u0159ed monarchi\u00ed, zneuct\u00edme t\u00edm smysl na\u0161ich modern\u00edch d\u011bjin i celou na\u0161i historii. \u00a0historick\u00fd boj za rovnost a spravedlnost.<\/p>\n<p><span style=\"font-size: 18pt;\"><strong>Spor mezi Masarykem a \u0160tef\u00e1nikem o republiku<\/strong><\/span><\/p>\n<p>Od \u0160t\u00fara po \u0160tef\u00e1nika byly cel\u00e9 generace na\u0161ich vlastenc\u016f otev\u0159en\u00fdmi monarchisty. \u0160t\u00farova vzpoura<\/p>\n<p>(jej\u00ed\u017e vypuknut\u00ed 19. z\u00e1\u0159\u00ed 1848 si dnes p\u0159ipom\u00edn\u00e1me) prob\u00edhala pod heslem \u201eZa kr\u00e1le a slovensk\u00fd n\u00e1rod\u201c, a takov\u00e9to vz\u00fdv\u00e1n\u00ed monarchie nebylo v tomto revolu\u010dn\u00edm roce v Evrop\u011b nikde k vid\u011bn\u00ed. Ale i \u010de\u0161t\u00ed vlastenci z Palack\u00e9ho mlad\u00e9mu Masarykovi byli p\u0159esv\u011bd\u010deni, \u017ee pod habsburskou monarchi\u00ed jim bude nejl\u00e9pe. Do\u0161lo ke zm\u011bn\u011b n\u00e1zoru teprve postupn\u011b na konci prvn\u00ed sv\u011btov\u00e9 v\u00e1lky. Masaryk si za\u010dal uv\u011bdomovat, \u017ee vytvo\u0159en\u00ed nov\u00e9ho st\u00e1tu mus\u00ed b\u00fdt politick\u00fdm a soci\u00e1ln\u00edm revoluce a v tomto smyslu byl rozchod s monarchi\u00ed nevyhnuteln\u00fd. To se \u0160tef\u00e1nikovi nel\u00edbilo. V dopise Masarykovi z Tokia ze dne 2. listopadu. 1918 napsal, \u017ee je p\u0159ed\u010dasn\u00e9 z\u0159\u00eddit \u010cesko-Slovensko jako republiku. Tvrdil, \u017ee oni t\u0159i (s Bene\u0161em) nem\u011bli pr\u00e1vo reprezentovat v\u016fli n\u00e1roda. Souhlasil se zru\u0161en\u00edm \u201earchaick\u00e9ho feudalismu\u201c, ale up\u0159ednost\u0148oval konstitu\u010dn\u00ed monarchii a odm\u00edtal \u201efeud\u00e1ln\u00ed\u201c st\u00e1t.<\/p>\n<p><span style=\"font-size: 12pt;\"><strong>Volebn\u00ed pr\u00e1vo pro \u017eeny. V tom ho Masaryk (na\u0161t\u011bst\u00ed) obe\u0161el a na podob\u011b politick\u00e9ho re\u017eimu se dohodl v \u017denev\u011b s Karlem Kram\u00e1\u0159em. Zde je t\u0159eba upozornit na jednu v\u011bc. 28. \u0159\u00edjna 1918 v Praze a 30. \u0159\u00edjna v Martin\u011b nikdo nemluvil o republice. \u010ce\u0161tina a sloven\u0161tina<\/strong><\/span><\/p>\n<p>politick\u00e1 reprezentace se dohodla na vytvo\u0159en\u00ed spole\u010dn\u00e9ho \u010desko-slovensk\u00e9ho st\u00e1tu, ale jeho charakter ponechala na rozhodnut\u00ed n\u00e1rodn\u00edch parlament\u016f. \u010cesko-slovensk\u00e1 n\u00e1rodn\u00ed rada vytvo\u0159en\u00e1 Masarykem, \u0160tef\u00e1nikem a Bene\u0161em. Je v\u0161ak zcela z\u0159ejm\u00e9, \u017ee bez republiky a jej\u00edch ide\u00e1ly rovnosti, zaveden\u00ed v\u00fdhod v podob\u011b volebn\u00edho pr\u00e1va pro \u017eeny, sv\u00e1tk\u016f a dovolen\u00fdch, nemocensk\u00e9 a soci\u00e1ln\u00ed zabezpe\u010den\u00ed nebo zkr\u00e1cen\u00ed pracovn\u00ed doby na osm hodin denn\u011b. Prezident Masaryk se sna\u017eil vytvo\u0159it republik\u00e1nsk\u00e9 tradice, a\u010dkoli zpo\u010d\u00e1tku byl ne\u00fasp\u011b\u0161n\u00fd, proto\u017ee lid\u00e9 se nedok\u00e1zali zbavit sv\u00fdch monarchistick\u00fdch n\u00e1vyk\u016f a vid\u011bli v nich jen n\u00e1hradou za c\u00edsa\u0159e, kter\u00fd by m\u011bl b\u00fdt podobn\u011b poct\u011bn. Polo\u017eil v\u0161ak z\u00e1klady a a\u017e do n\u00e1stupu V\u00e1clava Havla a Slovensku Zuzany \u010caputov\u00e9 se nikdo ani nepokusil latentn\u011b ot\u0159\u00e1st monarchistick\u00fdmi prvky.<\/p>\n<p><strong><span style=\"font-size: 18pt;\">Monarchie je poz\u016fstatkem tyranie<\/span><\/strong><\/p>\n<p>Rozlou\u010dili jsme se s britskou kr\u00e1lovnou Al\u017eb\u011btou II. jako s mocn\u00fdm symbolem a ikonou jedn\u00e9 \u00e9ry, ale je nemocn\u00e9 ji resuscitovat.<\/p>\n<p>\u00dapadek monarchie. Na monarchii nen\u00ed nic vzne\u0161en\u00e9ho. Britsk\u00e1 monarchie je reliktem tyranie, monstr\u00f3zn\u00edm monumentem.<\/p>\n<p><span style=\"font-size: 18pt;\"><strong>Privilegovan\u00e9 hierarchie a drancov\u00e1n\u00ed n\u00e1rod\u016f<\/strong><\/span><\/p>\n<p>Jak poznamen\u00e1v\u00e1 jeden z nejv\u011bt\u0161\u00edch kritik\u016f britsk\u00e9 monarchie v historii, anglo-americk\u00fd filozof Thomas Paine, jeho\u017e d\u00edlo se pod\u00edlelo na zalo\u017een\u00ed Spojen\u00fdch st\u00e1t\u016f \u2013 je v\u00edce ne\u017e pravd\u011bpodobn\u00e9, \u017ee se jedn\u00e1 o to, \u017ee kdybychom mohli vystopovat historii kr\u00e1lovsk\u00e9ho rodu a\u017e k jeho ko\u0159en\u016fm, nena\u0161li bychom nic lep\u0161\u00edho ne\u017e primitivn\u00edho n\u00e1siln\u00edka, mistrn\u00fd zlo\u010dinec, kter\u00fd si sv\u00fdmi gangstersk\u00fdmi zp\u016fsoby zajistil moc a \u0161\u00ed\u0159en\u00edm sv\u00e9 ko\u0159isti p\u0159emohl bezbrann\u00e9, \u017ee si svou poslu\u0161nost\u00ed vykoupili vlastn\u00ed bezpe\u010dnost.<\/p>\n<p>Na n\u00e1mitku, \u017ee nem\u016f\u017eeme vinit kr\u00e1le Karla III. za zlo\u010diny jeho p\u0159edk\u016f, odpov\u00edd\u00e1m: nemus\u00edme, pokud se z\u0159ekne kr\u00e1lovsk\u00e1 pr\u00e1va jeho p\u0159edk\u016f. Pokud si v\u0161ak n\u00e1rokuje jejich pr\u00e1va na z\u00e1klad\u011b p\u016fvodu, mus\u00ed b\u00fdt na z\u00e1klad\u011b p\u016fvodu tak\u00e9 odpov\u011bdn\u00fd za jejich zlo\u010diny. Nav\u00edc bigotnost a t\u011b\u017ekop\u00e1dn\u00fd rasismus rodu Windsor\u016f by rozhodn\u011b nem\u011bly b\u00fdt n\u011b\u010d\u00edm, co by demokratick\u00fd st\u00e1ty stoj\u00ed v hlubok\u00e9 \u00fact\u011b. A\u017e do roku 1969 m\u011bli \u201ebarevn\u00ed p\u0159ist\u011bhovalci a cizinci\u201c zak\u00e1z\u00e1no pracovat v Buckinghamsk\u00e9m pal\u00e1ci.<\/p>\n<p>Princ Phillip byl zn\u00e1m\u00fd sv\u00fdmi \u010dast\u00fdmi rasistick\u00fdmi proh\u0159e\u0161ky. A skand\u00e1l, kdy kr\u00e1lovsk\u00e1 rodina vyj\u00e1d\u0159ila znepokojen\u00ed nad barvou pleti d\u00edt\u011bte. Barva pleti Harryho a Meghan vyvolala \u0161ok po cel\u00e9m sv\u011bt\u011b. Rasismus Windsor\u016f v\u0161ak rozhodn\u011b nen\u00ed \u017e\u00e1dn\u00fdm okrajov\u00fdm jevem. Ve skute\u010dnosti jsme se dozv\u011bd\u011bli o chov\u00e1n\u00ed tohoto chov\u00e1n\u00ed t\u00e9to rodiny n\u00e1m to \u0159\u00edk\u00e1: Ano, kapitalismus je v krizi. Ano, vl\u00e1dnouc\u00ed ideologie je v krizi. Ano, podm\u00ednky p\u0159e\u017eit\u00ed se kolem n\u00e1s mohou hroutit civilizace. Ano, miliony lid\u00ed ji\u017e um\u00edraj\u00ed na to, co je pravd\u011bpodobn\u011b prvn\u00ed z \u0159ady civiliza\u010dn\u00edch pohrom. Ano, demokracie je v \u00fapadku a s\u00edl\u00edc\u00edho neofa\u0161ismu se pravd\u011bpodobn\u011b st\u0159etnou v krvav\u00e9m st\u0159etu. P\u0159esto je monarchie v\u011b\u010dn\u00e1. Nen\u00ed zka\u017een\u00e1 do\u010dasnost\u00ed. Rozmno\u017euje se prost\u0159ednictv\u00edm pokrevn\u00ed linie. Dokud bude fungovat britsk\u00fd kapitalismus, dokud bude existovat imperi\u00e1ln\u00ed st\u00e1t, dokud bude vl\u00e1t britsk\u00e1 vlajka, tak dlouho bude \u017e\u00edt Brit\u00e1nie a lid\u00e9, kte\u0159\u00ed ji zosob\u0148uj\u00ed\u2026<\/p>\n<p>Ale pokud tomu n\u011bkdo v 21. stolet\u00ed v\u011b\u0159\u00ed, \u017eije ve l\u017ei. Ve l\u017ei, kterou historie u\u017e d\u00e1vno p\u0159ekonala. My\u0161lenka, \u017ee si ka\u017ed\u00fd jednotlivec zaslou\u017e\u00ed zauj\u00edmat nejvy\u0161\u0161\u00ed postaven\u00ed ve spole\u010densk\u00e9 hierarchii jen kv\u016fli sv\u00e9mu pokrevn\u00edmu p\u016fvodu, by m\u011blo b\u00fdt stejn\u011b ur\u00e1\u017eliv\u00e9 jako skute\u010dnost, \u017ee \u017eijeme ve sv\u011bt\u011b v n\u011bm\u017e se n\u011bkte\u0159\u00ed lid\u00e9 rod\u00ed do bohatstv\u00ed a jin\u00ed do chudoby.<\/p>\n<p>K\u00e9\u017e by britsk\u00fd st\u00e1t p\u0159estal teatr\u00e1ln\u011b oslavovat tuto odpornou my\u0161lenku, to by byl docela slu\u0161n\u00fd za\u010d\u00e1tek transformace t\u00e9to spole\u010dnosti. Lidstvo historicky opustilo \u00e9ru monarchi\u00ed, aby se v\u0161echny politick\u00e9 a spole\u010densk\u00e9 pozice byly otev\u0159eny v\u0161em mu\u017e\u016fm a \u017een\u00e1m, byla zru\u0161ena v\u0161echna privilegia plynouc\u00ed z bohatstv\u00ed a aby ka\u017ed\u00fd mu\u017e a ka\u017ed\u00e1 \u017eena, kte\u0159\u00ed se v takov\u00e9 zemi narod\u00ed, m\u011bli stejnou p\u0159\u00edle\u017eitost dos\u00e1hnout nejlep\u0161\u00edho postaven\u00ed ve st\u00e1t\u011b. V\u0161echna tato pr\u00e1va, kter\u00fdch jsme dos\u00e1hli jsme dos\u00e1hli d\u00edky republice.<\/p>\n<p><strong><span style=\"font-size: 18pt;\">Historick\u00fd boj za svobodu byl bojem proti monarchii<\/span><\/strong><\/p>\n<p>Britsk\u00e1 kr\u00e1lovsk\u00e1 rodina nijak nep\u0159isp\u011bla k povznesen\u00ed lidstva. \u017d\u00e1dn\u00fd jej\u00ed p\u0159edstavitel nepomohl k mor\u00e1ln\u00edmu pokroku, intelektu\u00e1ln\u00ed nebo materi\u00e1ln\u00ed pokrok spole\u010dnosti. Ani ve v\u011bd\u011b, ani v um\u011bn\u00ed, ani v literatu\u0159e, ani ve v\u00fdzkumu, ani ve vynal\u00e9z\u00e1n\u00ed, ani v humanizaci z\u00e1kon\u016f, ani v \u017e\u00e1dn\u00e9m jin\u00e9m oboru lidsk\u00e9 \u010dinnosti. Naopak. Tato kr\u00e1lovsk\u00e1 rodina se postavila proti ve\u0161ker\u00e9mu pokroku, ka\u017edou reformu, pron\u00e1sledoval ka\u017ed\u00e9ho vlastence a intrikoval proti ka\u017ed\u00e9 u\u017eite\u010dn\u00e9 v\u011bci. Jeho historii prov\u00e1zej\u00ed vra\u017edy, loupe\u017ee, \u00fatlak, cizolo\u017estv\u00ed, incest. Kdy\u017e se kr\u00e1l Karel I. pokusil vl\u00e1dnout bez parlamentu, vyvolal revoluci. Jeho pointa nespo\u010d\u00edvala v tom, \u017ee byl s\u0165at, ale \u017ee se Anglie stala na n\u011bkolik desetilet\u00ed centrem nejv\u00fdznamn\u011bj\u0161\u00edch sv\u011btov\u00fdch debat o nezcizitelnosti \u00a0pr\u00e1va \u010dlov\u011bka: svobodu projevu, svobodu shroma\u017e\u010fov\u00e1n\u00ed, svobodu sv\u011bdom\u00ed a svobodu n\u00e1bo\u017eensk\u00e9ho vyzn\u00e1n\u00ed. Ob\u010dansk\u00e1 v\u00e1lka byla existen\u010dn\u00edm bojem \u00a0mezi absolutismem a konstitucionalismem. Ti, kdo se postavili se zbran\u00ed v ruce proti kr\u00e1li, v\u011bd\u011bli, za co bojuj\u00ed a um\u00edraj\u00ed. Pro\u010d na to vedouc\u00ed p\u0159edstavitel\u00e9 dne\u0161n\u00edch \u00fadajn\u011b demokratick\u00fdch st\u00e1t\u016f zapomn\u011bli? Kam se pod\u011bla republik\u00e1nsk\u00e1 hrdost z dob, kdy bylo nejhor\u0161\u00ed ur\u00e1\u017ekou obvin\u011bn\u00ed, \u017ee byl krypto-monarchista? Thomas Jefferson tak urazil Alexandra Hamiltona<\/p>\n<p><span style=\"font-size: 18pt;\"><strong>Dnes by za to byli v B\u00edl\u00e9m dom\u011b ve Washingtonu nebo v prezidentsk\u00e9m pal\u00e1ci v Bratislav\u011b sp\u00ed\u0161e py\u0161n\u00ed<\/strong><\/span><\/p>\n<p>Teze, \u017ee koruna zaji\u0161\u0165uje stabilitu st\u00e1tu, se \u010dasto pou\u017e\u00edv\u00e1 jako argument ve prosp\u011bch monarchie. To zt\u011bles\u0148ovala Al\u017eb\u011bta II., i kdy\u017e jen navenek, proto\u017ee ve skute\u010dnosti mohla stejn\u011b dob\u0159e zt\u011bles\u0148ovat postupn\u00fd \u00fapadek \u0159\u00ed\u0161e, kter\u00e1 kr\u00e1tce p\u0159ed jej\u00edm n\u00e1stupem na tr\u016fn kontrolovala v\u010detn\u011b sv\u00fdch koloni\u00ed80 % zemsk\u00e9ho povrchu, a s jejich postupn\u00fdm zmen\u0161ov\u00e1n\u00edm \u00a0ztr\u00e1cela na hodnot\u011b nejen britsk\u00e1 libra, ale i velmocensk\u00e9 postaven\u00ed st\u00e1tu.<\/p>\n<p>To, co Al\u017eb\u011bta II. symbolizovala v o\u010d\u00edch rozru\u0161en\u00fdch mas, se v\u0161ak jen m\u00e1lo podobalo skute\u010dn\u00fdm d\u011bjin\u00e1m t\u00e9to monarchie, nebo\u0165 od ob\u010dansk\u00e9 v\u00e1lky a\u017e ke kr\u00e1li Eduardu VII., kter\u00fd byl nucen odstoupit nikoli kv\u016fli sv\u00fdm sympati\u00edm k nacismu (to se nepova\u017euje za slu\u0161n\u00e9 p\u0159ipom\u00ednat), \u00a0ale proto\u017ee si cht\u011bl vz\u00edt rozvedenou here\u010dku.<\/p>\n<p><span style=\"font-size: 18pt;\"><strong>Monarchie jako oligarchick\u00e1 struktura zalo\u017een\u00e1 na kolonialismu<\/strong><\/span><\/p>\n<p>Bylo by hezk\u00e9, kdyby se obyvatel\u00e9 demokratick\u00fdch st\u00e1t\u016f chovali jako vysp\u011bl\u00ed ob\u010dan\u00e9, kte\u0159\u00ed rozum\u011bj\u00ed tomu, \u017ee \u00a0v\u0161echny ty \u00a0kr\u00e1lovsk\u00e9 ceremonie, korunovace, svatby, poh\u0159by a dal\u0161\u00ed prost\u0159edky masov\u00e9 z\u00e1bavy jsou jen obrovsk\u00fdmi propagandistick\u00fdmi kampan\u011bmi imperialist\u016f a protidemokratick\u00e9 politick\u00e9 a soci\u00e1ln\u00ed struktury. Velk\u00e1 Brit\u00e1nie byla zalo\u017eena jako prvn\u00ed kapitalistick\u00e9 imp\u00e9rium a jako takov\u00e9 m\u00e1 pevn\u011b zakotvenou \u00a0strukturu sv\u00e1zanou s monarchi\u00ed a p\u0159ijalo jej\u00ed z\u00e1kladn\u00ed principy v koloni\u00e1ln\u00edch v\u00fdboj\u00edch. Windsorov\u00e9 nejsou jen kr\u00e1lovsk\u00e9 postavy z poh\u00e1dky. Je to jedna z nejbohat\u0161\u00edch rodin s majetkem 28 miliard liber. Kr\u00e1l Karel III. je nyn\u00ed nejv\u011bt\u0161\u00edm vlastn\u00edkem p\u016fdy na sv\u011bt\u011b, kter\u00e9 dohromady vlastn\u00ed 6,6 miliardy akr\u016f p\u016fdy, tedy \u0161estinu zemsk\u00e9ho povrchu. Pokud tu\u0161\u00edte, \u017ee kr\u00e1lovsk\u00e1 rodina z\u00edskala koloni\u00e1ln\u00edm drancov\u00e1n\u00edm, h\u00e1d\u00e1te spr\u00e1vn\u011b.<\/p>\n<p>D\u016fstojnost hledejte v tomto cirkusu, kter\u00fd na\u0161\u00ed prezidentku okouzlil jako pubert\u00e1ln\u00ed turistku, kter\u00e1 se poprv\u00e9 v \u017eivot\u011b dostala do Buckinghamsk\u00e9ho pal\u00e1ce, p\u0159evle\u010den\u00e1 se sv\u00fdm partnerem za rodinu Adamsov\u00fdch \u00a0a p\u0159esto tato \u00fadajn\u011b \u201ejedna z\u00a0nejvlivn\u011bj\u0161\u00edch \u017een sv\u011bta\u201c (jak se prezidentsk\u00fd pal\u00e1c r\u00e1d chlub\u00ed) nebude americkou tiskovou agenturou Associated Press pozn\u00e1na a jej\u00ed milenec je pova\u017eov\u00e1n za slovensk\u00e9ho prezidenta\u201c\u2026<\/p>\n<p>To je opravdu trapn\u00e9. Nav\u00edc je \u0161okuj\u00edc\u00ed, \u017ee v kol\u00e9bce demokracie jsou lid\u00e9 zat\u00fdk\u00e1ni jen za v\u00fdk\u0159ik \u201eKdo v\u00e1s zvolil?\u201c. nebo \u201ePry\u010d s monarchi\u00ed\u201c,<\/p>\n<p><span style=\"font-size: 18pt;\"><strong>Jak je brut\u00e1ln\u011b po\u0161lap\u00e1v\u00e1na svoboda slova<\/strong><\/span><\/p>\n<p>Pr\u00e1vn\u00edk a aktivista Paul Powlesland byl zat\u010den polici\u00ed na Parlamentn\u00edm n\u00e1m\u011bst\u00ed v Lond\u00fdn\u011b, a to z jedin\u00e9ho d\u016fvodu, za to, \u017ee dr\u017eel pr\u00e1zdn\u00fd list pap\u00edru s \u00famyslem napsat na n\u011bj \u201eNen\u00ed to m\u016fj kr\u00e1l\u201c. Nikoho nenapadlo, \u017ee je to \u00fapln\u011b stejn\u00fd zp\u016fsob, jak\u00fdm byli p\u0159ed n\u011bkolika m\u011bs\u00edci zat\u00fdk\u00e1ni ru\u0161t\u00ed demonstranti protestuj\u00edc\u00ed proti Putinov\u011b v\u00e1lce?<\/p>\n<p>Kdyby se Britov\u00e9 vzpamatovali z t\u00e9to kocoviny, nikdy by nem\u011bli lep\u0161\u00ed p\u0159\u00edle\u017eitost ke zru\u0161en\u00ed monarchie ne\u017e nyn\u00ed. Kdy\u017e v \u010dervnu 2014 ozn\u00e1mil \u0161pan\u011blsk\u00fd kr\u00e1l Juan Carlos I. svou abdikaci a desetitis\u00edce lid\u00ed vy\u0161ly do ulic Madridu, aby provol\u00e1valy sl\u00e1vu \u201eZ\u00edtra bude \u0160pan\u011blsko republika\u201c. B\u011bhem jedin\u00e9ho dne podepsalo petici za zru\u0161en\u00ed monarchie v\u00edce ne\u017e 100 000 lid\u00ed. V\u016fdce levicov\u00e9ho hnut\u00ed Podemos<\/p>\n<p>Pablo Iglesias vyzval k vytvo\u0159en\u00ed republiky ji\u017e v roce 2020 jako m\u00edstop\u0159edseda vl\u00e1dy. \u201eNeexistuje \u017e\u00e1dn\u00fd d\u016fvod, pro\u010d by m\u011bla pokra\u010dovat monarchie, kter\u00e1 postr\u00e1d\u00e1 etick\u00e9 hodnoty,\u201c prohl\u00e1sil. Demokratick\u00e9 republiky v\u0161ak s t\u011bmito republik\u00e1nsk\u00fdmi hnut\u00edmi nejsou solid\u00e1rn\u00ed. A\u017e 80 procent Kana\u010fan\u00e9 cht\u011bj\u00ed vytvo\u0159it republiku. P\u0159esto premi\u00e9r Justin Trudeau prok\u00e1zal svou loajalitu britsk\u00e9 korun\u011b. Hnut\u00ed za republiku bylo kdysi revolu\u010dn\u00edm hnut\u00edm. V dne\u0161n\u00edch republik\u00e1ch vl\u00e1dnou antidemokratick\u00e9 elity, kter\u00e9 se vz\u00e1jemn\u011b podporuj\u00ed. udr\u017een\u00ed hierarchie a vlastn\u00ed moci. To v\u0161ak nen\u00ed nic, co by si zaslou\u017eilo na\u0161i \u00factu a respekt. V 21. stolet\u00ed se starov\u011bk\u00e9 monarchie zalo\u017een\u00e9 na pokrevn\u00ed a rodov\u00e9 kontinuit\u011b nemaj\u00ed v 21. stolet\u00ed m\u00edsto. A ti, kte\u0159\u00ed n\u00e1s \u00fadajn\u011b \u201ezastupuj\u00ed\u201c, by m\u011bli alespo\u0148 to zohlednit.<\/p>\n<p><em>Instagram, Shutterstock, D\u00e1vid Grzn\u00e1r pro HD\u00a0<\/em><\/p>\n<p>____________________________________________<\/p>\n<p style=\"text-align: center;\"><span style=\"color: #ff0000; font-size: 18pt;\"><strong><a style=\"color: #ff0000;\" href=\"http:\/\/www.infokuryr.cz\/n\/2022\/09\/13\/skandal-v-spd-kontroversni-a-pravomocne-odsouzeny-tomas-jarolim-na-kandidatce-teplicke-spd\/\">\u010ct\u011bte zde: Pravomocn\u011b odsouzen\u00fd Tom\u00e1\u0161 Jarol\u00edm na kandid\u00e1tce SPD<\/a><\/strong><\/span><\/p>\n<p>&nbsp;<\/p>\n","protected":false},"excerpt":{"rendered":"<p>Eduard Chmel\u00e1r op\u011bt ne\u0161et\u0159il kritikou \u201eDost bylo t\u011bch orgi\u00ed ned\u016fstojn\u00e9ho k\u00fd\u010de, co na to \u0159\u00edct?&#8230;<\/p>\n","protected":false},"author":2,"featured_media":15387,"comment_status":"closed","ping_status":"closed","sticky":false,"template":"","format":"standard","meta":[],"categories":[6],"tags":[169,29,3372,303],"_links":{"self":[{"href":"https:\/\/www.infokuryr.cz\/n\/wp-json\/wp\/v2\/posts\/15386"}],"collection":[{"href":"https:\/\/www.infokuryr.cz\/n\/wp-json\/wp\/v2\/posts"}],"about":[{"href":"https:\/\/www.infokuryr.cz\/n\/wp-json\/wp\/v2\/types\/post"}],"author":[{"embeddable":true,"href":"https:\/\/www.infokuryr.cz\/n\/wp-json\/wp\/v2\/users\/2"}],"replies":[{"embeddable":true,"href":"https:\/\/www.infokuryr.cz\/n\/wp-json\/wp\/v2\/comments?post=15386"}],"version-history":[{"count":0,"href":"https:\/\/www.infokuryr.cz\/n\/wp-json\/wp\/v2\/posts\/15386\/revisions"}],"wp:featuredmedia":[{"embeddable":true,"href":"https:\/\/www.infokuryr.cz\/n\/wp-json\/wp\/v2\/media\/15387"}],"wp:attachment":[{"href":"https:\/\/www.infokuryr.cz\/n\/wp-json\/wp\/v2\/media?parent=15386"}],"wp:term":[{"taxonomy":"category","embeddable":true,"href":"https:\/\/www.infokuryr.cz\/n\/wp-json\/wp\/v2\/categories?post=15386"},{"taxonomy":"post_tag","embeddable":true,"href":"https:\/\/www.infokuryr.cz\/n\/wp-json\/wp\/v2\/tags?post=15386"}],"curies":[{"name":"wp","href":"https:\/\/api.w.org\/{rel}","templated":true}]}}