{"id":15331,"date":"2022-09-19T05:14:37","date_gmt":"2022-09-19T03:14:37","guid":{"rendered":"http:\/\/www.infokuryr.cz\/n\/?p=15331"},"modified":"2022-09-19T05:14:37","modified_gmt":"2022-09-19T03:14:37","slug":"dopadneme-takhle-nebo-se-dokazeme-postavit-globalni-lzidokracii-na-odpor","status":"publish","type":"post","link":"https:\/\/www.infokuryr.cz\/n\/2022\/09\/19\/dopadneme-takhle-nebo-se-dokazeme-postavit-globalni-lzidokracii-na-odpor\/","title":{"rendered":"Dopadneme takhle, nebo se dok\u00e1\u017eeme postavit glob\u00e1ln\u00ed l\u017eidokracii na odpor?"},"content":{"rendered":"<div id=\"fb-root\"><\/div>\n<p><span style=\"font-size: 18pt;\"><strong>Jeden den Jirky Kone\u010dn\u00fdho<\/strong><\/span><\/p>\n<p>Je brzy r\u00e1no, 18 \u00fanora 2036\u2026 \u010cip v m\u00e9 ruce za\u010dne p\u00edskat.<strong>\u00a0Sakra, co se d\u011bje, zd\u00e1 se mi, \u017ee sp\u00edm teprve p\u011bt minut. Otev\u00edr\u00e1m o\u010di, stisknu siln\u011b m\u00edsto na lev\u00e9 ruce, kde m\u00e1m implantovan\u00fd \u010dip a ten okam\u017eit\u011b p\u0159estane p\u00edskat.<\/strong><\/p>\n<p>Chci rozsv\u00edtit sv\u011btlo u postele<strong>, ale elekt\u0159ina nejde. V\u010dera nefoukal v\u00edtr a bylo \u00fapln\u011b zata\u017eeno. Cel\u00fd den. Vypnuli n\u00e1m sv\u011bteln\u00e9 obvody a kdy\u017e se zada\u0159\u00ed, tak p\u016fjdou aspo\u0148 z\u00e1suvky. Sed\u00e1m na postel a uv\u011bdomuji si, jak\u00e1 je v m\u00edstnosti zima. Sd\u00edlen\u00e9 ubytovny jsou vyt\u00e1p\u011bny v re\u017eimu C-2, co\u017e je maxim\u00e1ln\u011b na 12 stup\u0148\u016f<\/strong>. Mus\u00edm rychle rozkliknout informa\u010dn\u00ed panel na chodb\u011b a dostat se na svoji osobn\u00ed str\u00e1nku. Mus\u00edm zkr\u00e1tka zjistit, pro\u010d m\u011b bud\u00ed tak brzy.<\/p>\n<p>Vy\u0165uk\u00e1m svoji bankovn\u00ed identitu a jako PIN datum narozen\u00ed. Chv\u00edli \u010dek\u00e1m, syst\u00e9m je asi p\u0159et\u00ed\u017een\u00fd,<\/p>\n<p>u\u017e te\u010f r\u00e1no.\u00a0<strong>Dnes jsem m\u011bl pl\u00e1novan\u00e9 \u0161kolen\u00ed na Havlov\u011b universit\u011b Brno, vybral jsem si t\u00e9ma Dobrovolnictv\u00ed ve sd\u00edlen\u00e9 ekonomice. Z\u00edtra jsem m\u011bl m\u00edt cyklus p\u0159edn\u00e1\u0161ek na Universit\u011b Georga Floyda, t\u00e9ma Bezemisn\u00ed hospod\u00e1\u0159stv\u00ed. Doufal jsem, \u017ee si tak vylep\u0161\u00edm sv\u016fj soci\u00e1ln\u00ed kredit, kter\u00fd m\u011b spadl na 30%.<\/strong><\/p>\n<p>Sakra, sakra, sakra. EU, department Ji\u017en\u00ed Morava, 18.02. 2036 Zpr\u00e1va pro: Ji\u0159\u00edho Kone\u010dn\u00fdho Obsah zpr\u00e1vy: Dne 17.02. 2036 jste poru\u0161il pravidla komunity sd\u00edlen\u00e9 ubytovny. P\u0159estupek:\u00a0<strong>Konzumace tab\u00e1kov\u00e9ho v\u00fdrobku v objektu Sd\u00edlen\u00e1 ubytovna G-34. Na\u0159\u00edzen\u00ed departmentu: Dne 18.02. 2036 jste povinnen nastoupit na dvan\u00e1ctihodinovou pracovn\u00ed sm\u011bnu do m\u011bstsk\u00e9 ekologick\u00e9 t\u0159\u00edd\u00edrny komun\u00e1ln\u00ed odpadu na linku selekce odpadu. V\u016fz pro odvoz do t\u0159\u00edd\u00edrny bude p\u0159istaven p\u0159ed ubytovnou G-34 ve 04.30 hod, \u010dekac\u00ed doba max. 2 minuty. Nenastoupen\u00ed na sm\u011bnu bude pova\u017eov\u00e1no za poru\u0161en\u00ed pravidla komunity a V\u00e1\u0161 osobn\u00ed kredit bude sn\u00ed\u017een o 10%. D\u011bkuji za pozornost t\u00e9to zpr\u00e1v\u011b. St\u0159edisko spr\u00e1vy Departmentu Ji\u017en\u00ed Morava, sekce Brno Sakra, sakra, sakra!<\/strong><\/p>\n<p>V\u010dera jsem dostal od Kl\u00e1rky jednu drahocennou cigaretu a t\u011b\u0161il jsem se, \u017ee si ji vykou\u0159\u00edm p\u0159ed span\u00edm.\u00a0<strong>Myslel jsem, \u017ee v tom star\u00fdm skladu za pr\u00e1delnou nejsou kamery, ale bohu\u017eel jsem se stra\u0161n\u011b m\u00fdlil. Kamery maj\u00ed ti hajzl\u00edci prost\u011b u\u017e v\u0161ude.. Rychle se je\u0161t\u011b pod\u00edv\u00e1m na sv\u016fj sv\u016fj soci\u00e1ln\u00ed kredit. Sakra, sakra, sakra! M\u00e1m jenom 20%!\u00a0<\/strong>To je fakt pr\u016fser. Nem\u016f\u017eu si samostatn\u011b nic koupit, budou mi dovezeny pouze z\u00e1kladn\u00ed potraviny dle v\u00fdb\u011bru komunity, a to a\u017e do doby, ne\u017e se m\u011b poda\u0159\u00ed nav\u00fd\u0161it kredit aspo\u0148 na 30%. Sakra, sakra, sakra!<\/p>\n<p><strong>V posledn\u00ed dob\u011b to \u0159\u00edk\u00e1m prakticky po\u0159\u00e1d. P\u0159estalo se mi \u00fapln\u011b da\u0159it. Vystudoval jsem Enviroment\u00e1ln\u00ed studia na Universit\u011b Joe Bidena a Komunitn\u00ed sociologii na Universit\u011b Georga Floyda. M\u011bl jsem na\u0161l\u00e1pnuto na hodn\u011b dobrou st\u00e1\u017e v Bruselu.<\/strong>\u00a0Pak p\u0159i\u0161el ten pr\u016fser s d\u011bdou. D\u011bde\u010dek Franti\u0161ek, kter\u00e9ho jsem tak miloval jako mal\u00fd kluk. Ty pr\u00e1zdninky u n\u011bho na venkov\u011b\u2026<\/p>\n<p>D\u011bda bydlel s\u00e1m na Vyso\u010din\u011b a nemohl se vzd\u00e1t sv\u00e9ho hospod\u00e1\u0159stv\u00ed. Po\u0159\u00e1d jsme mu s t\u00e1tou domlouvaly, aby okam\u017eit\u011b p\u0159estal s p\u011bstov\u00e1n\u00edm kr\u00e1l\u00edk\u016f a slepic.\u00a0<strong>On n\u00e1s v\u016fbec neposlouchal a dokonce si n\u011bkde po\u0159\u00eddil sel\u00e1tko a za\u010dal vykrmovat prase. Z\u00e1va\u017en\u011b poru\u0161il pravidla Departmentu o bezemisn\u00edm hospoda\u0159en\u00ed. Po\u0159\u00e1d spol\u00e9hal, \u017ee na n\u011bho nep\u0159ijdou. Zelen\u00e9 hl\u00eddky to ale vy\u010dmuchaly. D\u011bdu odvezli do sb\u011brn\u00e9ho t\u00e1bora. Za t\u00fdden p\u0159i\u0161la zpr\u00e1va, \u017ee d\u011bda je po smrti, p\u0159\u00ed\u010dinu smrti neuvedli.\u00a0<\/strong>Jeho vina padla na m\u011b a t\u00e1tu. Klesl n\u00e1m osobn\u00ed kredit na 5% a t\u00edm jsem pozbyli v\u0161echna pr\u00e1va \u010dlena komunity. Katastrofa, velk\u00e1 katastrofa\u2026<\/p>\n<p><strong>Nakonec jsme z toho s t\u00e1tou vybruslily. Vzdaly jsme se d\u011bdictv\u00ed po d\u011bdovi ve prosp\u011bch Departmentu a t\u00edm n\u00e1m p\u0159i\u010detli ke kreditu 30%. Ani jsme t\u00e9 chalupy, st\u00e1j\u00ed a pole nelitovaly, stejn\u011b by jsme tam nemohly jezdit, kdy\u017e komunita vyhl\u00e1sila omezenou mobilitu<\/strong>. Sakra, sakra, sakra!<\/p>\n<p>Za chv\u00edli je tady autonomn\u00ed v\u016fz a j\u00e1 tady sed\u00edm v t\u00e9 zim\u011b na posteli a vzpom\u00edn\u00e1m na d\u011bdu. Nah\u00e1z\u00edm na sebe oble\u010den\u00ed z prodejny od\u011bv\u016f z recyklovan\u00e9ho materi\u00e1lu a pohledem pohlad\u00edm to n\u00e1dhern\u00e9 \u010derven\u00e9 triko, kter\u00e9 jsem dostal loni od Kl\u00e1ry. Ta kr\u00e1va Diana m\u011b udala na Komunitn\u00edm v\u00fdboru, \u017ee m\u00e1m textil z nerecyklovan\u00e9ho materi\u00e1lu. J\u00ed p\u0159idali 15% kreditu a m\u011b ubrali 10%.\u00a0<strong>Proto\u017ee jsem souhlasil s t\u00fddenn\u00ed dobrovolnou brig\u00e1dou na BIO Farm\u011b \u017didlochovice, triko m\u011b ponechali. Aspo\u0148 n\u011b<\/strong>co..<\/p>\n<p>U\u017e mus\u00edm ut\u00edkat, je\u0161t\u011b si opl\u00e1chnu obli\u010dej ve spole\u010dn\u00e9 um\u00fdv\u00e1rn\u011b. Studen\u00e1 voda m\u011b definitivn\u011b probere. Snad dnes bude sv\u00edtit slunko a ve\u010der pote\u010de tepl\u00e1\u2026 Je brzy r\u00e1no, 18 \u00fanora 2036\u2026<\/p>\n<p><img decoding=\"async\" loading=\"lazy\" class=\"alignnone size-full wp-image-1185\" src=\"http:\/\/www.infokuryr.cz\/n\/wp-content\/uploads\/2021\/04\/kuryr-podpis.png\" alt=\"\" width=\"84\" height=\"24\" \/><\/p>\n<p>__________________________________________________<\/p>\n<p style=\"text-align: center;\"><span style=\"font-size: 18pt; color: #ff0000;\"><strong><a style=\"color: #ff0000;\" href=\"http:\/\/www.infokuryr.cz\/n\/2022\/09\/13\/skandal-v-spd-kontroversni-a-pravomocne-odsouzeny-tomas-jarolim-na-kandidatce-teplicke-spd\/\">\u010ct\u011bte zde: Pravomocn\u011b odsouzen\u00fd Tom\u00e1\u0161 Jarol\u00edm na kandid\u00e1tce SPD<\/a><\/strong>\u00a0<\/span><\/p>\n<p>&nbsp;<\/p>\n<p>&nbsp;<\/p>\n","protected":false},"excerpt":{"rendered":"<p>Jeden den Jirky Kone\u010dn\u00fdho Je brzy r\u00e1no, 18 \u00fanora 2036\u2026 \u010cip v m\u00e9 ruce za\u010dne&#8230;<\/p>\n","protected":false},"author":2,"featured_media":9980,"comment_status":"closed","ping_status":"closed","sticky":false,"template":"","format":"standard","meta":[],"categories":[6],"tags":[2894,3363,29,3058],"_links":{"self":[{"href":"https:\/\/www.infokuryr.cz\/n\/wp-json\/wp\/v2\/posts\/15331"}],"collection":[{"href":"https:\/\/www.infokuryr.cz\/n\/wp-json\/wp\/v2\/posts"}],"about":[{"href":"https:\/\/www.infokuryr.cz\/n\/wp-json\/wp\/v2\/types\/post"}],"author":[{"embeddable":true,"href":"https:\/\/www.infokuryr.cz\/n\/wp-json\/wp\/v2\/users\/2"}],"replies":[{"embeddable":true,"href":"https:\/\/www.infokuryr.cz\/n\/wp-json\/wp\/v2\/comments?post=15331"}],"version-history":[{"count":0,"href":"https:\/\/www.infokuryr.cz\/n\/wp-json\/wp\/v2\/posts\/15331\/revisions"}],"wp:featuredmedia":[{"embeddable":true,"href":"https:\/\/www.infokuryr.cz\/n\/wp-json\/wp\/v2\/media\/9980"}],"wp:attachment":[{"href":"https:\/\/www.infokuryr.cz\/n\/wp-json\/wp\/v2\/media?parent=15331"}],"wp:term":[{"taxonomy":"category","embeddable":true,"href":"https:\/\/www.infokuryr.cz\/n\/wp-json\/wp\/v2\/categories?post=15331"},{"taxonomy":"post_tag","embeddable":true,"href":"https:\/\/www.infokuryr.cz\/n\/wp-json\/wp\/v2\/tags?post=15331"}],"curies":[{"name":"wp","href":"https:\/\/api.w.org\/{rel}","templated":true}]}}