{"id":15291,"date":"2022-09-19T01:00:15","date_gmt":"2022-09-18T23:00:15","guid":{"rendered":"http:\/\/www.infokuryr.cz\/n\/?p=15291"},"modified":"2022-09-18T19:08:35","modified_gmt":"2022-09-18T17:08:35","slug":"ctyri-celebrity-zemrou-nahle-behem-tydne","status":"publish","type":"post","link":"https:\/\/www.infokuryr.cz\/n\/2022\/09\/19\/ctyri-celebrity-zemrou-nahle-behem-tydne\/","title":{"rendered":"\u010cty\u0159i celebrity zem\u0159ou n\u00e1hle b\u011bhem t\u00fddne"},"content":{"rendered":"<div id=\"fb-root\"><\/div>\n<div class=\"elementor-element elementor-element-1fb4c2c elementor-widget elementor-widget-theme-post-content\" data-id=\"1fb4c2c\" data-element_type=\"widget\" data-widget_type=\"theme-post-content.default\">\n<div class=\"elementor-widget-container\">\n<p><strong>\u010cty\u0159i prominentn\u00ed osobnosti filmov\u00e9ho a sportovn\u00edho pr\u016fmyslu b\u011bhem t\u00fddne ne\u010dekan\u011b zem\u0159ely, p\u0159\u00ed\u010diny smrti pr\u00fd nejsou zn\u00e1my.<\/strong><\/p>\n<p><span>(\u010cl\u00e1nek od Yudi Sherman, znovu publikov\u00e1n z\u00a0<\/span><a href=\"https:\/\/americasfrontlinenews.com\/post\/four-celebrities-die-suddenly-within-one-week\" target=\"_blank\" rel=\"noreferrer noopener\" data-type=\"URL\" data-id=\"https:\/\/americasfrontlinenews.com\/post\/four-celebrities-die-suddenly-within-one-week\"><span>AmericanFrontlineNews.com<\/span><\/a><span>\u00a0)<\/span><\/p>\n<p><span>Prvn\u00ed na \u0159ad\u011b byla b\u00fdval\u00e1 fotbalov\u00e1 hv\u011bzda Notre Dame Paul Duncan, kter\u00fd zem\u0159el 15. \u010dervna ve v\u011bku 35 let pot\u00e9, co utrp\u011bl n\u00e1hlou z\u00e1stavu srdce p\u0159i b\u011bhu.<\/span><\/p>\n<p><span>&#8222;Budeme m\u00edt l\u00e9ka\u0159skou prohl\u00eddku, abychom ur\u010dili p\u0159\u00ed\u010dinu smrti,&#8220; uvedla na Instagramu jeho man\u017eelka Ellen Duncanov\u00e1.<\/span><\/p>\n<p><span>Duncana n\u00e1sledovala b\u00fdval\u00e1 fotbalov\u00e1 hv\u011bzda NFL Charles Johnson, kter\u00fd n\u00e1hle zem\u0159el 19. \u010dervna ve v\u011bku 50 let.\u00a0Smrt v\u00edt\u011bze Super Bowlu je v \u0161et\u0159en\u00ed a p\u0159\u00ed\u010dina smrti zat\u00edm nebyla zve\u0159ejn\u011bna, uv\u00e1d\u00ed\u00a0<\/span><a href=\"https:\/\/www.cbs17.com\/news\/local-news\/wake-county-news\/raleigh-police-investigating-after-charles-johnson-super-bowl-winner-who-coached-in-wake-forest-dies\/?ipid=promo-link-block1\" target=\"_blank\" rel=\"noreferrer noopener\" data-type=\"URL\" data-id=\"https:\/\/www.cbs17.com\/news\/local-news\/wake-county-news\/raleigh-police-investigating-after-charles-johnson-super-bowl-winner-who-coached-in-wake-forest-dies\/?ipid=promo-link-block1\"><span>CBS17<\/span><\/a><span>\u00a0.<\/span><\/p>\n<p><span>Ve stejn\u00fd den byla ve v\u011bku 41 let nalezena\u00a0<\/span><a href=\"https:\/\/www.usmagazine.com\/celebrity-news\/pictures\/agt-contestant-nolan-neal-dead-at-age-41-5-things-to-know\/\" target=\"_blank\" rel=\"noreferrer noopener\" data-type=\"URL\" data-id=\"https:\/\/www.usmagazine.com\/celebrity-news\/pictures\/agt-contestant-nolan-neal-dead-at-age-41-5-things-to-know\/\"><span>mrtv\u00e1<\/span><\/a><span>\u00a0hv\u011bzda The Voice a America&#8217;s Got Talent Nolan Neal , p\u0159\u00ed\u010dina smrti nen\u00ed zn\u00e1ma.<\/span><\/p>\n<p><span>Here\u010dka a zp\u011bva\u010dka Shonka Dukureh, kter\u00e1 hr\u00e1la v ned\u00e1vno vydan\u00e9m \u017eivotopisn\u00e9m filmu o Elvisovi, byla ve \u010dtvrtek nalezena mrtv\u00e1 ve sv\u00e9m dom\u011b v Nashvillu ve v\u011bku 44 let.\u00a0<\/span><a href=\"https:\/\/www.foxnews.com\/entertainment\/elvis-actress-shonka-dukureh-dead-nashville\" target=\"_blank\" rel=\"noreferrer noopener\" data-type=\"URL\" data-id=\"https:\/\/www.foxnews.com\/entertainment\/elvis-actress-shonka-dukureh-dead-nashville\"><span>Fox News uv\u00e1d\u00ed<\/span><\/a><span>\u00a0, \u017ee policejn\u00ed odd\u011blen\u00ed nashvillsk\u00e9ho metra vylu\u010duje trestn\u00fd \u010din, ale nezve\u0159ejnilo p\u0159\u00ed\u010dinu smrti.<\/span><\/p>\n<p><span>Hv\u011bzda American Pickers Frank Fritz, i kdy\u017e nezem\u0159el, byl ve \u010dtvrtek hospitalizov\u00e1n pot\u00e9, co utrp\u011bl n\u00e1hlou mrtvici.<\/span><\/p>\n<p><span>&#8222;Frank utrp\u011bl mrtvici a je v nemocnici,&#8220; napsal ve \u010dtvrtek Fritz\u016fv p\u0159\u00edtel Mike Wolfe na Instagramu.\u00a0\u201ePros\u00edm, m\u011bjte ho ve sv\u00fdch srdc\u00edch a mysl\u00edch.\u00a0Franku, modl\u00edm se v\u00edc ne\u017e cokoliv jin\u00e9ho, \u200b\u200babys to zvl\u00e1dl v po\u0159\u00e1dku.\u00a0Miluji t\u011b kamar\u00e1de.&#8220;<\/span><\/p>\n<p><span>Minul\u00fd m\u011bs\u00edc\u00a0<\/span><a href=\"https:\/\/americasfrontlinenews.com\/post\/comedian-who-mocked-unvaccinated-dies-suddenly\" target=\"_blank\" rel=\"noreferrer noopener\" data-type=\"URL\" data-id=\"https:\/\/americasfrontlinenews.com\/post\/comedian-who-mocked-unvaccinated-dies-suddenly\"><span>americk\u00fd<\/span><\/a><span>\u00a0zpravodajsk\u00fd kan\u00e1l Frontline News informoval o smrti kanadsk\u00e9ho komika Nicka Nemeroffa, kter\u00fd n\u00e1hle zem\u0159el ve sp\u00e1nku bez zjevn\u00e9 p\u0159\u00ed\u010diny.\u00a0Tento 32let\u00fd komik zaznamenal skromn\u00fd \u00fasp\u011bch s vystoupen\u00edmi v kanadsk\u00e9 televizi a Conan O&#8217;Brien a byl nominov\u00e1n na komedi\u00e1ln\u00ed album roku na Juno Awards 2021.<\/span><\/p>\n<p><span>Minul\u00fd m\u011bs\u00edc tak\u00e9 n\u00e1hle ve sp\u00e1nku\u00a0<\/span><a href=\"https:\/\/americasfrontlinenews.com\/post\/gwen-castens-death-remains-a-mystery\" target=\"_blank\" rel=\"noreferrer noopener\" data-type=\"URL\" data-id=\"https:\/\/americasfrontlinenews.com\/post\/gwen-castens-death-remains-a-mystery\"><span>zem\u0159ela<\/span><\/a><span>\u00a0dcera Gwen (17) poslance Seana Castena (D-IL) .\u00a0P\u0159\u00ed\u010dina smrti nebyla zve\u0159ejn\u011bna a jej\u00ed smrt z\u016fst\u00e1v\u00e1 z\u00e1hadou.\u00a0Z\u00e1stupce Casten neodpov\u011bd\u011bl na \u017e\u00e1dost americk\u00e9 Frontline News o aktualizaci.<\/span><\/p>\n<p><span>M\u00e9dia\u00a0<\/span><a href=\"https:\/\/americasfrontlinenews.com\/post\/media-report-mysterious-deaths-among-young-healthy-people\" target=\"_blank\" rel=\"noreferrer noopener\" data-type=\"URL\" data-id=\"https:\/\/americasfrontlinenews.com\/post\/media-report-mysterious-deaths-among-young-healthy-people\"><span>hl\u00e1s\u00ed<\/span><\/a><span>\u00a0alarmuj\u00edc\u00ed n\u00e1r\u016fst &#8222;z\u00e1hadn\u00fdch&#8220; \u00famrt\u00ed mezi mlad\u00fdmi, zdrav\u00fdmi lidmi, matouc\u00edmi l\u00e9ka\u0159i.\u00a0Tato \u00famrt\u00ed jsou nej\u010dast\u011bj\u0161\u00ed u lid\u00ed mlad\u0161\u00edch 40 let a obvykle jsou zp\u016fsobena z\u00e1stavou srdce.<\/span><\/p>\n<p><span>L\u00e9ka\u0159i jsou \u00fadajn\u011b \u201ezmaten\u00ed\u201c a dokonce pro tento fenom\u00e9n vymysleli term\u00edn: Syndrom n\u00e1hl\u00e9ho \u00famrt\u00ed dosp\u011bl\u00fdch (SADS).<\/span><\/p>\n<p><span>\u201eCo je SAD?\u00a0Zdrav\u00ed mlad\u00ed lid\u00e9 um\u00edraj\u00ed na syndrom n\u00e1hl\u00e9ho \u00famrt\u00ed dosp\u011bl\u00fdch ,\u00a0\u201c uv\u00e1d\u00ed\u00a0<\/span><a href=\"https:\/\/www.news.com.au\/lifestyle\/health\/health-problems\/what-is-sads-healthy-young-people-dying-from-sudden-adult-death-syndrome\/news-story\/97a476dd99caaf638cd1c15baabbc5d4\" target=\"_blank\" rel=\"noreferrer noopener\" data-type=\"URL\" data-id=\"https:\/\/www.news.com.au\/lifestyle\/health\/health-problems\/what-is-sads-healthy-young-people-dying-from-sudden-adult-death-syndrome\/news-story\/97a476dd99caaf638cd1c15baabbc5d4\"><span>news.com.au.<\/span><\/a><\/p>\n<p><span>&#8222;Zdrav\u00ed mlad\u00ed lid\u00e9 n\u00e1hle a ne\u010dekan\u011b um\u00edraj\u00ed na z\u00e1hadn\u00fd syndrom &#8211; a l\u00e9ka\u0159i pou\u017e\u00edvaj\u00ed nov\u00fd n\u00e1rodn\u00ed registr k hled\u00e1n\u00ed odpov\u011bd\u00ed,&#8220; napsal\u00a0<\/span><a href=\"https:\/\/www.dailymail.co.uk\/news\/article-10895067\/Doctors-trying-determine-young-people-suddenly-dying.html\" target=\"_blank\" rel=\"noreferrer noopener\" data-type=\"URL\" data-id=\"https:\/\/www.dailymail.co.uk\/news\/article-10895067\/Doctors-trying-determine-young-people-suddenly-dying.html\"><span>Daily Mail<\/span><\/a><span>\u00a0.<\/span><\/p>\n<p><span>\u201eSADS je \u201azast\u0159e\u0161uj\u00edc\u00ed term\u00edn pro popis neo\u010dek\u00e1van\u00e9 smrti u mlad\u00fdch lid\u00ed\u2018,\u201c stoj\u00ed v prohl\u00e1\u0161en\u00ed s odkazem na Royal Australian College of General Practitioners.<\/span><\/p>\n<p>Ka\u017edop\u00e1dn\u011b v\u0161ichni byli o\u010dkovan\u00ed vakc\u00ednou proti Covid-19<\/p>\n<\/div>\n<\/div>\n<div class=\"elementor-element elementor-element-8c57238 quelle dc-has-condition dc-condition-empty elementor-widget elementor-widget-heading\" data-id=\"8c57238\" data-element_type=\"widget\" data-widget_type=\"heading.default\">\n<div class=\"elementor-widget-container\">\n<h3 class=\"elementor-heading-title elementor-size-default\"><span style=\"font-size: 8pt;\"><a href=\"https:\/\/www.naturalnews.com\/2022-09-16-four-celebrities-die-suddenly-within-one-week.html\" target=\"_blank\" rel=\"nofollow noopener\">ZDROJ<\/a><\/span><\/h3>\n<p>____________________________________________<\/p>\n<p style=\"text-align: center;\"><span style=\"font-size: 18pt;\"><strong><a href=\"http:\/\/www.infokuryr.cz\/n\/2022\/09\/13\/skandal-v-spd-kontroversni-a-pravomocne-odsouzeny-tomas-jarolim-na-kandidatce-teplicke-spd\/\">\u010ct\u011bte zde: Pravomocn\u011b odsouzen\u00fd Tom\u00e1\u0161 Jarol\u00edm na kandid\u00e1tce SPD<\/a><\/strong><\/span><\/p>\n<\/div>\n<p>&nbsp;<\/p>\n<\/div>\n","protected":false},"excerpt":{"rendered":"<p>\u010cty\u0159i prominentn\u00ed osobnosti filmov\u00e9ho a sportovn\u00edho pr\u016fmyslu b\u011bhem t\u00fddne ne\u010dekan\u011b zem\u0159ely, p\u0159\u00ed\u010diny smrti pr\u00fd nejsou&#8230;<\/p>\n","protected":false},"author":2,"featured_media":12722,"comment_status":"closed","ping_status":"closed","sticky":false,"template":"","format":"standard","meta":[],"categories":[7],"tags":[2824,23,523,651],"_links":{"self":[{"href":"https:\/\/www.infokuryr.cz\/n\/wp-json\/wp\/v2\/posts\/15291"}],"collection":[{"href":"https:\/\/www.infokuryr.cz\/n\/wp-json\/wp\/v2\/posts"}],"about":[{"href":"https:\/\/www.infokuryr.cz\/n\/wp-json\/wp\/v2\/types\/post"}],"author":[{"embeddable":true,"href":"https:\/\/www.infokuryr.cz\/n\/wp-json\/wp\/v2\/users\/2"}],"replies":[{"embeddable":true,"href":"https:\/\/www.infokuryr.cz\/n\/wp-json\/wp\/v2\/comments?post=15291"}],"version-history":[{"count":1,"href":"https:\/\/www.infokuryr.cz\/n\/wp-json\/wp\/v2\/posts\/15291\/revisions"}],"predecessor-version":[{"id":15292,"href":"https:\/\/www.infokuryr.cz\/n\/wp-json\/wp\/v2\/posts\/15291\/revisions\/15292"}],"wp:featuredmedia":[{"embeddable":true,"href":"https:\/\/www.infokuryr.cz\/n\/wp-json\/wp\/v2\/media\/12722"}],"wp:attachment":[{"href":"https:\/\/www.infokuryr.cz\/n\/wp-json\/wp\/v2\/media?parent=15291"}],"wp:term":[{"taxonomy":"category","embeddable":true,"href":"https:\/\/www.infokuryr.cz\/n\/wp-json\/wp\/v2\/categories?post=15291"},{"taxonomy":"post_tag","embeddable":true,"href":"https:\/\/www.infokuryr.cz\/n\/wp-json\/wp\/v2\/tags?post=15291"}],"curies":[{"name":"wp","href":"https:\/\/api.w.org\/{rel}","templated":true}]}}