{"id":15269,"date":"2022-09-18T01:11:39","date_gmt":"2022-09-17T23:11:39","guid":{"rendered":"http:\/\/www.infokuryr.cz\/n\/?p=15269"},"modified":"2022-09-17T18:53:37","modified_gmt":"2022-09-17T16:53:37","slug":"generalni-tajemnik-osn-oznamil-temata-jednani-s-lavrovem","status":"publish","type":"post","link":"https:\/\/www.infokuryr.cz\/n\/2022\/09\/18\/generalni-tajemnik-osn-oznamil-temata-jednani-s-lavrovem\/","title":{"rendered":"Gener\u00e1ln\u00ed tajemn\u00edk OSN ozn\u00e1mil t\u00e9mata jedn\u00e1n\u00ed s Lavrovem"},"content":{"rendered":"<div id=\"fb-root\"><\/div>\n<p><strong>V r\u00e1mci nadch\u00e1zej\u00edc\u00edho zased\u00e1n\u00ed Valn\u00e9ho shrom\u00e1\u017ed\u011bn\u00ed OSN projedn\u00e1 gener\u00e1ln\u00ed tajemn\u00edk mezin\u00e1rodn\u00ed organizace Ant\u00f3nio Guterres s ministrem zahrani\u010dn\u00edch v\u011bc\u00ed RF Sergejem Lavrovem ot\u00e1zky \u201epotravinov\u00e9 dohody\u201c a exportu rusk\u00fdch potravin a hnojiv. Ozn\u00e1mil to s\u00e1m gener\u00e1ln\u00ed tajemn\u00edk 16. z\u00e1\u0159\u00ed v rozhovoru pro Sputnik.<\/strong><\/p>\n<p>Guterres \u0159ekl, \u017ee 14. z\u00e1\u0159\u00ed posoudil tyto ot\u00e1zky s prezidentem RF Vladimirem Putinem. A te\u010f se budou tato t\u00e9mata projedn\u00e1vat s Lavrovem, podotkl gener\u00e1ln\u00ed tajemn\u00edk OSN.<\/p>\n<p>Uvedl rovn\u011b\u017e, \u017ee dod\u00e1vky rusk\u00fdch potravin jsou nezbytn\u00fdm n\u00e1strojem v boji proti krizi s hnojivy ve sv\u011bt\u011b. Guterres dodal, \u017ee OSN pracuje nyn\u00ed na vytvo\u0159en\u00ed nezbytn\u00fdch podm\u00ednek ke zru\u0161en\u00ed v\u0161ech omezen\u00ed pro Rusko v t\u00e9to ot\u00e1zce.<\/p>\n<p>\u201eA projedn\u00e1me samoz\u0159ejm\u011b i jin\u00e9 aspekty ukrajinsk\u00e9ho konfliktu, probl\u00e9my klimatu a celou mezin\u00e1rodn\u00ed agendu,\u201c \u0159ekl v z\u00e1v\u011bru gener\u00e1ln\u00ed tajemn\u00edk OSN.<\/p>\n<p>Valn\u00e9 shrom\u00e1\u017ed\u011bn\u00ed OSN se bude poprv\u00e9 za dva roky konat v prezen\u010dn\u00edm form\u00e1tu v hlavn\u00edm s\u00eddle mezin\u00e1rodn\u00ed organizace v New Yorku ve dnech 20. a\u017e 26. z\u00e1\u0159\u00ed. Zased\u00e1n\u00ed zah\u00e1j\u00ed prezident Braz\u00edlie Jair Bolsonaro, pak promluv\u00ed prezident USA Joe Biden. Podle p\u0159edb\u011b\u017en\u00e9ho rozvrhu vystoup\u00ed Sergej Lavrov 24. z\u00e1\u0159\u00ed a bude m\u00edt tak\u00e9 kolem 20 dvoustrann\u00fdch sch\u016fzek.<\/p>\n<ol start=\"16\">\n<li>z\u00e1\u0159\u00ed na sch\u016fzce s tureck\u00fdm kolegou Recepem Tayyipem Erdoganem mu Putin pod\u011bkoval za p\u0159\u00ednos k realizaci obiln\u00ed dohody a vyj\u00e1d\u0159il nad\u011bji, \u017ee obil\u00ed vyv\u00e1\u017een\u00e9 z Ukrajiny se p\u0159ece jen dostane do t\u011bch nejchud\u0161\u00edch zem\u00ed.<\/li>\n<li>z\u00e1\u0159\u00ed na plen\u00e1rn\u00edm zased\u00e1n\u00ed V\u00fdchodn\u00edho ekonomick\u00e9ho f\u00f3ra Vladimir Putin prohl\u00e1sil, \u017ee v r\u00e1mci obiln\u00ed dohody se jen mal\u00e1 \u010d\u00e1st potravin vyv\u00e1\u017e\u00ed do chud\u00fdch zem\u00ed. Navrhl p\u0159e\u0161et\u0159it sm\u011br v\u00fdvozu obil\u00ed a sl\u00edbil, \u017ee projedn\u00e1 tuto my\u0161lenku se sv\u00fdm tureck\u00fdm kolegou.<\/li>\n<li>z\u00e1\u0159\u00ed souhlasil Erdogan s Putinem v tom, \u017ee se ukrajinsk\u00e9 obil\u00ed vyv\u00e1\u017e\u00ed nikoli do nejchud\u0161\u00edch zem\u00ed, ale na \u00fazem\u00ed Evropsk\u00e9 unie.<\/li>\n<\/ol>\n<p>Ministr obrany RF Sergej \u0160ojgu a gener\u00e1ln\u00ed tajemn\u00edk OSN Ant\u00f3nio Guterres podepsali 22. \u010dervence memorandum o napom\u00e1h\u00e1n\u00ed dod\u00e1vk\u00e1m zem\u011bd\u011blsk\u00fdch v\u00fdrobk\u016f a hnojiv z RF na sv\u011btov\u00e9 trhy. Sou\u010dasn\u011b podepsala ukrajinsk\u00e1 delegace dohodu s Tureckem a OSN o exportu obil\u00ed. Jak pozd\u011bji nejednou upozor\u0148ovali v Moskv\u011b, rusk\u00e1 \u010d\u00e1st dohody o p\u0159\u00edstupu potravin na trhy se nepln\u00ed. V OSN rusk\u00e9 stran\u011b sl\u00edbili pomoc v zaji\u0161t\u011bn\u00ed p\u0159\u00edstupu potravin a hnojiv na sv\u011btov\u00e9 trhy.<\/p>\n<p><img decoding=\"async\" loading=\"lazy\" class=\"alignnone size-full wp-image-1185\" src=\"http:\/\/www.infokuryr.cz\/n\/wp-content\/uploads\/2021\/04\/kuryr-podpis.png\" alt=\"\" width=\"84\" height=\"24\" \/><\/p>\n<p>_____________________________________________<\/p>\n<p style=\"text-align: center;\"><span style=\"font-size: 18pt;\"><strong><a href=\"http:\/\/www.infokuryr.cz\/n\/2022\/09\/13\/skandal-v-spd-kontroversni-a-pravomocne-odsouzeny-tomas-jarolim-na-kandidatce-teplicke-spd\/\">\u010ct\u011bte zde: Pravomocn\u011b odsouzen\u00fd Tom\u00e1\u0161 Jarol\u00edm na kandid\u00e1tce SPD<\/a><\/strong>\u00a0<\/span><\/p>\n<p>&nbsp;<\/p>\n","protected":false},"excerpt":{"rendered":"<p>V r\u00e1mci nadch\u00e1zej\u00edc\u00edho zased\u00e1n\u00ed Valn\u00e9ho shrom\u00e1\u017ed\u011bn\u00ed OSN projedn\u00e1 gener\u00e1ln\u00ed tajemn\u00edk mezin\u00e1rodn\u00ed organizace Ant\u00f3nio Guterres s&#8230;<\/p>\n","protected":false},"author":2,"featured_media":4904,"comment_status":"closed","ping_status":"closed","sticky":false,"template":"","format":"standard","meta":[],"categories":[7],"tags":[1232,189,186,750],"_links":{"self":[{"href":"https:\/\/www.infokuryr.cz\/n\/wp-json\/wp\/v2\/posts\/15269"}],"collection":[{"href":"https:\/\/www.infokuryr.cz\/n\/wp-json\/wp\/v2\/posts"}],"about":[{"href":"https:\/\/www.infokuryr.cz\/n\/wp-json\/wp\/v2\/types\/post"}],"author":[{"embeddable":true,"href":"https:\/\/www.infokuryr.cz\/n\/wp-json\/wp\/v2\/users\/2"}],"replies":[{"embeddable":true,"href":"https:\/\/www.infokuryr.cz\/n\/wp-json\/wp\/v2\/comments?post=15269"}],"version-history":[{"count":1,"href":"https:\/\/www.infokuryr.cz\/n\/wp-json\/wp\/v2\/posts\/15269\/revisions"}],"predecessor-version":[{"id":15270,"href":"https:\/\/www.infokuryr.cz\/n\/wp-json\/wp\/v2\/posts\/15269\/revisions\/15270"}],"wp:featuredmedia":[{"embeddable":true,"href":"https:\/\/www.infokuryr.cz\/n\/wp-json\/wp\/v2\/media\/4904"}],"wp:attachment":[{"href":"https:\/\/www.infokuryr.cz\/n\/wp-json\/wp\/v2\/media?parent=15269"}],"wp:term":[{"taxonomy":"category","embeddable":true,"href":"https:\/\/www.infokuryr.cz\/n\/wp-json\/wp\/v2\/categories?post=15269"},{"taxonomy":"post_tag","embeddable":true,"href":"https:\/\/www.infokuryr.cz\/n\/wp-json\/wp\/v2\/tags?post=15269"}],"curies":[{"name":"wp","href":"https:\/\/api.w.org\/{rel}","templated":true}]}}