{"id":15235,"date":"2022-09-17T07:28:57","date_gmt":"2022-09-17T05:28:57","guid":{"rendered":"http:\/\/www.infokuryr.cz\/n\/?p=15235"},"modified":"2022-09-17T07:28:57","modified_gmt":"2022-09-17T05:28:57","slug":"jsem-alternativa-proti-petikoalici-tvrdi-predseda-rozumnych-petr-hannig","status":"publish","type":"post","link":"https:\/\/www.infokuryr.cz\/n\/2022\/09\/17\/jsem-alternativa-proti-petikoalici-tvrdi-predseda-rozumnych-petr-hannig\/","title":{"rendered":"Jsem alternativa proti p\u011btikoalici, tvrd\u00ed p\u0159edseda Rozumn\u00fdch Petr Hannig"},"content":{"rendered":"<div id=\"fb-root\"><\/div>\n<p><strong>ANO, KS\u010cM, SPD, Trikol\u00f3ra ani Svobodn\u00ed nepostavily ve volebn\u00edm obvod\u011b \u010d\u00edslo 25 sv\u00e9ho kandid\u00e1ta.\u00a0<em>\u00bbJsem alternativou v\u016f\u010di vl\u00e1dnouc\u00ed p\u011btikoalici,\u00ab<\/em> tvrd\u00ed po zku\u0161enostech z\u00a0vrchol\u00edc\u00ed volebn\u00ed kampan\u011b p\u0159edseda Rozumn\u00fdch Petr Hannig (76). V\u00a0kontaktu s\u00a0ob\u010dany pr\u00fd do\u0161el k\u00a0z\u00e1v\u011bru, \u017ee n\u00e1sleduj\u00edc\u00ed volby budou odli\u0161n\u00e9 ve v\u00e1havosti lid\u00ed, komu d\u00e1t hlas. Zn\u00e1m\u00fd hudebn\u00edk a objevitel talent\u016f tvrd\u00ed, \u017ee v\u00a0p\u0159\u00edpad\u011b zvolen\u00ed do Sen\u00e1tu vstoup\u00ed do klubu ANO.<\/strong><\/p>\n<p><em>\u00bbD\u0159\u00edv lid\u00e9 v\u011bd\u011bli, komu daj\u00ed sv\u016fj hlas, u\u017e d\u00e1vno p\u0159ed volbami. A dneska, vzhledem k t\u00e9 situaci, kter\u00e1 je katastrof\u00e1ln\u00ed, to znamen\u00e1, \u017ee nemohou splatit z\u00e1lohov\u00e9 faktury a podobn\u011b, u\u017e nev\u011b\u0159\u00ed sv\u00fdm n\u011bkdej\u0161\u00edm obl\u00edbenc\u016fm. Nev\u011b\u0159\u00ed vl\u00e1d\u011b p\u011btikoalice! A proto\u017ee v\u00a0m\u00e9m obvodu nekandiduje ANO, \u0159\u00edkaj\u00ed mi, \u017ee jsou r\u00e1di, \u017ee mohou d\u00e1t hlas n\u011bkomu jin\u00e9mu, ne\u017e kdo je v\u00a0nab\u00eddce z\u00a0vl\u00e1dnouc\u00ed garnitury,\u00ab<\/em>\u00a0popsal zm\u011bn\u011bnou situaci Hannig. V\u00a0p\u0159ede\u0161l\u00fdch volb\u00e1ch, a\u0165 u\u017e parlamentn\u00edch nebo komun\u00e1ln\u00edch, nabyl zcela jinou zku\u0161enost. Lid\u00e9 pr\u00fd nebyli takto v\u00e1hav\u00ed v\u00a0dob\u011b t\u011bsn\u011b p\u0159ed cestou do m\u00edstnost\u00ed s\u00a0urnami.<\/p>\n<p>V\u010dera se pr\u00fd na Pe\u0159in\u00e1ch setkal s\u00a0protikandid\u00e1ty. U volebn\u00edho st\u00e1nku TOP 09 nechyb\u011bl starosta Prahy 6 Ond\u0159ej Kol\u00e1\u0159. A zazn\u011blo zde, \u017ee jejich kandid\u00e1t do Sen\u00e1tu Ji\u0159\u00ed R\u016f\u017ei\u010dka zv\u00edt\u011bz\u00ed hned v\u00a0prvn\u00edm kole, proto\u017ee ve volebn\u00edm obvod\u011b \u010d\u00edslo 25 nen\u00ed, podle jednoho z\u00a0aktivist\u016f TOP 09 nikdo, kdo by byl v\u00a0porovn\u00e1n\u00ed s\u00a0n\u00edm zn\u00e1m\u00fd.\u00a0<em>\u00bbTo m\u011b docela nakoplo,\u00ab<\/em>\u00a0uvedl Hannig, hudebn\u00ed skladatel, autor \u0159ady hit\u016f a kandid\u00e1t na prezidenta z\u00a0roku 2018.\u00a0<em>\u00bbJ\u00e1 a m\u016fj kolega \u2013 ano, skute\u010dn\u011b ve\u0161kerou kampa\u0148 d\u011bl\u00e1me v\u011bt\u0161inou jenom ve dvou \u2013 mluv\u00edme s\u00a0lidmi a sl\u00fdch\u00e1me, jak jsou r\u00e1di, \u017ee mohou volit m\u011b. A po\u0159\u00e1d se pt\u00e1m, jestli jim nevad\u00ed, \u017ee u\u017e mi je dost let. A kolik v\u00e1m je? \u2013 sl\u00fdch\u00e1m. Tipuj\u00ed, \u017ee \u0161edes\u00e1t, a div\u00ed se p\u0159i odpov\u011bdi, \u017ee u\u017e mi je p\u0159es sedmdes\u00e1t. Krom\u011b toho, \u017ee pr\u00fd na to nevypad\u00e1m, dojdeme k\u00a0z\u00e1v\u011bru, \u017ee sen\u00e1tor je \u010dlov\u011bk, kter\u00fd by m\u011bl m\u00edt bohat\u00e9 \u017eivotn\u00ed zku\u0161enosti a rozhodovat s\u00e1m za sebe. Ov\u0161em te\u010f je Sen\u00e1t slo\u017een\u00fd v\u011bt\u0161inou ze stranick\u00fdch nominant\u016f.\u00ab<\/em><\/p>\n<p>Moudrost se podle n\u011bj utv\u00e1\u0159\u00ed l\u00e9ty<em>. \u00bbKdy\u017e za\u010dal Ronald Reagan, to byl star\u00fd p\u00e1n \u2013 a jak zm\u011bnil sv\u011bt! Bohu\u017eel v\u00a0n\u00e1\u0161 neprosp\u011bch, ale skute\u010dn\u011b ho zm\u011bnil. Nebo m\u011b napad\u00e1 Malajsie, kde v\u00a0roce 2018 nastoupil do funkce premi\u00e9ra Mahathir Mohamad ve sv\u00fdch 92 letech a zachr\u00e1nil svou zemi p\u0159ed ekonomick\u00fdm propadem a zamezil korupci. Tehdy byla zem\u011b v\u00a0dost \u0161patn\u00e9m hospod\u00e1\u0159sk\u00e9m stavu, ale on to dal dohromady a zav\u0159el v\u0161echny, co se pod\u00edleli na rozkr\u00e1d\u00e1n\u00ed. A stejn\u00fd p\u0159\u00edklad je ze Singapuru, kter\u00fd se stal nejv\u00edce prosperuj\u00edc\u00ed zem\u00ed i d\u00edky star\u00e9mu p\u00e1nu Lee,\u00ab<\/em>\u00a0\u0159ekl Hannig, kter\u00fd hovo\u0159\u00ed plynn\u011b \u0161esti jazyky \u2013 krom\u011b \u010de\u0161tiny i anglicky, n\u011bmecky, francouzsky, italsky a rusky. Kdyby se stal sen\u00e1torem, hodl\u00e1 proto jezdit na z\u00e1pad i na v\u00fdchod a uklid\u0148ovat vz\u00e1jemn\u00e9 vztahy.<\/p>\n<p>Za\u00a0<a href=\"https:\/\/www.iportal24.cz\/featured\/rozumne-pondeli-petra-hanniga-mladi-politici-a-politicky-jsou-nebezpecim\/\">p\u0159\u00edpad destruktivn\u00edho ml\u00e1d\u00ed\u00a0<\/a>ozna\u010dil ministra zahrani\u010d\u00ed Lipavsk\u00e9ho, kter\u00fd se vymezuje v\u016f\u010di Rusku agresivn\u011b, a tud\u00ed\u017e proti vlastn\u00edm ob\u010dan\u016fm.\u00a0<em>\u00bbNap\u0159\u00edklad na Praze 11 kandiduje David Bohbot, co\u017e je Izraelec, kter\u00fd m\u00e1 \u010desk\u00e9 ob\u010danstv\u00ed a mluv\u00ed \u010desky. A v\u00a0televizn\u00ed debat\u011b tvrdil, \u017ee jsme se v\u0161ichni v \u010cesku zbl\u00e1znili, kdy\u017e nejedn\u00e1me s\u00a0Ruskem o plynu. Podle n\u011bj by oni, jako Izrael, v\u016fbec nemohli existovat bez diplomacie. V\u00e1lka je n\u011bco jin\u00e9ho ne\u017e jedn\u00e1n\u00ed o zaji\u0161t\u011bn\u00ed nezbytn\u00fdch komodit pot\u0159ebn\u00fdch pro chod vlastn\u00edho st\u00e1tu, jako je plyn, ropa a podobn\u011b. Nech\u00e1pal, pro\u010d se u n\u00e1s takhle spojuje ideologie s\u00a0ekonomikou. A s\u00a0t\u00edm souhlas\u00edm,\u00ab\u00a0<\/em>dodal Hannig.<\/p>\n<p><span style=\"font-size: 18pt;\"><strong>Volebn\u00ed let\u00e1k se psem a bez B\u00edl\u00e9<\/strong><\/span><\/p>\n<p>Na\u00a0<a href=\"https:\/\/www.iportal24.cz\/featured\/rozumne-pondeli-petra-hanniga-nechci-zadne-letaky\/\">volebn\u00edm let\u00e1ku<\/a>\u00a0Petra Hanniga je kandid\u00e1t vyfocen se sv\u00fdm ps\u00edkem.\u00a0<em>\u00bbA spousta star\u0161\u00edch dam, kter\u00e9 maj\u00ed probl\u00e9my se zaplacen\u00edm elekt\u0159iny, topen\u00ed a plynu, m\u00e1 strach, \u017ee se bude zvy\u0161ovat poplatek za pejsky. Za sebe slibuji, \u017ee pokud se stanu sen\u00e1torem, tak budu ombudsmanem pro ty, co maj\u00ed pejsky, proto\u017ee to je v\u011bt\u0161inou jedin\u00e1 radost ze \u017eivota, kterou star\u0161\u00ed \u010dlov\u011bk m\u00e1. Kdy\u017e u\u017e se mus\u00ed uskrom\u0148ovat i v j\u00eddle, je pot\u0159eba, aby si pln\u011b zachoval citov\u00e9 pouto, kter\u00e9 pejsek vytv\u00e1\u0159\u00ed. Pokud \u010dlov\u011bk ztrat\u00ed cit, ztrat\u00ed i d\u016fvod k\u00a0\u017eit\u00ed,\u00ab<\/em>\u00a0uvedl Hannig.<\/p>\n<p>A druh\u00e1 pozoruhodn\u00e1 v\u011bc: lid\u00e9 se Petra Hanniga dotazuj\u00ed, pro\u010d se na let\u00e1ku nezmi\u0148uje o Lucii B\u00edl\u00e9, kterou objevil a j\u00ed\u017e vymyslel um\u011bleck\u00e9 jm\u00e9no, kdy\u017e tam nap\u0159\u00edklad nechyb\u00ed zm\u00ednka o jeho dal\u0161\u00edm objevu Jakubu Smol\u00edkovi.\u00a0<em>\u00bb\u0158\u00edkal jsem si, \u017ee se s\u00a0n\u00ed nechci vytahovat, ale asi to je chyba. Ona je nejzn\u00e1m\u011bj\u0161\u00ed z\u00a0m\u00fdch objev\u016f.\u00ab<\/em><\/p>\n<p><span style=\"font-size: 18pt;\"><strong>Vstup do klubu ANO<\/strong><\/span><\/p>\n<p>Na Praze 6 c\u00edl\u00ed Hannig na opozi\u010dn\u00ed voli\u010de a tvrd\u00ed, \u017ee hlavn\u011b sympatizanti hnut\u00ed ANO maj\u00ed mo\u017enost d\u00e1t hlas jemu.\u00a0<em>\u00bbKdybych byl sen\u00e1torem, vstoup\u00edm do klubu ANO. Ne do strany, budu samostatn\u00fd kandid\u00e1t se sv\u00fdmi vlastn\u00edmi n\u00e1zory, nap\u0159\u00edklad na v\u00e1lku na Ukrajin\u011b, ale t\u0159eba to, jak\u00fd m\u00e1 hnut\u00ed ANO p\u0159\u00edstup k\u00a0senior\u016fm, mi p\u0159ijde fantastick\u00e9. Na rozd\u00edl od st\u00e1vaj\u00edc\u00ed vl\u00e1dy, kter\u00e1 se holedb\u00e1, \u017ee zv\u00fd\u0161ila d\u016fchody, ale u\u017e ne\u0159ekne, \u017ee jen ze z\u00e1kona, \u010dili automaticky, a v\u00edc nedala ani korunu,\u00ab\u00a0<\/em>p\u0159ipojil.<\/p>\n<p><a href=\"https:\/\/www.iportal24.cz\/featured\/jsem-alternativa-proti-petikoalici-tvrdi-predseda-rozumnych-petr-hannig\/\">ZDROJ<\/a><\/p>\n<p>__________________________________________<\/p>\n<p style=\"text-align: center;\"><span style=\"font-size: 14pt;\"><strong><a href=\"http:\/\/www.infokuryr.cz\/n\/2022\/09\/13\/skandal-v-spd-kontroversni-a-pravomocne-odsouzeny-tomas-jarolim-na-kandidatce-teplicke-spd\/\">\u010ct\u011bte zde: Pravomocn\u011b odsouzen\u00fd Tom\u00e1\u0161 Jarol\u00edm na kandid\u00e1tce SPD<\/a><\/strong>\u00a0<\/span><\/p>\n<p>&nbsp;<\/p>\n<p>&nbsp;<\/p>\n","protected":false},"excerpt":{"rendered":"<p>ANO, KS\u010cM, SPD, Trikol\u00f3ra ani Svobodn\u00ed nepostavily ve volebn\u00edm obvod\u011b \u010d\u00edslo 25 sv\u00e9ho kandid\u00e1ta.\u00a0\u00bbJsem alternativou&#8230;<\/p>\n","protected":false},"author":2,"featured_media":823,"comment_status":"closed","ping_status":"closed","sticky":false,"template":"","format":"standard","meta":[],"categories":[6],"tags":[974,1052,27],"_links":{"self":[{"href":"https:\/\/www.infokuryr.cz\/n\/wp-json\/wp\/v2\/posts\/15235"}],"collection":[{"href":"https:\/\/www.infokuryr.cz\/n\/wp-json\/wp\/v2\/posts"}],"about":[{"href":"https:\/\/www.infokuryr.cz\/n\/wp-json\/wp\/v2\/types\/post"}],"author":[{"embeddable":true,"href":"https:\/\/www.infokuryr.cz\/n\/wp-json\/wp\/v2\/users\/2"}],"replies":[{"embeddable":true,"href":"https:\/\/www.infokuryr.cz\/n\/wp-json\/wp\/v2\/comments?post=15235"}],"version-history":[{"count":0,"href":"https:\/\/www.infokuryr.cz\/n\/wp-json\/wp\/v2\/posts\/15235\/revisions"}],"wp:featuredmedia":[{"embeddable":true,"href":"https:\/\/www.infokuryr.cz\/n\/wp-json\/wp\/v2\/media\/823"}],"wp:attachment":[{"href":"https:\/\/www.infokuryr.cz\/n\/wp-json\/wp\/v2\/media?parent=15235"}],"wp:term":[{"taxonomy":"category","embeddable":true,"href":"https:\/\/www.infokuryr.cz\/n\/wp-json\/wp\/v2\/categories?post=15235"},{"taxonomy":"post_tag","embeddable":true,"href":"https:\/\/www.infokuryr.cz\/n\/wp-json\/wp\/v2\/tags?post=15235"}],"curies":[{"name":"wp","href":"https:\/\/api.w.org\/{rel}","templated":true}]}}