{"id":15222,"date":"2022-09-17T02:40:45","date_gmt":"2022-09-17T00:40:45","guid":{"rendered":"http:\/\/www.infokuryr.cz\/n\/?p=15222"},"modified":"2022-09-17T02:40:45","modified_gmt":"2022-09-17T00:40:45","slug":"zdenek-koudelka-energeticka-politika-je-zlocin-fialovy-vlady","status":"publish","type":"post","link":"https:\/\/www.infokuryr.cz\/n\/2022\/09\/17\/zdenek-koudelka-energeticka-politika-je-zlocin-fialovy-vlady\/","title":{"rendered":"Zden\u011bk Koudelka: Energetick\u00e1 politika je zlo\u010din Fialovy vl\u00e1dy"},"content":{"rendered":"<div id=\"fb-root\"><\/div>\n<p>N\u011bmecko jednou za \u010das zblbne. Bohu\u017eel vzhledem k jeho velikosti na to dojede cel\u00e1 Evropa. Pro\u010d jsou ceny elekt\u0159iny vysok\u00e9, kdy\u017e m\u00e1me stejn\u011b elektr\u00e1ren jako p\u0159ed rokem a\u00a0jsme schopni vyrobit stejn\u00e9 mno\u017estv\u00ed elekt\u0159iny jako p\u0159ed rokem a\u00a0v\u00a0jej\u00ed v\u00fdrob\u011b jsme sob\u011bsta\u010dn\u00ed?<\/p>\n<p><span style=\"font-size: 18pt;\"><strong>Nesmysln\u00e1 Fialova drahota<\/strong><\/span><\/p>\n<p>V\u00fdrobn\u00ed cena jedn\u00e9 kWh elekt\u0159iny v\u00a0na\u0161ich atomov\u00fdch elektr\u00e1rn\u00e1ch je asi 30 hal\u00e9\u0159\u016f, v\u00a0uheln\u00fdch asi 80 hal\u00e9\u0159\u016f, ale lidem se nyn\u00ed prod\u00e1v\u00e1 a\u017e za 11 korun. To je nav\u00fd\u0161en\u00ed ceny o\u00a0tis\u00edce procent. Takov\u00e9 zv\u00fd\u0161en\u00ed ceny na z\u00e1kladn\u00ed \u017eivotn\u00ed pot\u0159ebu je nemravn\u00e9. Tato cena vznik\u00e1 d\u00edky tomu, \u017ee na\u0161e ceny pro ob\u010dany i\u00a0podniky se \u0159\u00edd\u00ed cenami na n\u011bmeck\u00e9 energetick\u00e9 burze.<\/p>\n<p><span style=\"font-size: 18pt;\"><strong>N\u011bmeck\u00e1 energetick\u00e1 burza \u2013 nov\u00e1 koloni\u00e1ln\u00ed politika N\u011bmecka<\/strong><\/span><\/p>\n<p>Ceny na n\u011bmeck\u00e9 burze se \u0159\u00edd\u00ed cenou nejdra\u017e\u0161\u00edho v\u00fdrobn\u00edho zdroje elekt\u0159iny, by\u0165 by v\u00a0objemu obchod\u016f byl men\u0161inov\u00fd (z\u00e1v\u011brn\u00e1 elektr\u00e1rna). T\u00edmto zdrojem jsou dnes plynov\u00e9 elektr\u00e1rny. Na tyto elektr\u00e1rny N\u011bmecko p\u0159e\u0161lo, kdy\u017e se rozhodlo zav\u0159\u00edt sv\u00e9 atomov\u00e9 i\u00a0uheln\u00e9 elektr\u00e1rny. My jsme toto hloup\u00e9 rozhodnut\u00ed neu\u010dinili a\u00a0v\u00fdroba elekt\u0159iny ze zemn\u00edho plynu je u\u00a0n\u00e1s mal\u00e1. Pokud nebudeme omezovat uheln\u00e9 elektr\u00e1rny, jsme schopni pokr\u00fdt na\u0161i spot\u0159ebu p\u0159edev\u0161\u00edm atomov\u00fdmi a\u00a0uheln\u00fdmi elektr\u00e1rnami.<\/p>\n<p>Pro\u010d n\u00e1s tedy Fialova vl\u00e1da nut\u00ed, aby se ceny elekt\u0159iny pro na\u0161e ob\u010dany \u0159\u00eddily n\u011bmeckou energetickou burzou a\u00a0byly o\u00a0tis\u00edce procent dra\u017e\u0161\u00ed, ne\u017e jsou ceny, za kter\u00e9 se v\u00a0na\u0161ich atomov\u00fdch a\u00a0uheln\u00fdch elektr\u00e1rn\u00e1ch elekt\u0159ina vyrob\u00ed? Odpov\u011b\u010f je, \u017ee n\u011bmeck\u00e1 energetick\u00e1 burza slou\u017e\u00ed k\u00a0p\u0159en\u00e1\u0161en\u00ed n\u00e1kladu rozhodnut\u00ed N\u011bmecka, p\u0159ej\u00edt z\u00a0atomov\u00fdch a\u00a0uheln\u00fdch elektr\u00e1ren na plynov\u00e9, na jin\u00e9 st\u00e1ty. N\u011bmecko d\u011bl\u00e1 klasickou imperi\u00e1ln\u00ed politiku. Chce, aby ceny elekt\u0159iny dominantn\u011b ur\u010dovala v\u00a0Evropsk\u00e9 unii n\u011bmeck\u00e1 energetick\u00e1 burza jednotn\u011b bez ohledu na to, kdo a\u00a0za jakou cenu energii vyrob\u00ed, a\u00a0aby i\u00a0v\u00a0jin\u00fdch st\u00e1tech EU byla energie stejn\u011b drah\u00e1 jako z\u00a0jejich plynov\u00fdch elektr\u00e1ren.<\/p>\n<p>Fialova vl\u00e1da setrv\u00e1v\u00e1 p\u0159i\u00a0t\u00e9to n\u011bmeck\u00e9 imperi\u00e1ln\u00ed politiku, kterou pro N\u011bmecko prosazuje i\u00a0bruselsk\u00e1 Evropsk\u00e1 komise. T\u00edm Fiala zradil z\u00e1jmy sv\u00fdch ob\u010dan\u016f za to, aby se na n\u011bj mile usm\u00edvali v\u00a0Berl\u00edn\u011b a\u00a0Bruselu. Kv\u016fli Fialov\u011b vl\u00e1d\u011b m\u00e1me o\u00a0tis\u00edce procent dra\u017e\u0161\u00ed elekt\u0159inu, ne\u017e za kterou ji vyrob\u00edme. Chov\u00e1 se jak vl\u00e1da protektor\u00e1tu a\u00a0ne svrchovan\u00e9ho st\u00e1tu.<\/p>\n<p><span style=\"font-size: 18pt;\"><strong>N\u011bmecko zas \u017eene Evropu do zk\u00e1zy<\/strong><\/span><\/p>\n<p>N\u011bmecko jednou za \u010das zblbne. Bohu\u017eel vzhledem k\u00a0jeho velikosti na to dojede cel\u00e1 Evropa. Vypnut\u00ed atomov\u00fdch a\u00a0uheln\u00fdch elektr\u00e1ren je d\u016fsledek zelen\u00e9 klimatick\u00e9 politiky. N\u011bmecko si ji vzalo za novou ideologii a\u00a0v\u011b\u0159\u00ed ji slep\u011b, jako v\u011b\u0159ilo Hitlerovi. Naz\u00fdv\u00e1m to klimatick\u00fdm zelen\u00fdm fa\u0161ismem. To, \u017ee mnoho evropsk\u00fdch politik\u016f je schopno p\u0159ed z\u00e1jmy vlastn\u00edch ob\u010dan\u016f d\u00e1t p\u0159ednost \u0161v\u00e9dsk\u00e9 Gr\u00e9t\u011b, je \u00fapadek politiky. Op\u011bt v\u00edt\u011bz\u00ed ideologie nad politikou.<\/p>\n<p>Neslu\u017eme n\u011bmeck\u00e9mu \u0161\u00edlenstv\u00ed, a\u0165 je d\u00e1no pouhou hloupost\u00ed \u010di\u00a0zl\u00fdm \u00famyslem. Mnoha zelen\u00fdm ideolog\u016fm v\u00a0Berl\u00edn\u011b i\u00a0Bruselu se l\u00edb\u00ed, \u017ee energie jsou drah\u00e9 a\u00a0lid\u00e9 chudnou. Maj\u00ed radost, \u017ee se nebude cestovat v\u00a0zim\u011b do hor a\u00a0v\u00a0l\u00e9t\u011b k\u00a0mo\u0159i. Cht\u011bj\u00ed zni\u010dit n\u00e1\u0161 zp\u016fsob \u017eivota.<\/p>\n<p>Jestli\u017ee si Berl\u00edn zav\u0159e atomov\u00e9 elektr\u00e1rny, a\u0165 si to s\u00e1m zaplat\u00ed, ale a\u0165 nep\u0159en\u00e1\u0161\u00ed cenov\u00e9 d\u016fsledky na jin\u00e9 a\u00a0k\u00a0tomu je cesta \u2013 odchod z\u00a0n\u011bmeck\u00e9 energetick\u00e9 burzy. Jestli\u017ee brusel\u0161t\u00ed zelen\u00ed ideologov\u00e9 necht\u011bj\u00ed cestovat, a\u0165 necestuj\u00ed, ale a\u0165 nezn\u00e1sil\u0148uj\u00ed \u017eivoty jin\u00fdch lid\u00ed, kte\u0159\u00ed jejich klimatick\u00e9mu stra\u0161en\u00ed nev\u011b\u0159\u00ed. Proto je spr\u00e1vn\u00e9 zru\u0161it Evropskou uni\u00ed vnucen\u00e9 spot\u0159ebn\u00ed dan\u011b na zemn\u00ed plyn, elekt\u0159inu a\u00a0uhl\u00ed a\u00a0opustit syst\u00e9m emisn\u00edch povolenek.<\/p>\n<p><span style=\"font-size: 18pt;\"><strong>Zastropov\u00e1n\u00ed ceny elekt\u0159iny<\/strong><\/span><\/p>\n<p>Fialovo zastropov\u00e1n\u00ed ceny elekt\u0159iny na 6 korun\u00e1ch za kWh je vl\u00e1dn\u00edm uz\u00e1kon\u011bn\u00edm okr\u00e1d\u00e1n\u00ed ob\u010dan\u016f. Jestli\u017ee jsme schopni vyrobit elekt\u0159inu za hal\u00e9\u0159e, nen\u00ed d\u016fvod ji prod\u00e1vat p\u011btadvacetkr\u00e1t dr\u00e1\u017e. K\u00a0vl\u00e1dou zastropovan\u00e9 cen\u011b elekt\u0159iny je\u0161t\u011b budou p\u0159ipo\u010dteny r\u016fzn\u00e9 dal\u0161\u00ed poplatky, re\u00e1ln\u00e1 cena pro ob\u010dana bude asi 8 korun. \u0158ada ob\u010dan\u016f m\u00e1 je\u0161t\u011b zafixovan\u00e9 ceny ze star\u00fdch smluv, ale a\u017e jim skon\u010d\u00ed, budou vystaveni realit\u011b Fialovy energetick\u00e9 b\u00eddy.<\/p>\n<p>Takov\u00e9 ceny jsou rovn\u011b\u017e likvida\u010dn\u00ed pro n\u00e1\u0161 pr\u016fmysl, proto\u017ee st\u00e1ty, kter\u00e9 neud\u011blaly hloup\u00e9 rozhodnut\u00ed jako N\u011bmecko a\u00a0nezav\u00edraj\u00ed atomov\u00e9, uheln\u00e9 elektr\u00e1rny a\u00a0nejsou v\u00a0Evropsk\u00e9 unii, budou nad\u00e1le produkovat levnou elekt\u0159inu, kupovat levn\u00fd rusk\u00fd plyn a\u00a0n\u00e1\u0161 pr\u016fmysl, kter\u00fdm hloup\u00e1 politika Evropsk\u00e9 komise a\u00a0Fialovy vl\u00e1dy nut\u00ed vysok\u00e9 ceny energi\u00ed, nebude moci konkurovat. Fialova vl\u00e1da je hroba\u0159em \u010desk\u00e9ho a\u00a0moravsk\u00e9ho pr\u016fmyslu.<\/p>\n<p><span style=\"font-size: 18pt;\"><strong>Odchod z\u00a0n\u011bmeck\u00e9 energetick\u00e9 burzy<\/strong><\/span><\/p>\n<p>\u0158e\u0161en\u00edm cen elekt\u0159iny je n\u00e1vrat k\u00a0norm\u00e1ln\u00ed politice vl\u00e1dy svrchovan\u00e9ho st\u00e1tu, k\u00a0h\u00e1jen\u00ed z\u00e1jmu vlastn\u00edch ob\u010dan\u016f, ne Bruselu a\u00a0Berl\u00edna. Je nutn\u00e9 odej\u00edt ze syst\u00e9mu cen n\u011bmeck\u00e9 energetick\u00e9 burzy. Na\u0161e vl\u00e1da to m\u00e1 snaz\u0161\u00ed, \u017ee je dominantn\u00edm akcion\u00e1\u0159em hlavn\u00edho v\u00fdrobce elekt\u0159iny u\u00a0n\u00e1s \u2013 \u010cEZ. Pro norm\u00e1ln\u00ed vl\u00e1du je ur\u010duj\u00edc\u00ed, aby fungovalo hospod\u00e1\u0159stv\u00ed st\u00e1tu a\u00a0ob\u010dan\u00e9 nebyli o\u017eebra\u010dov\u00e1ni. Proto\u017ee Fialova vl\u00e1da toho nen\u00ed schopna, je nutn\u00fdm p\u0159edpokladem zastaven\u00ed zb\u00edda\u010dov\u00e1n\u00ed st\u00e1tu p\u00e1d Fialovy vl\u00e1dy. Prvn\u00edm krokem k\u00a0tomu mohou b\u00fdt z\u00e1\u0159ijov\u00e9 volby, kdy ob\u010dan\u00e9 \u0159eknou NE Fialov\u011b vl\u00e1d\u011b drahoty, b\u00eddy a\u00a0cenzury.<\/p>\n<p><span style=\"font-size: 18pt;\"><strong>Tyka\u010d\u016fv protivl\u00e1dn\u00ed a\u00a0dobr\u00fd krok<\/strong><\/span><\/p>\n<p>Miliard\u00e1\u0159 a\u00a0vlastn\u00edk uheln\u00fdch elektr\u00e1ren Pavel Tyka\u010d ozn\u00e1mil, \u017ee nebude prod\u00e1vat elekt\u0159inu p\u0159es n\u011bmeckou burzu, ale nap\u0159\u00edmo na\u0161im podnik\u016fm. Je to \u0165afka Fialov\u011b vl\u00e1d\u011b. Bez n\u011bmeck\u00e9 burzy lze prod\u00e1vat elekt\u0159inu.<\/p>\n<p>Obchod s\u00a0elekt\u0159inou ztratil rozumnost a\u00a0d\u016fv\u011bryhodnost. N\u00e1\u0161 st\u00e1t miliard\u00e1\u0159i Tyka\u010dovi, K\u0159et\u00ednsk\u00e9mu a\u00a0\u010cEZu, p\u016fj\u010dil miliardy, aby mohli zaplatit z\u00e1lohy na obchod s\u00a0elekt\u0159inou na burze. To u\u017e \u010dlov\u011bk nenal\u00e9z\u00e1 slov. Evrop\u0161t\u00ed politici si vymysleli obchod na burze, kter\u00fd mus\u00ed vl\u00e1dy podporovat p\u016fj\u010dkami, aby v\u016fbec fungoval. P\u0159itom p\u016fj\u010dku poskytuje zadlu\u017een\u00e1 vl\u00e1da, kter\u00e1 m\u00e1 probl\u00e9m \u0159e\u0161it soci\u00e1ln\u00ed dopady energetick\u00e9 b\u00eddy.<\/p>\n<p>Oni miliard\u00e1\u0159i jsou v\u00fdrobci elekt\u0159iny. V\u00a0norm\u00e1ln\u00edm tr\u017en\u00edm prost\u0159ed\u00ed by v\u00a0dob\u011b drahoty ur\u010dit\u00e9ho v\u00fdrobku byl vstup v\u00fdrobc\u016f na trh v\u00edt\u00e1n. V\u00a0syst\u00e9mu energetick\u00e9 burzy je v\u0161ak vstup v\u00fdrobc\u016f, kte\u0159\u00ed cht\u011bj\u00ed prodat elekt\u0159inu, zat\u00ed\u017een nesmysln\u00fdmi finan\u010dn\u00edmi po\u017eadavky, \u017ee ani miliard\u00e1\u0159i na n\u011b nemaj\u00ed a\u00a0mus\u00ed si p\u016fj\u010dit od st\u00e1tu. Kdo takov\u00fd syst\u00e9m vymyslel? Ponese n\u011bjak\u00fd evropsk\u00fd politiky za toto v\u0161e odpov\u011bdnost? A\u00a0pro\u010d tomuto syst\u00e9mu ne\u0159ekne na\u0161e vl\u00e1da DOST!? K\u00a0\u010demu je na\u0161e p\u0159edsednictv\u00ed Evropsk\u00e9 unii, kdy\u017e jej nevyu\u017eijeme k\u00a0\u0159e\u0161en\u00ed skute\u010dn\u00fdch probl\u00e9m\u016f na\u0161ich lid\u00ed a\u00a0podnik\u016f.<\/p>\n<p>Tyka\u010d ud\u011blal spr\u00e1vn\u00fd krok. Je ostudou Fialovy vl\u00e1dy, \u017ee stejn\u00fd krok jako hlavn\u00ed akcion\u00e1\u0159 za st\u00e1t neprosadila u\u00a0\u010cEZu.<\/p>\n<p><strong>Zden\u011bk Koudelka, kandid\u00e1t na sen\u00e1tora za SPD Trikolora Moravan\u00e9, obvod Brno 58<\/strong><\/p>\n<p><img decoding=\"async\" loading=\"lazy\" class=\"alignnone size-full wp-image-6154\" src=\"http:\/\/www.infokuryr.cz\/n\/wp-content\/uploads\/2021\/11\/zdenek-koudelka.jpeg\" alt=\"\" width=\"280\" height=\"210\" \/><\/p>\n<p>____________________________________________________<\/p>\n<p style=\"text-align: center;\"><span style=\"font-size: 14pt;\"><strong><a href=\"http:\/\/www.infokuryr.cz\/n\/2022\/09\/13\/skandal-v-spd-kontroversni-a-pravomocne-odsouzeny-tomas-jarolim-na-kandidatce-teplicke-spd\/\">\u010ct\u011bte zde: Pravomocn\u011b odsouzen\u00fd Tom\u00e1\u0161 Jarol\u00edm na kandid\u00e1tce SPD<\/a><\/strong><\/span><\/p>\n<p>&nbsp;<\/p>\n","protected":false},"excerpt":{"rendered":"<p>N\u011bmecko jednou za \u010das zblbne. Bohu\u017eel vzhledem k jeho velikosti na to dojede cel\u00e1 Evropa&#8230;.<\/p>\n","protected":false},"author":2,"featured_media":14256,"comment_status":"closed","ping_status":"closed","sticky":false,"template":"","format":"standard","meta":[],"categories":[6],"tags":[285,29,99],"_links":{"self":[{"href":"https:\/\/www.infokuryr.cz\/n\/wp-json\/wp\/v2\/posts\/15222"}],"collection":[{"href":"https:\/\/www.infokuryr.cz\/n\/wp-json\/wp\/v2\/posts"}],"about":[{"href":"https:\/\/www.infokuryr.cz\/n\/wp-json\/wp\/v2\/types\/post"}],"author":[{"embeddable":true,"href":"https:\/\/www.infokuryr.cz\/n\/wp-json\/wp\/v2\/users\/2"}],"replies":[{"embeddable":true,"href":"https:\/\/www.infokuryr.cz\/n\/wp-json\/wp\/v2\/comments?post=15222"}],"version-history":[{"count":0,"href":"https:\/\/www.infokuryr.cz\/n\/wp-json\/wp\/v2\/posts\/15222\/revisions"}],"wp:featuredmedia":[{"embeddable":true,"href":"https:\/\/www.infokuryr.cz\/n\/wp-json\/wp\/v2\/media\/14256"}],"wp:attachment":[{"href":"https:\/\/www.infokuryr.cz\/n\/wp-json\/wp\/v2\/media?parent=15222"}],"wp:term":[{"taxonomy":"category","embeddable":true,"href":"https:\/\/www.infokuryr.cz\/n\/wp-json\/wp\/v2\/categories?post=15222"},{"taxonomy":"post_tag","embeddable":true,"href":"https:\/\/www.infokuryr.cz\/n\/wp-json\/wp\/v2\/tags?post=15222"}],"curies":[{"name":"wp","href":"https:\/\/api.w.org\/{rel}","templated":true}]}}