{"id":15221,"date":"2022-09-17T02:33:43","date_gmt":"2022-09-17T00:33:43","guid":{"rendered":"http:\/\/www.infokuryr.cz\/n\/?p=15221"},"modified":"2022-09-17T02:33:43","modified_gmt":"2022-09-17T00:33:43","slug":"velci-dodavatele-plynu-prazska-plynarenska-a-cez-maji-od-majitelu-praha-a-stat-zakazano-do-voleb-zasadne-zvedat-zalohy-za-plyn-domacnostem","status":"publish","type":"post","link":"https:\/\/www.infokuryr.cz\/n\/2022\/09\/17\/velci-dodavatele-plynu-prazska-plynarenska-a-cez-maji-od-majitelu-praha-a-stat-zakazano-do-voleb-zasadne-zvedat-zalohy-za-plyn-domacnostem\/","title":{"rendered":"Velc\u00ed dodavatel\u00e9 plynu Pra\u017esk\u00e1 plyn\u00e1rensk\u00e1 a \u010cEZ maj\u00ed od majitel\u016f (Praha a st\u00e1t) zak\u00e1z\u00e1no do voleb z\u00e1sadn\u011b zvedat z\u00e1lohy za plyn dom\u00e1cnostem"},"content":{"rendered":"<div id=\"fb-root\"><\/div>\n<h2 class=\"entry-title\">Po volb\u00e1ch se bude zase 5-koalice posm\u00edvat voli\u010d\u016fm, jak j\u00ed nalet\u011bli<\/h2>\n<p>Na\u0161e redakce obdr\u017eela intern\u00ed informace od zam\u011bstnanc\u016f Pra\u017esk\u00e9 plyn\u00e1rensk\u00e9 a firmy \u010cEZ.\u00a0<strong>Podle nich maj\u00ed ob\u011b firmy zak\u00e1z\u00e1no do voleb na podzim z\u00e1sadn\u00edm zp\u016fsobem zvy\u0161ovat z\u00e1lohy za plyn (<\/strong>a elekt\u0159inu).\u00a0<strong>C\u00edlem je nevyd\u011bsit voli\u010de p\u0159ed komun\u00e1ln\u00edmi\/krajsk\u00fdmi a sen\u00e1tn\u00edmi volbami. Pra\u017eskou plyn\u00e1renskou ovl\u00e1d\u00e1 koalice z magistr\u00e1tu Pir\u00e1ti, TOP 09 a Praha sob\u011b (na magistr\u00e1tu se j\u00ed pr\u00fd \u0159\u00edk\u00e1 \u017eidle sob\u011b), \u010cEZ ovl\u00e1d\u00e1 vl\u00e1dn\u00ed p\u011btikoalice ODS, TOP09, KDU, Pir\u00e1ti a STAN. Jejich z\u00e1stupci sice v\u00ed, \u017ee se volby fal\u0161uj\u00ed v jejich prosp\u011bch,<\/strong>\u00a0ale m\u00e1 to zat\u00edm (do koresponden\u010dn\u00ed volby) sv\u00e9 meze. P\u0159ece jen nejde vykl\u00e1dat 2% hlas\u016f za 80%.\u00a0<strong>Proto je pot\u0159eba vyd\u011b\u0161enou ve\u0159ejnost uklidnit. Obzvl\u00e1\u0161\u0165 kdy\u017e stra\u0161en\u00ed Putinem u\u017e nezab\u00edr\u00e1 a lid\u00e9 maj\u00ed Ukrajiny a ukrajinsk\u00fdch uprchl\u00edk\u016f pln\u00e9 zuby.<\/strong>\u00a0Tak se p\u0159i\u0161lo se \u201ezastropov\u00e1n\u00edm\u201c, kter\u00e9 ale bude znamenat zv\u00fd\u0161en\u00ed cen o nejm\u00e9n\u011b 500%!<\/p>\n<p><strong>Lid\u00e9 jsou vyd\u011b\u0161eni prudce rostouc\u00edmi cenami potravin a hlavn\u011b energi\u00ed. V\u011bt\u0161in\u011b z nich u\u017e dodavatel zv\u00fd\u0161il z\u00e1lohy na plyn nejm\u00e9n\u011b o 100%,<\/strong>\u00a0jen\u017ee d\u00edky proti\u010desk\u00e9 politice \u010desk\u00e9 vl\u00e1dy je nyn\u00ed re\u00e1ln\u00e1 cena plynu nejm\u00e9n\u011b 10 kr\u00e1t vy\u0161\u0161\u00ed ne\u017e loni a to znamen\u00e1, \u017ee\u00a0<strong>v zim\u011b (po volb\u00e1ch) lidem p\u0159ijdou doplatky v \u0159\u00e1dech des\u00edtek \u2013 stovek tis\u00edc korun na dom\u00e1cnost.<\/strong>\u00a0To bude pro mnoh\u00e9 existen\u010dn\u00ed z\u00e1le\u017eitost, proto\u017ee na to zkr\u00e1tka nebudou m\u00edt a t\u00edm se dostanou do exekuce z n\u00ed\u017e nen\u00ed cesta ven. To ale p\u0159irozen\u011b m\u00edstn\u00edm politik\u016fm nevad\u00ed,\u00a0<strong>v\u017edy\u0165 jejich zahrani\u010dn\u00ed p\u00e1ni p\u0159ece \u0159\u00edd\u00ed zemi p\u0159edev\u0161\u00edm pomoc\u00ed nesplatiteln\u00fdch dluh\u016f, tak\u017ee p\u00e1r milion\u016f nov\u00fdch exekuc\u00ed je vlastn\u011b bezva<\/strong>.<\/p>\n<p><a href=\"https:\/\/ceskavec.com\/2022\/09\/velci-dodavatele-plynu-prazska-plynarenska-a-cez-maji-od-majitelu-zakazano-do-voleb-zasadne-zvedat-zalohy-za-plyn-domacnostem-po-volbach-se-jim-bude-zase-5-koalice-posmivat-jak-ji-volici-naleteli\">\u010cesk\u00e1 v\u011bc<\/a><\/p>\n<p>__________________________________________<\/p>\n<p style=\"text-align: center;\"><span style=\"font-size: 14pt;\"><strong><a href=\"http:\/\/www.infokuryr.cz\/n\/2022\/09\/13\/skandal-v-spd-kontroversni-a-pravomocne-odsouzeny-tomas-jarolim-na-kandidatce-teplicke-spd\/\">\u010ct\u011bte zde: Pravomocn\u011b odsouzen\u00fd Tom\u00e1\u0161 Jarol\u00edm na kandid\u00e1tce SPD<\/a><\/strong><\/span><\/p>\n<p>&nbsp;<\/p>\n","protected":false},"excerpt":{"rendered":"<p>Po volb\u00e1ch se bude zase 5-koalice posm\u00edvat voli\u010d\u016fm, jak j\u00ed nalet\u011bli Na\u0161e redakce obdr\u017eela intern\u00ed&#8230;<\/p>\n","protected":false},"author":2,"featured_media":9034,"comment_status":"closed","ping_status":"closed","sticky":false,"template":"","format":"standard","meta":[],"categories":[6],"tags":[1299,1008,27,887],"_links":{"self":[{"href":"https:\/\/www.infokuryr.cz\/n\/wp-json\/wp\/v2\/posts\/15221"}],"collection":[{"href":"https:\/\/www.infokuryr.cz\/n\/wp-json\/wp\/v2\/posts"}],"about":[{"href":"https:\/\/www.infokuryr.cz\/n\/wp-json\/wp\/v2\/types\/post"}],"author":[{"embeddable":true,"href":"https:\/\/www.infokuryr.cz\/n\/wp-json\/wp\/v2\/users\/2"}],"replies":[{"embeddable":true,"href":"https:\/\/www.infokuryr.cz\/n\/wp-json\/wp\/v2\/comments?post=15221"}],"version-history":[{"count":0,"href":"https:\/\/www.infokuryr.cz\/n\/wp-json\/wp\/v2\/posts\/15221\/revisions"}],"wp:featuredmedia":[{"embeddable":true,"href":"https:\/\/www.infokuryr.cz\/n\/wp-json\/wp\/v2\/media\/9034"}],"wp:attachment":[{"href":"https:\/\/www.infokuryr.cz\/n\/wp-json\/wp\/v2\/media?parent=15221"}],"wp:term":[{"taxonomy":"category","embeddable":true,"href":"https:\/\/www.infokuryr.cz\/n\/wp-json\/wp\/v2\/categories?post=15221"},{"taxonomy":"post_tag","embeddable":true,"href":"https:\/\/www.infokuryr.cz\/n\/wp-json\/wp\/v2\/tags?post=15221"}],"curies":[{"name":"wp","href":"https:\/\/api.w.org\/{rel}","templated":true}]}}