{"id":15133,"date":"2022-09-15T08:01:28","date_gmt":"2022-09-15T06:01:28","guid":{"rendered":"http:\/\/www.infokuryr.cz\/n\/?p=15133"},"modified":"2022-09-15T08:01:28","modified_gmt":"2022-09-15T06:01:28","slug":"svetovy-rad-pod-vedenim-usa-pokulhava-proc-je-to-pro-evropu-spatna-zprava","status":"publish","type":"post","link":"https:\/\/www.infokuryr.cz\/n\/2022\/09\/15\/svetovy-rad-pod-vedenim-usa-pokulhava-proc-je-to-pro-evropu-spatna-zprava\/","title":{"rendered":"Sv\u011btov\u00fd \u0159\u00e1d pod veden\u00edm USA pokulh\u00e1v\u00e1&#8230; Pro\u010d je to pro Evropu \u0161patn\u00e1 zpr\u00e1va"},"content":{"rendered":"<div id=\"fb-root\"><\/div>\n<div class=\"elementor-element elementor-element-1fb4c2c elementor-widget elementor-widget-theme-post-content\" data-id=\"1fb4c2c\" data-element_type=\"widget\" data-widget_type=\"theme-post-content.default\">\n<div class=\"elementor-widget-container\">\n<p><strong>Sankce proti Rusku urychlily fragmentaci syst\u00e9m\u016f a z\u00e1rove\u0148 utrp\u011bly velkolep\u00fd ne\u00fasp\u011bch.\u00a0Vezm\u011bte si, \u017ee Indie nyn\u00ed nakupuje ruskou ropu a pot\u00e9 ji vyv\u00e1\u017e\u00ed do Evropy \u2013 za pr\u00e9mii.\u00a0\u010c\u00edna nakupuje ruskou ropu, rafinuje ji v \u010c\u00edn\u011b a prod\u00e1v\u00e1 do Evropy \u2013 za pr\u00e9mii.\u00a0A sa\u00fad\u0161t\u00ed ropn\u00ed giganti kupuj\u00ed ruskou ropu, vym\u011b\u0148uj\u00ed ji za vlastn\u00ed a prod\u00e1vaj\u00ed ji do Evropy \u2013 za pr\u00e9mii.<\/strong><\/p>\n<p><span>Evropa je pora\u017een\u00e1 ve v\u0161ech situac\u00edch.\u00a0St\u00e1le z\u00edsk\u00e1v\u00e1 ruskou energii, jen za ni plat\u00ed mnohem v\u00edce, \u010d\u00edm\u017e naru\u0161uje konkurenceschopnost vlastn\u00ed v\u00fdroby, zat\u00edmco Evropan\u00e9 pos\u00edlaj\u00ed kapit\u00e1l do Rij\u00e1du, Pekingu, Dill\u00ed a Moskvy za privilegium.\u00a0V\u00fdm\u011bna ropy v r\u00e1mci OPEC ji\u017e prob\u00edh\u00e1 a bude pokra\u010dovat.<\/span><\/p>\n<p><span>Dopad americk\u00fdch sankc\u00ed a vojensk\u00fdch operac\u00ed proti Rusku na Z\u00e1pad spo\u010d\u00edv\u00e1 v uv\u011bzn\u011bn\u00ed Evropy v politick\u00e9 a ekonomick\u00e9 \u017eelezn\u00e9 opon\u011b z\u00e1vislosti na Spojen\u00fdch st\u00e1tech a z\u00e1rove\u0148 p\u0159inut\u00ed Rusko, aby nav\u00e1zalo u\u017e\u0161\u00ed vztahy s nep\u0159\u00e1teli USA, jmenovit\u011b s \u010c\u00ednou a \u00cdr\u00e1nem.<\/span><\/p>\n<p><span>To je tak kr\u00e1tkozrak\u00e9 a komicky hloup\u00e9, \u017ee jen byrokrat\u00e9 ve sv\u00fdch slonovinov\u00fdch v\u011b\u017e\u00edch s masivn\u00ed aroganci na konci dob Imp\u00e9ria mohli v\u011b\u0159it, \u017ee takov\u00e1 strategie m\u00e1 n\u011bjakou hodnotu.<\/span><\/p>\n<p><span>Tak\u017ee tyto sankce nejen\u017ee zni\u010d\u00ed Evropu ekonomicky a z\u00e1rove\u0148 sbl\u00ed\u017e\u00ed nep\u0159\u00e1tele USA, ale nevyhnuteln\u011b p\u0159im\u011bj\u00ed Evropany nen\u00e1vid\u011bt USA&#8230;<\/span><\/p>\n<p><span>P\u0159\u00edklad.\u00a0Viktor Orb\u00e1n, ma\u010farsk\u00fd premi\u00e9r, trefn\u011b \u0159ekl, \u017ee Brusel se sv\u00fdmi sankcemi \u201est\u0159\u00edlel do nohy\u201c.<\/span><\/p>\n<p><span>Ale pro Evropu je z\u0159ejm\u00e9, \u017ee je p\u0159\u00edli\u0161 pozd\u011b.\u00a0\u0160koda u\u017e byla nap\u00e1ch\u00e1na, a i kdyby se pokusili v\u011bci zvr\u00e1tit a naj\u00edt diplomatick\u00e1 \u0159e\u0161en\u00ed tak\u00e9 s Ruskem, \u010c\u00ednou a Indi\u00ed, nikdo z nich by nev\u011b\u0159il bruselsk\u00e9mu technokratovi, bez ohledu na to, jakou taktiku \u00faplatk\u00e1\u0159stv\u00ed nebo n\u00e1tlaku pou\u017eije.<\/span><\/p>\n<p><span>Nyn\u00ed se p\u0159esouv\u00e1me na syst\u00e9m zalo\u017een\u00fd na USD, proto\u017ee zde se pravd\u011bpodobn\u011b odehraje bitva o glob\u00e1ln\u00ed jih.<\/span><\/p>\n<p class=\"has-medium-font-size\"><span style=\"font-size: 18pt;\"><strong>Role syst\u00e9mu zalo\u017een\u00e9ho na dolarech a bitva o glob\u00e1ln\u00ed jih<\/strong><\/span><\/p>\n<p><span>Tento syst\u00e9m byl v\u017edy pou\u017e\u00edv\u00e1n jako zbra\u0148 proti mal\u00fdm, bezmocn\u00fdm n\u00e1rod\u016fm, ale nyn\u00ed byl zkou\u0161en proti Rusku a uk\u00e1zalo se, \u017ee selhal.<\/span><\/p>\n<p><span>To je d\u016fle\u017eit\u00e9 ze dvou d\u016fvod\u016f.<\/span><\/p>\n<p><span>Zaprv\u00e9 to byl v\u00fdst\u0159el, kter\u00fd lze vyst\u0159elit pouze jednou, proto\u017ee v\u0161e, co bylo zakryto, se uk\u00e1\u017ee.\u00a0Rukavice jsou sundan\u00e9 a ka\u017ed\u00fd to te\u010f v\u00ed.<\/span><\/p>\n<p><span>A za druh\u00e9, proto\u017ee ne\u00fasp\u011bch povzbuzuje ty, kte\u0159\u00ed trp\u011bli pod jhem USD.<\/span><\/p>\n<p class=\"has-medium-font-size\"><span style=\"font-size: 18pt;\"><strong>Sou\u010dasn\u00e9 obt\u00ed\u017en\u00e9 rozv\u00edjej\u00edc\u00ed se trhy se nach\u00e1zej\u00ed v\u2026<\/strong><\/span><\/p>\n<p><span>Sankce proti Rusku omezuj\u00ed dod\u00e1vky potravin a energie.\u00a0Ve spojen\u00ed se stejn\u00fdmi opat\u0159en\u00edmi na Z\u00e1pad\u011b to vede k dramatick\u00e9mu n\u00e1r\u016fstu n\u00e1klad\u016f ve v\u00fdrob\u011b.\u00a0Nejkriti\u010dt\u011bj\u0161\u00ed jsou n\u00e1klady na potraviny a energie.\u00a0Nejv\u00edce jsou zasa\u017eeny rozv\u00edjej\u00edc\u00ed se trhy.\u00a0Nyn\u00ed, kdy\u017e Fed zvy\u0161uje \u00farokov\u00e9 sazby, finan\u010dn\u00ed kapit\u00e1l je st\u00e1le v\u00edce p\u0159itahov\u00e1n do USA.<\/span><\/p>\n<p><span>To zp\u016fsobuje r\u016fst sm\u011bnn\u00e9ho kurzu USD:<\/span><\/p>\n<div class=\"wp-block-image\">\n<figure class=\"aligncenter size-large\"><img decoding=\"async\" class=\"jetpack-lazy-image jetpack-lazy-image--handled aligncenter\" src=\"https:\/\/i0.wp.com\/internationalman.com\/wp-content\/uploads\/2022\/09\/1-600x367.png?resize=600%2C367&amp;ssl=1\" alt=\"\" data-recalc-dims=\"1\" data-lazy-loaded=\"1\" \/><\/figure>\n<\/div>\n<p><span>M\u011bjte na pam\u011bti, \u017ee rozv\u00edjej\u00edc\u00ed se trhy jsou st\u00e1le sv\u00e1z\u00e1ny s dolarov\u00fdm syst\u00e9mem a nyn\u00ed se nach\u00e1zej\u00ed v krizi platebn\u00ed bilance, proto\u017ee se sna\u017e\u00ed spl\u00e1cet tyto dolarov\u00e9 dluhy.<\/span><\/p>\n<p><span>V\u0161ichni jsme pr\u00e1v\u011b vid\u011bli tuto hru na Sr\u00ed Lance, kde byla realizov\u00e1na prvn\u00ed z v\u00e1\u017en\u011bj\u0161\u00edch \u201eudr\u017eiteln\u00fdch\u201c iniciativ OSN, konkr\u00e9tn\u011b postupn\u00e9 vy\u0159azov\u00e1n\u00ed hnojiv, co\u017e vedlo jak k potravinov\u00e9 krizi, tak ke kolapsu v\u00fdvozu, co\u017e vedlo ke krizi platebn\u00ed bilance, kolapsu m\u011bny a rozs\u00e1hl\u00e9mu zb\u00edda\u010den\u00ed v jednom z d\u0159\u00edv\u011bj\u0161\u00edch \u00fasp\u011b\u0161n\u00fdch p\u0159\u00edb\u011bh\u016f rozv\u00edjej\u00edc\u00edch se trh\u016f.<\/span><\/p>\n<p><span>Zde MMF a Sv\u011btov\u00e1 banka udr\u017eely rozv\u00edjej\u00edc\u00ed se zem\u011b na kr\u00e1tk\u00e9m vod\u00edtku.<\/span><\/p>\n<p class=\"has-medium-font-size\"><span style=\"font-size: 18pt;\"><strong>Nespl\u00e1cen\u00ed americk\u00e9ho dluhu a zn\u00e1rodn\u011bn\u00ed aktiv<\/strong><\/span><\/p>\n<p><span>P\u0159edstavte si na chv\u00edli, \u017ee pat\u0159\u00edte do zem\u00ed BRIC a sna\u017e\u00edte se rychle zorganizovat funguj\u00edc\u00ed syst\u00e9m, kter\u00fd se nevyzna\u010duje z\u00e1padn\u00ed dominanc\u00ed a n\u00e1tlakem.<\/span><\/p>\n<p><span>Pot\u0159ebujete obchod, pot\u0159ebujete obchodn\u00ed likviditu (m\u011bnov\u00fd syst\u00e9m) a pot\u0159ebujete hmatatelnou d\u016fv\u011bru v tento syst\u00e9m (Zoltanovy zahrani\u010dn\u00ed pen\u00edze \u2013 komodity).<\/span><\/p>\n<p><span>Prezident Vladimir Putin nazna\u010dil, \u017ee nov\u00e1 rezervn\u00ed m\u011bna bude zalo\u017eena na ko\u0161i m\u011bn \u010dlen\u016f skupiny: Braz\u00edlie, Ruska, Indie, \u010c\u00edny a Ji\u017en\u00ed Afriky.<\/span><\/p>\n<p><em><span>Ot\u00e1zka vytvo\u0159en\u00ed mezin\u00e1rodn\u00ed rezervn\u00ed m\u011bny na z\u00e1klad\u011b m\u011bnov\u00e9ho ko\u0161e na\u0161ich zem\u00ed je v sou\u010dasn\u00e9 dob\u011b zva\u017eov\u00e1na,\u201c \u0159ekl Putin ve st\u0159edu na ekonomick\u00e9m f\u00f3ru BRICS podle zpr\u00e1vy agentury TASS.\u00a0\u201eJsme ochotni otev\u0159en\u011b spolupracovat se v\u0161emi f\u00e9rov\u00fdmi partnery.<\/span><\/em><\/p>\n<p><span>Zva\u017ete toto: Rusko m\u011blo bohatstv\u00ed ulo\u017een\u00e9 a ukraden\u00e9 Z\u00e1padem. Zbytek sv\u011bta sledoval, jak se to stalo, a jejich v\u00edra a d\u016fv\u011bra jsou nyn\u00ed naru\u0161ov\u00e1ny.\u00a0Jak to m\u016f\u017ee b\u00fdt jinak?<\/span><\/p>\n<p><span>Podle m\u00e9ho n\u00e1zoru se zde stane to, co se stane\u2026 alespo\u0148 n\u011bco v tomto smyslu.<\/span><\/p>\n<p><span>Kdokoli, kdo se \u00fa\u010dastn\u00ed nov\u00e9ho syst\u00e9mu BRIC\/G8, nebude penalizov\u00e1n za nepln\u011bn\u00ed konspir\u00e1tor\u016f Z\u00e1padu\/NATO\/EU\/OSN\/WEF.<\/span><\/p>\n<p><span>Je podle m\u011b zn\u00e1rodn\u011bn\u00ed tohoto majetku dobr\u00fd n\u00e1pad?\u00a0Ne&#8230; ale to, co si mysl\u00edm, je irelevantn\u00ed.<\/span><\/p>\n<p><span>Pozn\u00e1mka redakce: Znepokojiv\u00e9 ekonomick\u00e9, politick\u00e9 a soci\u00e1ln\u00ed trendy ji\u017e prob\u00edhaj\u00ed a nyn\u00ed se z\u00e1vratnou rychlost\u00ed zrychluj\u00ed.\u00a0Nejv\u00edce znepokojiv\u00e9 je, \u017ee je nelze zastavit.<\/span><\/p>\n<p><span>Rizika p\u0159ed n\u00e1mi jsou p\u0159\u00edli\u0161 velk\u00e1 a nebezpe\u010dn\u00e1 na to, abychom je ignorovali.\u00a0To je d\u016fvod, pro\u010d protistrann\u00fd finan\u010dn\u00ed mana\u017eer Chris Macintosh pr\u00e1v\u011b zve\u0159ejnil nejkriti\u010dt\u011bj\u0161\u00ed zpr\u00e1vu o t\u011bchto trendech:\u00a0<\/span><a href=\"https:\/\/internationalman.com\/special-report\/what-happens-next-an-insider-special-report\/\" target=\"_blank\" rel=\"noreferrer noopener\" data-type=\"URL\" data-id=\"https:\/\/internationalman.com\/special-report\/what-happens-next-an-insider-special-report\/\"><span>What Happens Next<\/span><\/a><span>\u00a0.\u00a0Tato bezplatn\u00e1 speci\u00e1ln\u00ed zpr\u00e1va p\u0159esn\u011b vysv\u011btluje, co m\u016f\u017eete o\u010dek\u00e1vat a co to znamen\u00e1 pro va\u0161e bohatstv\u00ed a blahobyt.\u00a0Klikn\u011bte\u00a0<\/span><a href=\"https:\/\/internationalman.com\/special-report\/what-happens-next-an-insider-special-report\/\" target=\"_blank\" rel=\"noreferrer noopener\" data-type=\"URL\" data-id=\"https:\/\/internationalman.com\/special-report\/what-happens-next-an-insider-special-report\/\"><span>sem<\/span><\/a><span>\u00a0a p\u0159e\u010dt\u011bte si jej nyn\u00ed.<\/span><\/p>\n<\/div>\n<\/div>\n<div class=\"elementor-element elementor-element-8c57238 quelle dc-has-condition dc-condition-empty elementor-widget elementor-widget-heading\" data-id=\"8c57238\" data-element_type=\"widget\" data-widget_type=\"heading.default\">\n<div class=\"elementor-widget-container\">\n<h3 class=\"elementor-heading-title elementor-size-default\"><span style=\"font-size: 8pt;\"><a href=\"https:\/\/internationalman.com\/articles\/the-us-led-world-order-is-faltering-heres-why-its-bad-news-for-europe\/\" target=\"_blank\" rel=\"nofollow noopener\">ZDROJ<\/a><\/span><\/h3>\n<p>________________________________________<\/p>\n<\/div>\n<\/div>\n<p style=\"text-align: center;\"><span style=\"font-size: 18pt;\"><strong><a href=\"http:\/\/www.infokuryr.cz\/n\/2022\/09\/13\/skandal-v-spd-kontroversni-a-pravomocne-odsouzeny-tomas-jarolim-na-kandidatce-teplicke-spd\/\">\u010ct\u011bte zde: Pravomocn\u011b odsouzen\u00fd Tom\u00e1\u0161 Jarol\u00edm na kandid\u00e1tce SPD<\/a><\/strong><\/span><\/p>\n<p>&nbsp;<\/p>\n<p>&nbsp;<\/p>\n","protected":false},"excerpt":{"rendered":"<p>Sankce proti Rusku urychlily fragmentaci syst\u00e9m\u016f a z\u00e1rove\u0148 utrp\u011bly velkolep\u00fd ne\u00fasp\u011bch.\u00a0Vezm\u011bte si, \u017ee Indie nyn\u00ed&#8230;<\/p>\n","protected":false},"author":2,"featured_media":15135,"comment_status":"closed","ping_status":"closed","sticky":false,"template":"","format":"standard","meta":[],"categories":[7],"tags":[41,371,310,125,37],"_links":{"self":[{"href":"https:\/\/www.infokuryr.cz\/n\/wp-json\/wp\/v2\/posts\/15133"}],"collection":[{"href":"https:\/\/www.infokuryr.cz\/n\/wp-json\/wp\/v2\/posts"}],"about":[{"href":"https:\/\/www.infokuryr.cz\/n\/wp-json\/wp\/v2\/types\/post"}],"author":[{"embeddable":true,"href":"https:\/\/www.infokuryr.cz\/n\/wp-json\/wp\/v2\/users\/2"}],"replies":[{"embeddable":true,"href":"https:\/\/www.infokuryr.cz\/n\/wp-json\/wp\/v2\/comments?post=15133"}],"version-history":[{"count":0,"href":"https:\/\/www.infokuryr.cz\/n\/wp-json\/wp\/v2\/posts\/15133\/revisions"}],"wp:featuredmedia":[{"embeddable":true,"href":"https:\/\/www.infokuryr.cz\/n\/wp-json\/wp\/v2\/media\/15135"}],"wp:attachment":[{"href":"https:\/\/www.infokuryr.cz\/n\/wp-json\/wp\/v2\/media?parent=15133"}],"wp:term":[{"taxonomy":"category","embeddable":true,"href":"https:\/\/www.infokuryr.cz\/n\/wp-json\/wp\/v2\/categories?post=15133"},{"taxonomy":"post_tag","embeddable":true,"href":"https:\/\/www.infokuryr.cz\/n\/wp-json\/wp\/v2\/tags?post=15133"}],"curies":[{"name":"wp","href":"https:\/\/api.w.org\/{rel}","templated":true}]}}