{"id":15129,"date":"2022-09-15T07:24:50","date_gmt":"2022-09-15T05:24:50","guid":{"rendered":"http:\/\/www.infokuryr.cz\/n\/?p=15129"},"modified":"2022-09-15T07:24:50","modified_gmt":"2022-09-15T05:24:50","slug":"david-martinek-politicky-proces-s-andrejem-babisem","status":"publish","type":"post","link":"https:\/\/www.infokuryr.cz\/n\/2022\/09\/15\/david-martinek-politicky-proces-s-andrejem-babisem\/","title":{"rendered":"David Martinek: Politick\u00fd proces s Andrejem Babi\u0161em"},"content":{"rendered":"<div id=\"fb-root\"><\/div>\n<p><span style=\"font-size: 18pt;\"><strong>Politick\u00e9 procesy<\/strong><\/span><\/p>\n<p>Politick\u00e9 procesy jsou viditeln\u00fdm vyvrcholen\u00edm metody, p\u0159i\u00a0n\u00ed\u017e se \u010d\u00e1st politick\u00e9ho spektra z\u00a0r\u016fzn\u00fdch d\u016fvod\u016f uch\u00fdl\u00ed ke kriminalizaci politick\u00fdch oponent\u016f.<\/p>\n<p>Je to nejhor\u0161\u00ed mo\u017en\u00fd zp\u016fsob vl\u00e1dy. Signalizuje hlubok\u00e9 nepochopen\u00ed podstaty moci.<\/p>\n<p>Sv\u011b\u0159en\u00e1 moc je v\u00fdsledkem v\u011bt\u0161inov\u00e9 volby lid\u00ed. Od vl\u00e1dy se o\u010dek\u00e1v\u00e1, \u017ee prosad\u00ed z\u00e1jmy v\u011bt\u0161iny, kter\u00e1 ji volila, p\u0159i\u010dem\u017e men\u0161ina, kter\u00e1 m\u011bla jin\u00fd n\u00e1zor, je ve sv\u00fdch pr\u00e1vech uchr\u00e1n\u011bna p\u0159ed zv\u016fl\u00ed a\u00a0pron\u00e1sledov\u00e1n\u00edm.<\/p>\n<p>Obvykle se politick\u00e9 procesy odehr\u00e1vaj\u00ed v\u00a0situaci, kdy re\u017eim za\u010d\u00edn\u00e1 selh\u00e1vat. Kdy se moc ocitne v\u00a0postaven\u00ed, kdy je politika dan\u00e9ho subjektu v\u00a0p\u0159\u00edm\u00e9m rozporu se z\u00e1jmy ve\u0159ejnosti. Pak hroz\u00ed, \u017ee politika nenapln\u00ed sv\u00e9 c\u00edle a\u00a0subjekt u\u00a0moci bude vyst\u0159\u00edd\u00e1n. Pak je mo\u017en\u00e9, ve \u0161patn\u00fdch p\u0159\u00edpadech, \u017ee se moc pokus\u00ed sv\u00e9 z\u00e1m\u011bry prosazovat formou ostrakizace politick\u00fdch konkurent\u016f.<\/p>\n<p>Varoval jsem p\u0159ed t\u00edm, \u017ee se vl\u00e1da pokus\u00ed kriminalizovat politick\u00e9 oponenty. Ta situace, bohu\u017eel, nastala.<\/p>\n<p>Existuje n\u011bkolik zp\u016fsob\u016f, jak potla\u010dit politickou konkurenci, nebo opozici. Nap\u0159\u00edklad vyu\u017e\u00edt k\u00a0udr\u017een\u00ed u\u00a0moci podporu silov\u00fdch slo\u017eek st\u00e1tu. Policie, st\u00e1tu, soud\u016f. Za posledn\u00ed roky vid\u00edme dobrodin\u00ed p\u0159i\u00a0potla\u010dov\u00e1n\u00ed protest\u016f ve v\u011bt\u0161in\u011b zem\u00ed z\u00e1padn\u00edho sv\u011bta. Demonstrace kon\u010d\u00ed z\u00e1sahy policie, kter\u00e1 se s\u00a0demonstranty rozhodn\u011b nemazl\u00ed.<\/p>\n<p>V p\u0159\u00edpad\u011b politick\u00fdch oponent\u016f je obu\u0161ek neproduktivn\u00ed. Metodou je soudn\u00ed proces. Je to efektivn\u00ed metoda, kdy z\u00e1t\u011b\u017e, spojen\u00e1 s\u00a0dehonestac\u00ed a\u00a0odsouzen\u00edm politick\u00fdch protivn\u00edk\u016f je p\u0159enesena na bedra instituc\u00ed. Instituce se tomu ze z\u00e1kona nemohou br\u00e1nit. Jsou povinny jednat a\u00a0reagovat na podn\u011bty. Soudn\u00ed spor se tak ale stane n\u00e1strojem politiky.<\/p>\n<p>Dal\u0161\u00edm \u00fa\u010dinn\u00fdm zp\u016fsobem politick\u00e9 ostrakizace je vyu\u017eit\u00ed soft power, tedy m\u011bkk\u00e9 s\u00edly sp\u0159\u00edzn\u011bn\u00fdch m\u00e9di\u00ed, NGO (<em>viz tzv.\u00a0neziskov\u00fdch organizac\u00ed<\/em>), s\u00edt\u011b podporuj\u00edc\u00edch koment\u00e1tor\u016f a\u00a0ve\u0159ejn\u011b \u010dinn\u00fdch osob k\u00a0hanoben\u00ed protistrany. Nej\u00fa\u010dinn\u011bj\u0161\u00ed metodou je ale kombinace ob\u00e9ho. Tedy vyvol\u00e1n\u00ed ve\u0159ejn\u00e9 kauzy, na jej\u00edm\u017e konci je politick\u00fd proces, ve kter\u00e9 mus\u00ed st\u00e1tn\u00ed instituce \u017ealovat politick\u00e9ho oponenta z\u00a0ve\u0159ejn\u00fdch pohnutek. P\u0159i\u010dem\u017e politick\u00e1 moc pak m\u016f\u017ee kauzu vyu\u017e\u00edvat jako medi\u00e1ln\u00ed katapult, ost\u0159eluj\u00edc\u00ed trvale pozice a\u00a0kredit politick\u00e9ho oponenta.<\/p>\n<p><span style=\"font-size: 18pt;\"><strong>O \u010dem jsou politick\u00e9 procesy?<\/strong><\/span><\/p>\n<p>Na rozd\u00edl od krimin\u00e1ln\u00edch kauz smyslem politick\u00fdch proces\u016f nen\u00ed dokazov\u00e1n\u00ed viny \u010di\u00a0neviny. To je druhotn\u00e9. Smyslem politick\u00fdch proces\u016f je dehonestace protivn\u00edka. Z\u00e1rove\u0148 je j\u00edm odstra\u0161en\u00ed nebo zastra\u0161en\u00ed \u010d\u00e1sti ve\u0159ejnosti. Je to n\u00e1stroj, jak\u00fdm znejistit voli\u010de a\u00a0podporovatele lid\u00ed, kte\u0159\u00ed se ocitnou p\u0159ed soudn\u00edm stolcem.<\/p>\n<p>Podot\u00fdk\u00e1m. Aby bylo jasno. V\u011b\u0159\u00edm v\u00a0\u010desk\u00fd pr\u00e1vn\u00ed syst\u00e9m a\u00a0v\u00a0nestrannost \u010desk\u00fdch soud\u016f. Pova\u017euji nez\u00e1vislou soudn\u00ed moc za jeden ze z\u00e1kladn\u00edch pil\u00ed\u0159\u016f demokracie. Nem\u00e1m v\u00a0nejmen\u0161\u00edm \u00famyslu t\u00edmto \u010dl\u00e1nkem jak\u00fdmkoliv zp\u016fsobem napadnout soudy, nebo pr\u00e1ci policie. Naopak. Vyj\u00edm\u00e1m z\u00a0tohoto \u010dl\u00e1nku jak\u00fdkoliv negativn\u00ed odkaz k\u00a0pr\u00e1ci policie a\u00a0soudc\u016f, ve v\u0161ech v\u00fdznamech a\u00a0podob\u00e1ch.<\/p>\n<p>\u010cemu ale nev\u011b\u0159\u00edm je tato vl\u00e1da. Jej\u00ed pokusy v\u00a0minulosti, kdy se z\u00a0opozi\u010dn\u00edch pozic vehementn\u011b pokou\u0161ela kriminalizovat politick\u00e9ho oponenta dost\u00e1vaj\u00ed dnes, v\u00a0dob\u011b, kdy jsou u\u00a0moci konkr\u00e9tn\u00ed tvar.<\/p>\n<p>Babi\u0161 stoj\u00ed p\u0159ed soudem.<\/p>\n<p>Jsme rovni p\u0159ed z\u00e1konem.<\/p>\n<p>Ale kauza \u010cap\u00edho hn\u00edzda, kter\u00e9 se vede u\u017e 15 let, nen\u00ed ni\u010d\u00edm jin\u00fdm ne\u017e politick\u00fdm n\u00e1strojem.<\/p>\n<p>Vysv\u011btl\u00edm pro\u010d.<\/p>\n<p><span style=\"font-size: 18pt;\">\ud835\udde3\ud835\uddfc\ud835\uddf9\ud835\uddf6\ud835\ude01\ud835\uddf6\ud835\uddf0\ud835\uddf8\u00e9 \ud835\uddfd\ud835\uddff\ud835\uddfc\ud835\uddf0\ud835\uddf2\ud835\ude00\ud835\ude06 \ud835\ude03 \ud835\uddfa\ud835\uddf6\ud835\uddfb\ud835\ude02\ud835\uddf9\ud835\uddfc\ud835\ude00\ud835\ude01\ud835\uddf6<\/span><\/p>\n<p>Vra\u0165me se k\u00a0logice politick\u00fdch proces\u016f. Pro\u010d se d\u011blaj\u00ed a\u00a0k\u00a0\u010demu slou\u017e\u00ed.<\/p>\n<p>Podstatou politick\u00e9ho procesu je poka\u017ed\u00e9 dopad na ve\u0159ejnost. To je jej\u00edch ur\u010duj\u00edc\u00edm smyslem.<\/p>\n<p>Ru\u0161t\u00ed bol\u0161evici za \u00e9ry revoluce, v\u00a0\u00e9\u0159e stalinsk\u00fdch proces\u016f, vedli politick\u00e9 procesy, jejich\u017e smyslem bylo definovat vnit\u0159n\u00edho \u201enep\u0159\u00edtele\u201c. Nep\u0159\u00e1teli revoluce byli p\u0159edev\u0161\u00edm odpadl\u00edci z\u00a0r\u016fzn\u00fdch n\u00e1zorov\u00fdch platforem, kte\u0159\u00ed nesouhlasili s\u00a0bol\u0161evick\u00fdm pojet\u00edm veden\u00ed st\u00e1tu. Intelektu\u00e1lov\u00e9. Ru\u0161t\u00ed malozem\u011bd\u011blci, kulaci, nebo internacion\u00e1lov\u00e9, jejich\u017e zku\u0161enost se z\u00e1padn\u00edmi zem\u011bmi by mohla ohrozit jednozna\u010dn\u00e9 v\u00fdklady sv\u011bta bol\u0161evik\u016f.<\/p>\n<p>Pro n\u011b byly vyhrazeny ve\u0159ejn\u011b p\u0159en\u00e1\u0161en\u00e9 procesy s\u00a0takzvan\u00fdmi t\u0159\u00eddn\u00edmi nep\u0159\u00e1teli, jejich\u017e smyslem bylo zastra\u0161it a\u00a0pod\u0159\u00eddit si ve\u0159ejnost. V\u00a0Sov\u011btsk\u00e9m svazu se vedly procesy s\u00a0d\u016fstojn\u00edky, s\u00a0l\u00e9ka\u0159i, s\u00a0p\u0159edstaviteli odno\u017e\u00ed komunistick\u00e9 v\u00edry, kter\u00e9 p\u0159estaly vyhovovat pot\u0159eb\u00e1m stranick\u00fdch politbyr. Typicky, procesy s\u00a0Trock\u00e9ho p\u0159\u00edvr\u017eenci, tzv.\u00a0trockisty, lidmi, kte\u0159\u00ed neopustili intelektu\u00e1la rud\u00e9 revoluce ani pot\u00e9, co jej Stalin ozna\u010dil za vnit\u0159n\u00edho nep\u0159\u00edtele a\u00a0zr\u00e1dce. Gulagy, vra\u017edy, dlouholet\u00e1 v\u011bzen\u00ed pat\u0159ily k\u00a0re\u017eimn\u00ed odpov\u011bdi na projeven\u00fd postoj a\u00a0n\u00e1zor.<\/p>\n<p>Pro nacisty byli nep\u0159\u00e1teli \u0158\u00ed\u0161e \u017did\u00e9, Cik\u00e1ni, demokrat\u00e9, nebo komunist\u00e9. A\u00a0pozd\u011bji slovansk\u00e9 n\u00e1rody, Pol\u00e1ci, \u010ce\u0161i, Rusov\u00e9 atd. Ka\u017ed\u00e9 z\u00a0ozna\u010den\u00ed t\u011bchto skupin m\u011blo jasn\u00fd c\u00edl. Z\u00a0medi\u00e1ln\u00ed ma\u0161inerie, zam\u011b\u0159en\u00e9 na konkr\u00e9tn\u00ed skupinu lid\u00ed m\u011bl vzej\u00edt tich\u00fd souhlas ve\u0159ejnosti s\u00a0ostrakizac\u00ed. Se zav\u00e1d\u011bn\u00edm opat\u0159en\u00ed, na jejich\u017e konci byly koncentra\u010dn\u00ed t\u00e1bory.<\/p>\n<p>V\u00fdsledky t\u00e9to metody byly velmi \u00fa\u010dinn\u00e9. P\u0159\u00edklady? Arizac\u00ed se nacist\u00e9 domohli, za tich\u00e9ho souhlasu tehdej\u0161\u00ed n\u011bmeck\u00e9 ve\u0159ejnosti, vyvlastn\u011bn\u00ed obrovsk\u00fdch majetk\u016f a\u00a0d\u00edky metod\u011b, umo\u017e\u0148uj\u00edc\u00ed beztrestn\u00e9 okraden\u00ed majetn\u00fdch \u017eidovsk\u00fdch majitel\u016f a\u00a0rodin si nacistick\u00fd re\u017eim notn\u011b pomohl k\u00a0dofinancov\u00e1n\u00ed provozu vlastn\u00edho re\u017eimu.<\/p>\n<p>\u00datoky na demokraty, komunisty, levici, po\u00a0po\u017e\u00e1ru \u0159\u00ed\u0161sk\u00e9ho sn\u011bmu umo\u017enily nacist\u016fm zbavit se jednou prov\u017edy nen\u00e1vid\u011bn\u00e9ho a\u00a0velmi obt\u00ed\u017en\u00e9ho protivn\u00edka, levice, s\u00a0n\u00ed\u017e nacist\u00e9 vedli vlekl\u00fd z\u00e1pas o\u00a0pozornost a\u00a0podporu ze strany d\u011blnictva. A\u00a0tak\u00e9, procesy poslou\u017eily k\u00a0p\u0159evzet\u00ed kontroly nad parlamentem. Hitler mohl po\u00a0ve\u0159ejn\u00e9 ob\u017ealob\u011b levice zru\u0161it politickou sout\u011b\u017e.<\/p>\n<p>Rozbit\u00ed n\u011bmeck\u00e9 spole\u010dnosti, roz\u010dlen\u011bn\u00ed, rozkastov\u00e1n\u00ed na p\u0159\u00e1tele a\u00a0nep\u0159\u00e1tele re\u017eimu umo\u017enilo spole\u010dnost ovl\u00e1dnout. V\u00fdsledkem byl strach a\u00a0p\u0159itak\u00e1n\u00ed nacistick\u00e9 moci. Z\u00e1kladem byla eliminace konkuren\u010dn\u00ed nebo vyva\u017euj\u00edc\u00ed s\u00edly. N\u00e1sledoval r\u016fst fanatismu. A\u00a0nakonec v\u00e1lka.<\/p>\n<p>U n\u00e1s jsme metodu ve\u0159ejn\u00fdch proces\u016f, p\u0159en\u00e1\u0161en\u00fdch rozhlasem, vyzkou\u0161eli v\u00a050.\u00a0letech minul\u00e9ho stolet\u00ed. Jej\u00ed podstatou bylo nikoliv dok\u00e1z\u00e1n\u00ed n\u011bjak\u00fdch krimin\u00e1ln\u00edch \u010din\u016f. V\u011bt\u0161ina ob\u011bt\u00ed t\u011bchto proces\u016f byla nevinn\u00e1. Komunistick\u00e1 moc si vynutila \u201ep\u0159izn\u00e1n\u00ed\u201c d\u016fmysln\u00fdmi formami psychick\u00e9ho n\u00e1tlaku a\u00a0fyzick\u00e9ho teroru. P\u0159i\u010dem\u017e se s\u00a0brut\u00e1ln\u00edm n\u00e1tlakem ani p\u0159\u00edli\u0161 neskr\u00fdvala.<\/p>\n<p>Lidem u\u00a0rozhlasov\u00fdch stanic, poslouchaj\u00edc\u00edch vynucen\u00e1 p\u0159izn\u00e1n\u00ed nezb\u00fdvalo ne\u017e v\u011b\u0159it, \u017ee vynucen\u00e1 sv\u011bdectv\u00ed jsou pravdou. Dnes u\u017e jen st\u011b\u017e\u00ed m\u016f\u017eeme pochopit lidi, p\u00ed\u0161\u00edc\u00ed Gottwaldovi \u017e\u00e1dosti o\u00a0tresty smrti pro vlastizr\u00e1dce. Atmosf\u00e9ru ud\u00e1v\u00e1n\u00ed, podez\u00edr\u00e1n\u00ed, strachu a\u00a0z\u00e1rove\u0148 obrovsk\u00e9 zbab\u011blosti. Byla to zlo\u010dinn\u00e1 verze zneu\u017eit\u00ed politick\u00e9 moci, kterou nejodporn\u011bj\u0161\u00ed odr\u016fda politik\u016f, neschopn\u00fdch prosadit sv\u00e9 politick\u00e9 c\u00edle norm\u00e1ln\u00ed cestou, formovala spole\u010dnost.<\/p>\n<p><span style=\"font-size: 18pt;\"><strong>Babi\u0161\u016fv politick\u00fd proces<\/strong><\/span><\/p>\n<p>Na kauz\u00e1ch Andreje Babi\u0161e je podivn\u00e9, \u017ee maj\u00ed dva spole\u010dn\u00e9 prvky.<\/p>\n<p>Prvn\u00edm je, \u017ee halasn\u011b ohl\u00e1\u0161en\u00e9 kauzy, kter\u00e9 roz\u010diluj\u00ed, nadzdvih\u00e1vaj\u00ed a\u00a0zv\u011bt\u0161uj\u00ed t\u00e1bor jeho odp\u016frc\u016f, ni\u010d\u00ed jeho kredit u\u00a0ve\u0159ejnosti, kon\u010d\u00ed v\u00a0tichosti, rozhodnut\u00edm soudu, jako odlo\u017een\u00e9 p\u0159\u00edpady.<\/p>\n<p>Abych to pojmenoval pregnantn\u011b. \u010casto jde o\u00a0l\u017ei. P\u0159\u00edkladn\u011b Panama Papers, obvin\u011bn\u00ed ve v\u011bci zavle\u010den\u00ed Babi\u0161ova syna Andreje, nebo kauza otravy Be\u010dvy. Tyhle v\u011bci, spojen\u00e9 s\u00a0Babi\u0161em, byly jednodu\u0161e l\u017ei. Nic v\u00edc. Pouh\u00e9 l\u017ei. Kdy\u017e si ale d\u00e1te do vyhled\u00e1va\u010de dotaz na tyto kauzy, vyjedou v\u00e1m stovky a\u00a0mo\u017en\u00e1 tis\u00edce \u010dl\u00e1nk\u016f. Nikde, na konci t\u011bchto kauz nen\u00ed naps\u00e1no, \u017ee ve\u0159ejnost byla po\u00a0celou dobu manipulov\u00e1na.<\/p>\n<p>Druhou podivnost\u00ed je, \u017ee kauzy jsou trvale a\u00a0\u00fa\u010delov\u011b v\u00e1z\u00e1ny na kl\u00ed\u010dov\u00e9 momenty \u010desk\u00e9ho politick\u00e9ho \u017eivota. Vrchol\u00ed obvykle p\u0159ed volbami, nebo b\u011bhem n\u011bkter\u00e9 z\u00a0n\u00e1tlakov\u00fdch situac\u00ed, kter\u00e9 maj\u00ed za c\u00edl prosadit fundament\u00e1ln\u00ed r\u00e1mec politiky. Je to tristn\u00ed.<\/p>\n<p>B\u00fdval\u00fd premi\u00e9r, stoj\u00edc\u00ed p\u0159ed soudem, je pro \u0159adu lid\u00ed mo\u017en\u00e1 zt\u011blesn\u011bn\u00edm jejich touhy po\u00a0spole\u010densk\u00e9 vendet\u011b. Vn\u00edm\u00e1m to ale jinak. Tento proces vn\u00edm\u00e1m jako nebezpe\u010d\u00ed. Jako potenci\u00e1ln\u00ed ohro\u017een\u00ed demokracie. A\u00a0vysv\u011btl\u00edm i\u00a0pro\u010d.<\/p>\n<p>Tvrd\u00edm, \u017ee Andrej Babi\u0161 je dotla\u010den do soudn\u00edho procesu, jeho\u017e j\u00e1drem nen\u00ed proh\u0159e\u0161ek proti dota\u010dn\u00edm pravidl\u016fm. C\u00edlem nen\u00ed jej potrestat za proh\u0159e\u0161ek p\u0159i\u00a0budov\u00e1n\u00ed farmy pro ve\u0159ejnost. C\u00edlem je poskytnout ve\u0159ejnosti obr\u00e1zek pon\u00ed\u017een\u00e9ho politika. Z\u00a0tohoto obrazu pot\u00e9 sign\u00e1l sm\u011brem ke spole\u010dnosti. Tento sign\u00e1l zn\u00ed: Dostaneme ka\u017ed\u00e9ho. I\u00a0tak velkou \u0161ajbu, jakou je Babi\u0161.<\/p>\n<p><span style=\"font-size: 18pt;\"><strong>Raku\u0161anovo extempore a\u00a0cela od Milionu chvilek<\/strong><\/span><\/p>\n<p>Abychom pochopili, \u017ee jde o\u00a0politick\u00fd proces, nen\u00ed nutn\u00e9 chodit p\u0159\u00edli\u0161 daleko. Uvedu dva p\u0159\u00edklady.<\/p>\n<p>Prvn\u00edm je ministr vnitra, Raku\u0161an. Jeho extempore, kdy stoj\u00ed na st\u0159e\u0161e ministerstva vnitra a\u00a0ukazuje v\u00a0kalend\u00e1\u0159i na datum Babi\u0161ova soudn\u00edho procesu je mo\u017en\u00e9 ch\u00e1pat jedin\u00fdm zp\u016fsobem. Vyhro\u017eov\u00e1n\u00ed a\u00a0zastra\u0161ov\u00e1n\u00ed. St\u00e1tem placen\u00fd \u00fa\u0159edn\u00edk m\u00e1 povinnost ve sporech vystupovat nestrann\u011b a\u00a0zaru\u010dit ka\u017ed\u00e9mu z\u00a0ob\u010dan\u016f rovn\u00e1 pr\u00e1va. Ministr vnitra, tedy ministr silov\u00e9ho rezortu, nesm\u00ed ve sv\u00e9 funkci zneu\u017e\u00edt sv\u00e9ho postaven\u00ed a\u00a0takto vyhro\u017eovat jak\u00e9mukoliv ob\u010danu. Nato\u017e kl\u00ed\u010dov\u00e9mu politick\u00e9mu oponentu. Takov\u00e9 jedn\u00e1n\u00ed, s\u00a0v\u00fdjimkou jihoamerick\u00e9 junty, nebo nap\u0159\u00edklad Ukrajiny, zem\u011b proslul\u00e9 t\u00edm, \u017ee ka\u017ed\u00fd premi\u00e9r se pokusil dostat do v\u011bzen\u00ed sv\u00e9ho p\u0159edch\u016fdce, je typick\u00e9 pro nedemokratick\u00e9 syst\u00e9my. Raku\u0161anovo jedn\u00e1n\u00ed ukazuje, jak\u00fdm zp\u016fsobem poj\u00edm\u00e1 tato vl\u00e1da sv\u011b\u0159enou moc.<\/p>\n<p>Jako mafie. Kter\u00e1 si plete sv\u011b\u0159en\u00e9 \u00fa\u0159ady s\u00a0vlastn\u00edm domicilem.<\/p>\n<p>Druhou v\u011bc\u00ed je \u010dinnost provl\u00e1dn\u00ed \u00faderky Milion chvilek. Ta p\u0159ed soudn\u00ed budovou instalovala zam\u0159\u00ed\u017eovanou celu s\u00a0jasn\u00fdm v\u00fdznamem. Chceme vid\u011bt Babi\u0161e ve v\u011bzen\u00ed.<\/p>\n<p>Soudn\u00ed proces je velmi n\u00e1ro\u010dn\u00e1 v\u011bc pro ka\u017ed\u00e9ho \u010dlov\u011bka. Je to ryze osobn\u00ed z\u00e1le\u017eitost. P\u0159esto\u017ee ve sporu st\u00e1tn\u00ed z\u00e1stupce navrhuje podm\u00edn\u011bn\u00e9 tresty, soudce m\u00e1 pr\u00e1vo rozhodnout jinak. A\u00a0m\u016f\u017ee ulo\u017eit a\u017e desetilet\u00fd trest.<\/p>\n<p>Andrej Babi\u0161 m\u00e1 pr\u00e1vo v\u00a0takov\u00e9m okam\u017eiku sv\u00e9ho \u017eivota po\u017e\u00edvat respektu a\u00a0ochrany jako ka\u017ed\u00fd jin\u00fd \u010dlov\u011bk. Je nevinn\u00fd a\u00a0p\u0159edstupuje p\u0159ed soud dobrovoln\u011b. Nemusel jej k\u00a0tomu nikdo nutit.<\/p>\n<p>Jedn\u00e1n\u00ed Raku\u0161ana i\u00a0aktivist\u016f prozrazuj\u00ed z\u00e1m\u011br.<\/p>\n<p>Dos\u00e1hnout prost\u0159ednictv\u00edm instituc\u00ed ve\u0159ejn\u00e9ho odsouzen\u00ed. A\u00a0to je n\u011bco, s\u00a0\u010d\u00edm jsme se zde setkali naposledy za minul\u00e9ho re\u017eimu. Ni\u010d\u00edm se to neli\u0161\u00ed od politick\u00fdch proces\u016f v\u00a0minulosti.<\/p>\n<p>Nen\u00ed to Andrej Babi\u0161, nebo Milo\u0161 Zeman, kdo ni\u010d\u00ed v\u00a0t\u00e9to zemi demokracii.<\/p>\n<p>Jsou to tito agiln\u00ed a\u00a0bezuzdn\u00ed novodob\u00ed Urv\u00e1lkov\u00e9, kte\u0159\u00ed klidn\u011b znect\u00ed v\u00e1\u017en\u00e9 soudn\u00ed jedn\u00e1n\u00ed a\u00a0zneu\u017eij\u00ed jej pro vlastn\u00ed \u00fa\u010dely. Je to nep\u0159\u00edpustn\u00e9.<\/p>\n<p><span style=\"font-size: 18pt;\"><strong>Formov\u00e1n\u00ed n\u00e1zoru na p\u0159\u00edkladu Babi\u0161e<\/strong><\/span><\/p>\n<p>Tato aktu\u00e1ln\u00ed ud\u00e1lost, ve\u0159ejn\u00fd proces s\u00a0Babi\u0161em, je sou\u010d\u00e1st\u00ed dlouhodob\u00e9 taktiky. Nevkusn\u00e9, ale velmi \u00fa\u010dinn\u00e9.<\/p>\n<p>Znovu zopakuji. V\u00a0t\u00e9to kauze nejde o\u00a0potrest\u00e1n\u00ed. Jde o\u00a0medi\u00e1ln\u00ed impulz.<\/p>\n<p>To je, \u010d\u00edm tato vl\u00e1da pracuje.<\/p>\n<p>Jde o\u00a0to, aby vl\u00e1da a\u00a0polistopadov\u00e9 stany m\u011bly v\u00a0ruce n\u00e1stroj, kter\u00fdm dok\u00e1\u017ee formovat n\u00e1zory lid\u00ed ve velk\u00e9m rozsahu. Pomoc\u00ed jednoduch\u00e9ho programov\u00e1n\u00ed. Sign\u00e1lu.<\/p>\n<p>Babi\u0161. Est\u00e9b\u00e1k. Dota\u010dn\u00ed defraudant. \u0160patn\u00fd otec. Travi\u010d Be\u010dvy.<\/p>\n<p>Te\u010f je smyslem cel\u00e9 akce, aby p\u0159ibyl nov\u00fd mem. Odsouzen\u00fd Babi\u0161.<\/p>\n<p>Je to programov\u00e1n\u00ed a\u00a0je velmi \u00fasp\u011b\u0161n\u00e9.<\/p>\n<p>Kdy\u017e si p\u0159e\u010dtete koment\u00e1\u0159e na FB profilu pod Babi\u0161ov\u00fdmi posty, v\u00a0r\u016fzn\u00fdch \u010dasech, v\u0161imnete si, jak memy funguj\u00ed. Lid\u00e9 v\u00a0r\u016fzn\u00fdch etap\u00e1ch nad\u00e1vaj\u00ed Babi\u0161ovi a\u00a0opakuj\u00ed memy, vytvo\u0159en\u00e9 propagandou.<\/p>\n<p>Dnes u\u017e zbyl jen \u201eest\u00e9b\u00e1k\u201c a\u00a0\u201e\u010cap\u00ed hn\u00edzdo\u201c.<\/p>\n<p>Jedna kauza za druhou odezn\u011bly do pr\u00e1zdna. Nebyly pravdiv\u00e9. Byly to jednodu\u0161e l\u017ei.<\/p>\n<p>Ale memy, v\u011bz\u00edc\u00ed hluboko v\u00a0hlav\u00e1ch, p\u0159etrv\u00e1vaj\u00ed.<\/p>\n<p>O tohle celou dobu \u0161lo.<\/p>\n<p><span style=\"font-size: 18pt;\"><strong>Metoda medi\u00e1ln\u00edho impulzu<\/strong><\/span><\/p>\n<p>Pojmenoval bych tuto metodu metodou medi\u00e1ln\u00edho impulzu.<\/p>\n<p>V dne\u0161n\u00ed dob\u011b by n\u011bkdo jako prokur\u00e1tor Urv\u00e1lek z\u00a0\u00e9ry stalinsk\u00fdch proces\u016f jednodu\u0161e nepro\u0161el. Pro spole\u010dnost by podobn\u00e1 v\u011bc byla nep\u0159\u00edpustn\u00e1. Postup je jin\u00fd.<\/p>\n<p>Logika postupu je postavena na n\u011bkolika kroc\u00edch.<\/p>\n<p>Obvin\u011bn\u00ed, skute\u010dn\u00e9, \u010di\u00a0fale\u0161n\u00e9, na \u010dem\u017e prakticky nez\u00e1le\u017e\u00ed, s\u00a0potenci\u00e1ln\u011b ni\u010div\u00fdm dopadem je vzneseno ve\u0159ejnosti. Jde o\u00a0to, aby v\u00a0j\u00e1dru byla mo\u017en\u00e1 jednozna\u010dn\u00e1 a\u00a0srozumiteln\u00e1 medi\u00e1ln\u00ed interpretace.<\/p>\n<p>Tato interpretace je z\u00e1kladem, z\u00a0n\u011bho\u017e vzejdou jednoduch\u00e9, snadno opakovateln\u00e9 memy. Mus\u00ed b\u00fdt dosa\u017eeno medi\u00e1ln\u00ed zkratky. Babi\u0161 \u0161patn\u00fd otec. Babi\u0161 rozkr\u00e1da\u010d dotac\u00ed. Miliard\u00e1\u0159, ovl\u00e1daj\u00edc\u00ed m\u00e9dia.<\/p>\n<p>Mafi\u00e1n.<\/p>\n<p>Pot\u00e9, co jsou memy dosazeny do ve\u0159ejn\u00e9ho prostoru, kauza naroste. A\u00a0po\u00a0dosa\u017een\u00ed ur\u010dit\u00e9ho c\u00edle zase utichne. Je vracena do hry poka\u017ed\u00e9, b\u011bhem n\u011bjak\u00e9ho kl\u00ed\u010dov\u00e9ho okam\u017eiku. T\u0159i dny p\u0159ed volbami. B\u011bhem Vrb\u011btic. B\u011bhem \u00fatoku na Zemana.<\/p>\n<p>Pokud se kauza prok\u00e1\u017ee jako nepr\u016fkazn\u00e1, l\u017eiv\u00e1, nevad\u00ed. Je posunuta. V\u011btvena, rozv\u00edjena a\u00a0p\u0159id\u00e1v\u00e1ny jsou dal\u0161\u00ed a\u00a0dal\u0161\u00ed souvislosti. Na kauz\u00e1ch se po\u00a0cel\u00e9 roky \u017eiv\u00ed tit\u00e9\u017e novin\u00e1\u0159i. Tyt\u00e9\u017e NGO, tyt\u00e9\u017e akt\u00e9\u0159i. Je to jejich druh ob\u017eivy. I\u00a0u\u00a0ji\u017e ukon\u010den\u00fdch kauz, jako je \u010cap\u00ed hn\u00edzdo, kter\u00e9 bylo ukon\u010deno ji\u017e se znovu prost\u011b vr\u00e1t\u00ed, rozhodnut\u00edm st\u00e1tn\u00edho z\u00e1stupce znovu do hry. Obvykle na z\u00e1klad\u011b \u201enov\u00fdch d\u016fkaz\u016f\u201c.<\/p>\n<p>Co\u017e bylo v\u00a0p\u0159\u00edpad\u011b t\u00e9to kauzy nap\u0159\u00edklad anga\u017eov\u00e1n\u00ed sv\u011bdectv\u00ed Andreje Babi\u0161e ml.<\/p>\n<p>Podstatn\u00e9 je, aby se kauza cyklicky vracela, v\u00a0pravideln\u00fdch impulzech. Ka\u017ed\u00fd medi\u00e1ln\u00ed impulz n\u00e1sob\u00ed \u00fa\u010din p\u0159edchoz\u00edch etap. Je to jako s\u00a0obl\u00edbenou televizn\u00ed reklamou. Po\u00a0\u010dase ji akceptuje a\u00a0zapamatuje si ji v\u011bt\u0161ina.<\/p>\n<p>Kauza \u010cap\u00edho hn\u00edzda se odehr\u00e1v\u00e1 u\u017e n\u011bkolik let.<\/p>\n<p>Dne 30.\u00a08.\u00a02019 ji dozorov\u00fd st\u00e1tn\u00ed z\u00e1stupce \u0160aroch zastavil. Zastavil trestn\u00ed st\u00edh\u00e1n\u00ed Andreje Babi\u0161e v\u010detn\u011b v\u0161ech zb\u00fdvaj\u00edc\u00edch osob. V\u00a0usnesen\u00ed dozorov\u00fd st\u00e1tn\u00ed z\u00e1stupce konstatoval, \u017ee trestn\u00fd \u010din, jak jej opakovan\u011b popisovala policie ve sv\u00fdch \u017e\u00e1dostech sm\u011b\u0159ovan\u00fdch do Poslaneck\u00e9 sn\u011bmovny, a\u00a0p\u0159edev\u0161\u00edm v\u00a0usnesen\u00ed o\u00a0zah\u00e1jen\u00ed trestn\u00edho st\u00edh\u00e1n\u00ed se ani nestal a\u00a0ani st\u00e1t nemohl. Spole\u010dnost Farma \u010cap\u00ed hn\u00edzdo v\u00a0rozhodn\u00e9 dob\u011b spl\u0148ovala podm\u00ednky mal\u00e9ho podniku. Bublina tehdy s\u00a0tichost\u00ed splaskla.<\/p>\n<p>Pro\u010d se znovu objevila?<\/p>\n<p>P\u0159ed volbami se poka\u017ed\u00e9 n\u00e1hle najdou ne\u010dekan\u011b z\u00e1sadn\u00ed d\u016fkazy. Neplat\u00ed to jen pro tuto kauzu. Plat\u00ed to obecn\u011b u\u00a0Babi\u0161ov\u00fdch kauz. Typicky v\u00a0kauze o\u00a0Babi\u0161ov\u011b spolupr\u00e1ci s\u00a0STB, z\u00a0nich\u017e nakonec vyleze, po\u00a0podrobn\u011bj\u0161\u00edm zkoum\u00e1n\u00ed, re\u00e1ln\u00fd fakt, \u017ee dan\u00fd badatel n\u011bkde na\u0161el samostatn\u00fd l\u00edstek se z\u00e1znamem. Kauza sice nep\u0159inese nic nov\u00e9ho, ale znovu o\u017eiv\u00ed star\u00fd p\u0159\u00edpad a\u00a0udr\u017e\u00ed jej v\u00a0pam\u011bti. Nebo znovu vystartuje \u010cap\u00ed hn\u00edzdo. Objev\u00ed se nov\u00e1 v\u011btev star\u00e9ho p\u0159\u00edpadu. Jako je tomu te\u010f. P\u0159\u00edpad se za\u010dne v\u011btvit, na r\u016fzn\u00e9 \u201ereklamn\u00ed v\u011btve\u201c.<\/p>\n<p>Kter\u00e9, i\u00a0kdy\u017e je soudy smetou ze stolu, znovu pokra\u010duj\u00ed v\u00a0jin\u00e9m proveden\u00ed.<\/p>\n<p>Proto\u017ee ta nejcenn\u011bj\u0161\u00ed v\u011bc na t\u011bchto kauz\u00e1ch nejsou p\u0159\u00edpadn\u00e9 rozsudky, ale to, \u017ee kauza existuje. A\u00a0je mo\u017en\u00e9 j\u00ed, nebo jimi plnit str\u00e1nky novin a\u00a0televizn\u00ed obrazovku.<\/p>\n<p><span style=\"font-size: 18pt;\"><strong>Kauzy vypukaj\u00ed p\u0159ed volbami<\/strong><\/span><\/p>\n<p>M\u00e1me p\u0159ed sebou pochopiteln\u011b dal\u0161\u00ed d\u016fle\u017eit\u00e9 komun\u00e1ln\u00ed volby. Kter\u00e9 budou referendem o\u00a0mimo\u0159\u00e1dn\u011b ne\u00fasp\u011b\u0161n\u00e9 Fialov\u011b vl\u00e1d\u011b.<\/p>\n<p>Bylo jen ot\u00e1zkou na\u010dasov\u00e1n\u00ed, kdy bude kauza \u010cap\u00edho hn\u00edzda znovu p\u0159ednesena publiku.<\/p>\n<p>Probl\u00e9m t\u00e9hle metody je, \u017ee se \u010dasem vy\u010derp\u00e1. Vl\u00e1da kartu Babi\u0161ov\u00fdch kauz \u017ed\u00edm\u00e1 do naprost\u00e9ho vy\u010derp\u00e1n\u00ed. Ani nic jin\u00e9ho jim vlastn\u011b u\u017e nezb\u00fdv\u00e1.<\/p>\n<p>Babi\u0161ovy preference jsou na 30%. Tedy na mo\u017en\u00e9m \u010desk\u00e9m maximu.<\/p>\n<p>Vl\u00e1da u\u017e p\u0159ed ve\u0159ejnost\u00ed nedok\u00e1\u017ee zast\u0159\u00edt, \u017ee jej\u00ed \u00fa\u010dinkov\u00e1n\u00ed je mimo\u0159\u00e1dn\u011b hroziv\u00e9. Je a\u017e s\u00a0podivem, \u017ee energie, kterou v\u011bnovali jednotliv\u00ed prominenti dne\u0161n\u00ed vl\u00e1dy tomu, aby se do vl\u00e1d dostali, z\u00faro\u010d\u00ed ji takto tristn\u00edm zp\u016fsobem. S\u00e1m jsem p\u0159ekvapen.<\/p>\n<p>U vl\u00e1dy se nakonec uk\u00e1zalo, \u017ee jej\u00ed mafi\u00e1nsk\u00e1 podstata se vyjev\u00ed p\u0159\u00edmo p\u0159ed zraky p\u0159ekvapen\u00e9ho publika a\u00a0podporovatel\u016f. Kauza Dozimetr, v\u00a0\u010dele s\u00a0Raku\u0161anem, ministrem vnitra, jeho\u017e nejbli\u017e\u0161\u00ed spolupracovn\u00edci jsou p\u0159\u00edmo zapleteni do t\u00e9to obludn\u00e9 kauzy znamenala ot\u0159es v\u00a0naz\u00edr\u00e1n\u00ed na polistopadovou \u00e9ru. I\u00a0na na\u0161e \u201edemokraty\u201c.<\/p>\n<p>Kte\u0159\u00ed demokraty nikdy nebyli. Je to mafie, kter\u00e1 zneu\u017e\u00edv\u00e1 demokratick\u00e9 instituty pro prosazov\u00e1n\u00ed vlastn\u00edch politick\u00fdch a\u00a0hospod\u00e1\u0159sk\u00fdch c\u00edl\u016f a\u00a0demokracii pouze ni\u010d\u00ed.<\/p>\n<p>Dnes u\u017e v\u00edme, \u017ee devades\u00e1tkov\u00e9 krimin\u00e1ln\u00ed kauzy, plynouc\u00ed z\u00a0p\u0159\u00edm\u00e9ho propojen\u00ed vl\u00e1dn\u00edch politik\u016f, zastupitel\u016f, poslanc\u016f na mafi\u00e1nsk\u00e9 gangy, do nich\u017e byly zapojeni soudci i\u00a0policist\u00e9, tahle krimin\u00e1ln\u00ed subkultura, plundruj\u00edc\u00ed ekonomiku r\u016fzn\u00fdmi formami korupce, vyt\u011b\u017eov\u00e1n\u00ed, ovl\u00e1d\u00e1n\u00ed st\u00e1tn\u00edch zak\u00e1zek nebyla n\u00e1hoda.<\/p>\n<p>Tahle porevolu\u010dn\u00ed parta nevymizela. Jen se transformovala a\u00a0\u010dekala v\u00a0z\u00e1v\u011bt\u0159\u00ed. A\u017e se pochybn\u00ed zast\u00e1nci demokracie vydov\u00e1d\u00ed na Babi\u0161ovi, aby potom mohla s\u00a0v\u00e1\u017enou tv\u00e1\u0159\u00ed p\u0159edstoupit p\u0159ed n\u00e1rod a\u00a0\u0159\u00edct: My jsme ta zm\u011bna.<\/p>\n<p>Je to sm\u011b\u0161n\u00e9. Teprve te\u010f si to kone\u010dn\u011b za\u010d\u00edn\u00e1 uv\u011bdomovat v\u011bt\u0161ina. Stav volebn\u00edch preferenc\u00ed tomu odpov\u00edd\u00e1.<\/p>\n<p>Tak u\u017e to prost\u011b b\u00fdv\u00e1. Nyn\u00ed zlod\u011bj k\u0159i\u010d\u00ed chy\u0165te zlod\u011bje. Je to typick\u00fdm vyj\u00e1d\u0159en\u00edm stavu \u010desk\u00e9 politiky.<\/p>\n<p>Ale s\u00a0t\u00edm u\u017e za\u010d\u00edn\u00e1 b\u00fdt konec.<\/p>\n<p>Bylo nutn\u00e9 p\u0159ij\u00edt s\u00a0v\u011bt\u0161\u00ed kartou.<\/p>\n<p>Babi\u0161 p\u0159ed soudem.<\/p>\n<p>Tenhle zp\u016fsob politiky ale vede spole\u010dnost do naprost\u00fdch pekel.<\/p>\n<p><em>Autor:\u00a0<strong>David Martinek<\/strong>, zdroj\u00a0<a href=\"https:\/\/www.facebook.com\/david.martinek1\">facebook autora<\/a><\/em><\/p>\n<p><img decoding=\"async\" loading=\"lazy\" class=\"alignnone size-medium wp-image-15130\" src=\"http:\/\/www.infokuryr.cz\/n\/wp-content\/uploads\/2022\/09\/david-martinek-300x300.jpg\" alt=\"\" width=\"300\" height=\"300\" srcset=\"https:\/\/www.infokuryr.cz\/n\/wp-content\/uploads\/2022\/09\/david-martinek-300x300.jpg 300w, https:\/\/www.infokuryr.cz\/n\/wp-content\/uploads\/2022\/09\/david-martinek-150x150.jpg 150w, https:\/\/www.infokuryr.cz\/n\/wp-content\/uploads\/2022\/09\/david-martinek.jpg 360w\" sizes=\"(max-width: 300px) 100vw, 300px\" \/><\/p>\n<p>__________________________________________________<\/p>\n<p style=\"text-align: center;\"><span style=\"font-size: 18pt;\"><strong><a href=\"http:\/\/www.infokuryr.cz\/n\/2022\/09\/13\/skandal-v-spd-kontroversni-a-pravomocne-odsouzeny-tomas-jarolim-na-kandidatce-teplicke-spd\/\">\u010ct\u011bte zde: Pravomocn\u011b odsouzen\u00fd Tom\u00e1\u0161 Jarol\u00edm na kandid\u00e1tce SPD<\/a><\/strong><\/span><\/p>\n<p>&nbsp;<\/p>\n","protected":false},"excerpt":{"rendered":"<p>Politick\u00e9 procesy Politick\u00e9 procesy jsou viditeln\u00fdm vyvrcholen\u00edm metody, p\u0159i\u00a0n\u00ed\u017e se \u010d\u00e1st politick\u00e9ho spektra z\u00a0r\u016fzn\u00fdch d\u016fvod\u016f&#8230;<\/p>\n","protected":false},"author":2,"featured_media":15131,"comment_status":"closed","ping_status":"closed","sticky":false,"template":"","format":"standard","meta":[],"categories":[6],"tags":[126,3322,29,3323],"_links":{"self":[{"href":"https:\/\/www.infokuryr.cz\/n\/wp-json\/wp\/v2\/posts\/15129"}],"collection":[{"href":"https:\/\/www.infokuryr.cz\/n\/wp-json\/wp\/v2\/posts"}],"about":[{"href":"https:\/\/www.infokuryr.cz\/n\/wp-json\/wp\/v2\/types\/post"}],"author":[{"embeddable":true,"href":"https:\/\/www.infokuryr.cz\/n\/wp-json\/wp\/v2\/users\/2"}],"replies":[{"embeddable":true,"href":"https:\/\/www.infokuryr.cz\/n\/wp-json\/wp\/v2\/comments?post=15129"}],"version-history":[{"count":0,"href":"https:\/\/www.infokuryr.cz\/n\/wp-json\/wp\/v2\/posts\/15129\/revisions"}],"wp:featuredmedia":[{"embeddable":true,"href":"https:\/\/www.infokuryr.cz\/n\/wp-json\/wp\/v2\/media\/15131"}],"wp:attachment":[{"href":"https:\/\/www.infokuryr.cz\/n\/wp-json\/wp\/v2\/media?parent=15129"}],"wp:term":[{"taxonomy":"category","embeddable":true,"href":"https:\/\/www.infokuryr.cz\/n\/wp-json\/wp\/v2\/categories?post=15129"},{"taxonomy":"post_tag","embeddable":true,"href":"https:\/\/www.infokuryr.cz\/n\/wp-json\/wp\/v2\/tags?post=15129"}],"curies":[{"name":"wp","href":"https:\/\/api.w.org\/{rel}","templated":true}]}}