{"id":15124,"date":"2022-09-15T06:56:46","date_gmt":"2022-09-15T04:56:46","guid":{"rendered":"http:\/\/www.infokuryr.cz\/n\/?p=15124"},"modified":"2022-09-15T06:56:52","modified_gmt":"2022-09-15T04:56:52","slug":"divam-se-na-obrazky-zelenskeho-z-izjumu-a-neverim-svym-ocim","status":"publish","type":"post","link":"https:\/\/www.infokuryr.cz\/n\/2022\/09\/15\/divam-se-na-obrazky-zelenskeho-z-izjumu-a-neverim-svym-ocim\/","title":{"rendered":"D\u00edv\u00e1m se na obr\u00e1zky Zelensk\u00e9ho z Izjumu a nev\u011b\u0159\u00edm sv\u00fdm o\u010d\u00edm"},"content":{"rendered":"<div id=\"fb-root\"><\/div>\n<p>Ukrajinsk\u00fd prezident Volodymyr Zelenskij zve\u0159ejnil na sv\u00e9m ofici\u00e1ln\u00edm\u00a0<a href=\"https:\/\/t.me\/V_Zelenskiy_official\/3225\">kan\u00e1lu Telegram<\/a>\u00a0n\u011bkolik fotografi\u00ed, na kter\u00fdch p\u00f3zuje ve m\u011bst\u011b Izjum.<\/p>\n<p>Na jednom ze sn\u00edmk\u016f si novin\u00e1\u0159i v\u0161imli v\u00fdstroje voj\u00e1ka se znakem divize SS \u201eTotenkopf\u201c.<\/p>\n<p>Na sn\u00edmku stoj\u00ed voj\u00e1k z\u00e1dy k prezidentovi a kame\u0159e a na z\u00e1dech m\u00e1 n\u00e1\u0161ivku s lebkou se zk\u0159\u00ed\u017een\u00fdmi hn\u00e1ty, kter\u00e1 p\u0159ipom\u00edn\u00e1 znak divize SS \u201eTotenkopf\u201c.<\/p>\n<p>K podobn\u00e9mu incidentu do\u0161lo 9. kv\u011btna, kdy m\u00e9dia informovala o zve\u0159ejn\u011bn\u00ed fotografi\u00ed ukrajinsk\u00e9ho prezidenta. Mezi mnoha fotografiemi s obyvateli Ukrajiny byl na sn\u00edmku zachycen voj\u00e1k se symboly SS.\u00a0P\u0159\u00edsp\u011bvek byl pozd\u011bji upraven a sn\u00edmek odstran\u011bn.<\/p>\n<p>10. kv\u011btna britsk\u00fd televizn\u00ed kan\u00e1l Sky News p\u0159eru\u0161il rozhovor s Dmitrijem Poljansk\u00fdm, prvn\u00edm z\u00e1stupcem st\u00e1l\u00e9ho p\u0159edstavitele Ruska p\u0159i OSN, pot\u00e9, co se diplomat o tomto incidentu zm\u00ednil.<\/p>\n<p>D\u00edv\u00e1m se na obr\u00e1zky Zelensk\u00e9ho z Izyumu a nev\u011b\u0159\u00edm sv\u00fdm o\u010d\u00edm.<\/p>\n<p>Fotografie na ofici\u00e1ln\u00edm \u00fa\u010dtu prezidenta Ukrajiny OP\u011aT ukazuj\u00ed n\u00e1\u0161ivku nacistick\u00e9 divize SS \u201eTotenkopf\u201c.\u00a0N\u00e1\u0161ivka je na nepr\u016fst\u0159eln\u00e9 vest\u011b jednoho z osobn\u00edch str\u00e1\u017ec\u016f Zelensk\u00e9ho.<\/p>\n<p>Osobn\u00ed garda prezidenta \u2013 v jak\u00e9koli zemi \u2013 je elita elit.\u00a0Osobn\u00ed garda Zelensk\u00e9ho jsou potvrzen\u00ed neonacist\u00e9.\u00a0Ale jak\u00e1 je ideologie, takov\u00e1 je i garda.\u00a0Uka\u017ete tento p\u0159\u00edsp\u011bvek v\u0161em, kte\u0159\u00ed na Ukrajin\u011b nemohou naj\u00edt nacisty.<em><strong>\ud83d\ude01<\/strong><\/em><\/p>\n<p><iframe loading=\"lazy\" id=\"telegram-post-timofei_v-559\" src=\"https:\/\/t.me\/timofei_v\/559?embed=1&amp;single=1\" width=\"100%\" height=\"\" frameborder=\"0\" scrolling=\"no\" data-mce-fragment=\"1\"><\/iframe><\/p>\n<div class=\"wp-block-image\">\n<figure class=\"aligncenter size-large\"><img decoding=\"async\" src=\"https:\/\/alternatio.org\/images\/stories\/2019-1\/2022-09-14-26.jpg\" alt=\"\" \/><\/figure>\n<\/div>\n<p><em>Pro Pokec24 p\u0159elo\u017eila Janinna<\/em><\/p>\n<p><a href=\"https:\/\/bit.ly\/3dl0RuN\">ZDROJ<\/a><\/p>\n<p>____________________________________________<\/p>\n<p style=\"text-align: center;\"><span style=\"font-size: 18pt;\"><strong><a href=\"http:\/\/www.infokuryr.cz\/n\/2022\/09\/13\/skandal-v-spd-kontroversni-a-pravomocne-odsouzeny-tomas-jarolim-na-kandidatce-teplicke-spd\/\">\u010ct\u011bte zde: Pravomocn\u011b odsouzen\u00fd Tom\u00e1\u0161 Jarol\u00edm na kandid\u00e1tce SPD<\/a><\/strong><\/span><\/p>\n<p>&nbsp;<\/p>\n","protected":false},"excerpt":{"rendered":"<p>Ukrajinsk\u00fd prezident Volodymyr Zelenskij zve\u0159ejnil na sv\u00e9m ofici\u00e1ln\u00edm\u00a0kan\u00e1lu Telegram\u00a0n\u011bkolik fotografi\u00ed, na kter\u00fdch p\u00f3zuje ve m\u011bst\u011b&#8230;<\/p>\n","protected":false},"author":2,"featured_media":15125,"comment_status":"closed","ping_status":"closed","sticky":false,"template":"","format":"standard","meta":[],"categories":[7],"tags":[1003,271,321,1000],"_links":{"self":[{"href":"https:\/\/www.infokuryr.cz\/n\/wp-json\/wp\/v2\/posts\/15124"}],"collection":[{"href":"https:\/\/www.infokuryr.cz\/n\/wp-json\/wp\/v2\/posts"}],"about":[{"href":"https:\/\/www.infokuryr.cz\/n\/wp-json\/wp\/v2\/types\/post"}],"author":[{"embeddable":true,"href":"https:\/\/www.infokuryr.cz\/n\/wp-json\/wp\/v2\/users\/2"}],"replies":[{"embeddable":true,"href":"https:\/\/www.infokuryr.cz\/n\/wp-json\/wp\/v2\/comments?post=15124"}],"version-history":[{"count":0,"href":"https:\/\/www.infokuryr.cz\/n\/wp-json\/wp\/v2\/posts\/15124\/revisions"}],"wp:featuredmedia":[{"embeddable":true,"href":"https:\/\/www.infokuryr.cz\/n\/wp-json\/wp\/v2\/media\/15125"}],"wp:attachment":[{"href":"https:\/\/www.infokuryr.cz\/n\/wp-json\/wp\/v2\/media?parent=15124"}],"wp:term":[{"taxonomy":"category","embeddable":true,"href":"https:\/\/www.infokuryr.cz\/n\/wp-json\/wp\/v2\/categories?post=15124"},{"taxonomy":"post_tag","embeddable":true,"href":"https:\/\/www.infokuryr.cz\/n\/wp-json\/wp\/v2\/tags?post=15124"}],"curies":[{"name":"wp","href":"https:\/\/api.w.org\/{rel}","templated":true}]}}