{"id":15114,"date":"2022-09-15T00:56:16","date_gmt":"2022-09-14T22:56:16","guid":{"rendered":"http:\/\/www.infokuryr.cz\/n\/?p=15114"},"modified":"2022-09-14T18:05:05","modified_gmt":"2022-09-14T16:05:05","slug":"nedelnik-adama-b-bartose-101-poradnej-mejdan","status":"publish","type":"post","link":"https:\/\/www.infokuryr.cz\/n\/2022\/09\/15\/nedelnik-adama-b-bartose-101-poradnej-mejdan\/","title":{"rendered":"NED\u011aLN\u00cdK ADAMA B. BARTO\u0160E (101) PO\u0158\u00c1DNEJ MEJDAN\u2026"},"content":{"rendered":"<div id=\"fb-root\"><\/div>\n<div id=\"site-content\">\n<div class=\"row\">\n<div class=\"col-md-8 \">\n<div class=\"row\">\n<div class=\"col-md-12\">\n<article id=\"entry-13186\" class=\"entry post-13186 post type-post status-publish format-standard has-post-thumbnail hentry category-adam-b-bartos category-aktuality category-ceska-politika category-nezarazene\">\n<div class=\"entry-content\">\n<p style=\"text-align: justify;\">Na onom sv\u011bt\u011b se kon\u00e1 velk\u00e1 uv\u00edtac\u00ed p\u00e1rty. Jen p\u00e1r dn\u00ed po smrti Michaila Gorba\u010dova ode\u0161la na v\u011b\u010dnost britsk\u00e1 kr\u00e1lovna Al\u017eb\u011bta II. Mysl\u00edm, \u017ee spole\u010dn\u011b s Ma\u0159enou Albrightovou si to tam p\u011bkn\u011b u\u017eij\u00ed. T\u0159i velk\u00e9 \u201eosobnosti\u201c, kter\u00e9 p\u0159edstavuj\u00ed pr\u00e1v\u011b kon\u010d\u00edc\u00ed star\u00fd sv\u011btov\u00fd \u0159\u00e1d\u2026 T\u00edm m\u00edstem jejich posledn\u00edho odpo\u010dinku ale asi nebe nebude\u2026<\/p>\n<p style=\"text-align: justify;\">O Ameri\u010dance \u010desk\u00e9ho p\u016fvodu, kter\u00e1 m\u00e1 na rukou krev nevinn\u00fdch lid\u00ed, snad ani mluvit nemus\u00edm. Gorba\u010dov n\u00e1s zase prodal Ameri\u010dan\u016fm, podruh\u00e9 \u201eo n\u00e1s bez n\u00e1s\u201c, tak\u017ee pro vlastenecky uva\u017euj\u00edc\u00edho \u010dlov\u011bka to nen\u00ed n\u011bkdo, nad k\u00fdm bychom m\u011bli truchlit. Viz skv\u011bl\u00e1 kniha dr. Kuby\u00a0<a href=\"https:\/\/www.databazeknih.cz\/knihy\/podezreni-druhy-mnichov-482966\"><strong><em>Podez\u0159en\u00ed: Druh\u00fd Mnichov<\/em><\/strong><\/a>, kde popisuje nejen devastuj\u00edc\u00ed vliv Gorba\u010dova na Rusko, ale i na v\u00fdchodn\u00ed a st\u0159edn\u00ed Evropu, v\u010detn\u011b \u010cR. P\u00ed\u0161e se tam i o V. Klausovi. Ne moc dob\u0159e\u2026<\/p>\n<p style=\"text-align: justify;\">A britsk\u00e1 kr\u00e1lovna? \u0160koda mluvit. Konzervativec by mo\u017en\u00e1 ocenil tradice monarchie, ale h\u0159\u00edchy britsk\u00e9ho imp\u00e9ria jsou natolik velik\u00e9, \u017ee je naprosto pochopiteln\u00e9, pro\u010d sou\u010dasn\u00e1 Velk\u00e1 Brit\u00e1nie vypad\u00e1, jak vypad\u00e1. Odchod z EU j\u00ed mo\u017en\u00e1 m\u016f\u017eeme z\u00e1vid\u011bt, ale to u\u017e nic nezm\u011bn\u00ed na tom, \u017ee je to zem\u011b, ve kter\u00e9 b\u00edl\u00fd \u010dlov\u011bk bude brzy men\u0161inou \u2013 se v\u0161emi d\u016fsledky, kter\u00e9 to obn\u00e1\u0161\u00ed a obn\u00e1\u0161et bude. Kr\u00e1lovsk\u00e1 rodina mo\u017en\u00e1 navenek udr\u017eovala konzervativn\u00ed a tradi\u010dn\u00ed tv\u00e1\u0159 zem\u011b, ale i ona m\u00e1 h\u0159\u00edch\u016f nespo\u010d\u00edtan\u011b. N\u011bkte\u0159\u00ed \u010dlenov\u00e9 kr\u00e1lovsk\u00e9 rodiny byli nacisty, s\u00e1m rod \u2013 p\u016fvodem z N\u011bmecka \u2013 m\u00e1 na rukou krev rodiny rusk\u00e9ho cara, se kter\u00fdm byl nav\u00edc p\u0159\u00edbuzensky spjat, n\u00e1sledn\u00edk tr\u016fnu, nov\u00fd kr\u00e1l Charles III. je \u2013 v rozporu s tradic\u00ed a konzervatismem \u2013 bl\u00e1zen do v\u0161eho levicov\u00e9ho a pokrokov\u00e9ho (od glob\u00e1ln\u00edho oteplov\u00e1n\u00ed p\u0159es Green Deal a\u017e po Velk\u00fd Reset a dal\u0161\u00ed hr\u016fzy prezentovan\u00e9 Klausem Schwabem), tak\u017ee se Britov\u00e9 maj\u00ed na co t\u011b\u0161it. A to v\u016fbec nemluv\u00edm o tom, \u017ee podle Davida Ickeho (a asi nejen podle n\u011bho) je britsk\u00e1 kr\u00e1lovna ve skute\u010dnosti\u00a0<a href=\"https:\/\/narodnidemokracie.cz\/cely-svet-se-klani-a-truchli-ale-za-koho-vlastne\/\"><strong><em>je\u0161t\u011brka<\/em><\/strong><\/a>\u2026 Nebo byla. Nebo furt je? J\u00e1 nev\u00edm. Nov\u00e1 premi\u00e9rka, jak\u00e1si Liz Truss, je nav\u00edc taky bl\u00e1zen a extr\u00e9mn\u00ed levi\u010da\u010dka k tomu \u2013 pr\u00fd by nem\u011bla probl\u00e9m\u00a0<a href=\"https:\/\/www.novinky.cz\/clanek\/zahranicni-trussova-jako-britska-premierka-bych-byla-pripravena-stisknout-jaderne-tlacitko-40406763\"><strong><em>stisknout jadern\u00e9 tla\u010d\u00edtko<\/em><\/strong><\/a>. A tady najdete\u00a0<a href=\"https:\/\/zvedavec.news\/komentare\/2022\/09\/9316-rise-roztahuje-kridla.htm\"><strong><em>dal\u0161\u00ed jej\u00ed perly.<\/em><\/strong><\/a>\u00a0Tak\u017ee zase psychopat. Nebo sp\u00ed\u0161e lidsk\u00fd odpad. Trusov\u00e1 se bude p\u011bkn\u011b hodit k Lejnov\u00e9. Tak\u00e9 po\u0159\u00e1dnej mejdan\u2026<\/p>\n<p style=\"text-align: justify;\">Ale te\u010f v\u00e1\u017en\u011bji. Se z\u00e1jmem sleduji d\u011bn\u00ed okolo kontroverz\u00ed, kter\u00e9 na vlasteneck\u00e9 sc\u00e9n\u011b vyvolaly vazby jednoho z po\u0159adatel\u016f demonstrace z 3. z\u00e1\u0159\u00ed \u2013 vazby na Karla Jane\u010dka. Mimochodem Jane\u010dka, kter\u00fd p\u00e1r dn\u00ed na to\u00a0<em><a href=\"https:\/\/www.seznamzpravy.cz\/clanek\/volby-prezidentske-janecek-zahajil-kampan-ve-virtualni-realite-novinare-nechal-venku-213501\"><strong>zah\u00e1jil svoji prezidentskou kandidaturu v Meta verzi<\/strong><\/a><\/em>. Prost\u011b magor. A\u0165 si je prezidentem ve virtu\u00e1ln\u00ed realit\u011b, ale v t\u00e9 na\u0161\u00ed skute\u010dnosti ho za prezidenta nechceme. Ale zat\u00edm se zdr\u017e\u00edm dal\u0161\u00edch koment\u00e1\u0159\u016f, ostatn\u011b, pan VK se na Aeronetu tomuto t\u00e9matu posledn\u00ed dny hodn\u011b v\u011bnuje, tak\u017ee nebudu nosit d\u0159\u00edv\u00ed do lesa a tak\u00e9 \u2013 po\u010dkejme si, jak se v\u011bci vyvinou.<\/p>\n<p style=\"text-align: justify;\">Vazby na Jane\u010dka byly mo\u017en\u00e1 (i po p\u00e1te\u010dn\u00edm po\u0159adu na SVCS) vysv\u011btleny, ale p\u0159esto podle mne z\u016fst\u00e1v\u00e1 jak\u00e1si pachu\u0165. Z \u00fast L. Vrabela jsme dozv\u011bd\u011bli, \u017ee Karel Jane\u010dek je \u201estra\u0161n\u011b sympatickej\u201c (opakov\u00e1no asi t\u0159ikr\u00e1t), \u017ee \u201eK\u00e1ja\u201c m\u00e1 \u201ekr\u00e1snej bar\u00e1k\u2026\u201c, \u017ee L. Vrabel podnik\u00e1 s \u010dlenem TOP 09, ohledn\u011b sv\u00fdch dluh\u016f pak, \u017ee \u201etro\u0161ku pobankrotoval\u201c apod. Dost v\u011bc\u00ed jsme se ale nedozv\u011bd\u011bli: pro\u010d p. Vrabel tvrdil do mainstreamu, \u017ee odcestoval do zahrani\u010d\u00ed, proto\u017ee se v \u010cR nec\u00edtil bezpe\u010dn\u011b? Pro\u010d se organiz\u00e1to\u0159i p\u0159ipojili k iniciativ\u011b\u00a0<em>Reignite World Freedom,<\/em>\u00a0kter\u00e1 se tv\u00e1\u0159\u00ed jako n\u011bjak\u00e1 soro\u0161ovsk\u00e1 organizace (minim\u00e1ln\u011b \u2013 alespo\u0148 pro mne \u2013 odpornou newspeakovou globalistickou \u0159e\u010d\u00ed, ze kter\u00e9 se mi v\u017edy chce zvracet \u2013 nebo v\u00e1m se snad nechce zvracet, kdy\u017e usly\u0161\u00edte souslov\u00ed \u201eglob\u00e1ln\u00ed \u0159e\u0161en\u00ed\u201c \u010di n\u011bjak\u00e9 jeho odvozeniny?) Pro\u010d bude tato \u201einiciativa\u201c vyd\u00e1vat instrukce postupn\u011b krok za krokem? Co o n\u00ed vlastn\u011b v\u00edme?<\/p>\n<p style=\"text-align: justify;\">Ale hlavn\u011b: podle m\u00e9ho soudu se pon\u011bkud hazarduje s d\u016fv\u011brou vlastenc\u016f \u2013 u\u017e t\u0159eba jen kv\u016fli finan\u010dn\u00edm ot\u00e1zk\u00e1m t\u00e9ho\u017e po\u0159adatele. Je-li pravda, \u017ee byl exekutory obstaven \u00fa\u010det jeho man\u017eelky, na kter\u00fd lidi p\u0159isp\u011bli st\u00e1le je\u0161t\u011b nev\u00edme, kolika p\u0159esn\u011b statis\u00edci korun (ale psalo se minim\u00e1ln\u011b o p\u016fl milionu), pak asi nikoho z d\u00e1rc\u016f nepot\u011b\u0161\u00ed, a\u017e si uv\u011bdom\u00ed, \u017ee pomohl zaplatit \u010d\u00e1st po\u0159adatelov\u00fdch dluh\u016f, a\u010dkoli p\u016fvodn\u011b pl\u00e1noval poslat pen\u00edze na bohulibou vlasteneckou akci.<\/p>\n<p style=\"text-align: justify;\">\u201eMusi\u0301 vydat dary c\u030ci jine\u0301 sve\u0301 mimor\u030ca\u0301dne\u0301 pr\u030ci\u0301jmy jako mimor\u030ca\u0301dne\u0301 spla\u0301tky. Pokud tedy takove\u0301 pr\u030ci\u0301jmy ma\u0301 (a vs\u030ce zati\u0301m vede spi\u0301s\u030ce k pr\u030cesve\u030cdc\u030ceni\u0301, z\u030ce to vylouc\u030cit nelze), je jeho za\u0301konnou povinnosti\u0301 to insolvenc\u030cni\u0301mu spra\u0301vci obratem sde\u030clit,\u201c napsal v rozhodnut\u00ed soudce Zdene\u030ck Strnad, do\u010d\u00edt\u00e1me se na Aktualne.cz. Odhl\u00e9dn\u011bme te\u010f od toho, \u017ee A.cz je mainstream, kter\u00fd m\u00e1 z\u00e1jem diskreditovat jak\u00fdkoli n\u00e1znak opozice, ale n\u011bkter\u00e1 fakta jsou neoddiskutovateln\u00e1. Je mo\u017en\u00e9, \u017ee pokud vlastenci v dobr\u00e9 v\u00ed\u0159e poslali v\u00edce ne\u017e p\u011bt set tis\u00edc na \u00fa\u010det Vrabelovy man\u017eelky, pen\u00edze propadnou, proto\u017ee L. Vr\u00e1bel dlu\u017e\u00ed st\u00e1tu i soukrom\u00fdm spole\u010dnostem t\u0159i miliony korun. Vrabelovi tak mo\u017en\u00e1 va\u0161e dary pomohou splatit dluh. Paradoxn\u011b se tak m\u016f\u017ee st\u00e1t, \u017ee pen\u00edze, kter\u00e9 lidi pos\u00edlali, skon\u010d\u00ed u Karla Jane\u010dka, kter\u00fd je jedn\u00edm z v\u011b\u0159itel\u016f. I kdyby se nakonec uk\u00e1zalo, \u017ee Vrabel je fajn chlap\u00edk a \u017e\u00e1dn\u00e1 fejkov\u00e1 nastr\u010den\u00e1 opozice, a \u017ee to mysl\u00ed v\u00e1\u017en\u011b, je to stejn\u011b hazard s d\u016fv\u011brou lid\u00ed a sv\u00fdm zp\u016fsobem podvod na nich. Copak si t\u011bchto n\u00e1sledk\u016f p. Vrabel nebyl v\u011bdom? Samoz\u0159ejm\u011b, \u017ee to tak d\u011bl\u00e1 i \u201edruh\u00e1 strana\u201c \u2013 kdo v\u011b\u0159\u00ed, \u017ee v\u0161echny mo\u017en\u00e9 sb\u00edrky \u2013 t\u0159ebas \u010clov\u011bka v t\u00edsni \u2013 jdou jen na ty jejich \u00fadajn\u011b bohulib\u00e9 \u00fa\u010dely, je naiva, ale vlastenci by m\u011bli p\u0159ece m\u00edt jin\u00fd standard. Ale jak jsem \u0159ekl \u2013 uvid\u00edme. V\u011bci se vyv\u00edjej\u00ed a m\u011bn\u00ed. Nechme se p\u0159ekvapit.<\/p>\n<p style=\"text-align: justify;\">Vlastn\u011b je\u0161t\u011b jedna v\u011bc, kterou si neodpust\u00edm. Sledujme pros\u00edm i pana Rajchla. Dob\u0159e mluv\u00ed, ale je a\u017e p\u0159\u00edli\u0161 sebev\u011bdom\u00fd. Lidem na akc\u00edch mezi \u010dty\u0159ma o\u010dima vykl\u00e1d\u00e1, \u017ee bude p\u0159\u00ed\u0161t\u00edm premi\u00e9rem, ve\u0159ejn\u011b pak na demonstrac\u00edch prohla\u0161uje, \u017ee \u201en\u00e1s v\u0161echny povede\u201c a i pan H\u00e1jek jej m\u00e1lem tituluje jako p\u0159\u00ed\u0161t\u00edho \u010desk\u00e9ho premi\u00e9ra. U pana H\u00e1jka je to pochopiteln\u00e9, kdy\u017e mu J. Rajchl poskytuje pr\u00e1vn\u00ed slu\u017eby a zastupuje Protiproud ve sporu s vl\u00e1dou (nic proti tomu a je to fajn), ale op\u011bt je tu vid\u011bt ona slu\u017eba za slu\u017ebu, jako na zm\u00edn\u011bn\u00e9 demonstraci. Pan Vrabel dlu\u017e\u00ed panu Jane\u010dkovi, a tak ho sice nenech\u00e1 vystoupit na p\u00f3diu, ale povol\u00ed mu st\u00e1nek na akci, kde je sto tis\u00edc lid\u00ed, aby si zde \u201eK\u00e1ja\u201c sb\u00edral podpisy pro svou prezidentskou kandidaturu. P. H\u00e1jek ur\u010dit\u011b p. Rajchlovi za pr\u00e1vn\u00ed slu\u017eby plat\u00ed, tak\u017ee to, \u017ee ho zve do sv\u00e9 nov\u00e9 \u201eTV\u201c, jist\u011b nen\u00ed \u201espl\u00e1tka dluhu\u201c, ale i tak je to trochu zvl\u00e1\u0161tn\u00ed. T\u00fdden p\u0159edt\u00edm u H\u00e1jka zval na akci Ji\u0159\u00ed Havel, te\u010f se zase u H\u00e1jka akce zp\u011btn\u011b hodnot\u00ed a i kdy\u017e Rajchl mluv\u00ed dob\u0159e, n\u011bkter\u00e9 v\u011bci vyzn\u00ed trapn\u011b \u2013 dozv\u00edme se nap\u0159\u00edklad, \u017ee se \u201eJindrovi\u201c l\u00edb\u00ed, kdy\u017e sly\u0161\u00ed dav skandovat sv\u00e9 k\u0159estn\u00ed jm\u00e9no, ale \u017ee mu pr\u00fd opravdu jde o tuto zemi apod. No tak \u2013 nezb\u00fdv\u00e1 n\u00e1m, ne\u017e v\u011b\u0159it. Ale jak se tak\u00e9 \u0159\u00edk\u00e1 \u2013 d\u016fv\u011b\u0159uj, ale prov\u011b\u0159uj. Nen\u00ed to tak ned\u00e1vno, co pan Rajchl n\u011bkde \u0159\u00edkal, \u017ee jeho nov\u00e1 strana (kterou tehdy teprve chystal) nebude cht\u00edt, aby \u010cR vystupovala z EU a m\u011bl dokonce i vl\u00eddn\u00e9 slovo pro homosexu\u00e1ly, \u017ee pro\u010d by jako nemohli m\u00edt homosvazky\u2026 A pokud je pan Rajchl a\u017e tak p\u0159\u00edli\u0161 sebev\u011bdom\u00fd, \u017ee se nech\u00e1 titulovat jako p\u0159\u00ed\u0161t\u00ed premi\u00e9r \u010di dokonce tak s\u00e1m o sob\u011b mluv\u00ed a je a\u017e p\u0159\u00edli\u0161 p\u0159esv\u011bd\u010den o tom, \u017ee Fiala kon\u010d\u00ed, nem\u00e1me tu p\u0159ed sebou op\u011bt dal\u0161\u00ed divadlo? Ostatn\u011b \u2013 strana PRO. Nesly\u0161eli jsme to u\u017e n\u011bkde ned\u00e1vno? Ano \u2013 pan Min\u00e1\u0159 a jeho strana Lid\u00e9 PRO, kter\u00e1 skon\u010dila d\u0159\u00edve, ne\u017e za\u010dala. Nechci soudit, jen bu\u010fme obez\u0159etn\u00ed. V p\u0159elomov\u00fdch \u010dasech, jako jsou tyto, je dobr\u00e9 nepodl\u00e9hat iluz\u00edm a iluzionist\u016fm.<\/p>\n<p style=\"text-align: justify;\">Co t\u0159eba v\u00edme o panu J. Havlovi? Jist\u011b m\u00e9n\u011b, ne\u017e se v\u011bd\u011blo o jeho jmenovci v roce \u00b489. Bylo by jist\u011b vtipn\u00e9 (a ironi\u00ed d\u011bjin), kdyby u po\u010d\u00e1tku \u00fadajn\u00e9 kontrarevoluce (co\u017e je obl\u00edben\u00fd term\u00edn Petra H\u00e1jka) st\u00e1l dal\u0161\u00ed Havel. Ale bylo by naopak velice trapn\u00e9, kdyby i tentokr\u00e1t \u0161lo o divadlo a kdybychom se i podruh\u00e9 nechali oblbnout \u010dlov\u011bkem stejn\u00e9ho p\u0159\u00edjmen\u00ed. Poslouchal jsem shodou okolnost\u00ed a n\u00e1hodn\u011b pana Havla ned\u00e1vno (je\u0161t\u011b p\u0159ed demonstrac\u00ed) na n\u011bjak\u00e9m videu, kde mluvil o tom, jak bychom se m\u011bli p\u0159ipravit na nadch\u00e1zej\u00edc\u00ed krizi. A nutno \u0159\u00edci, \u017ee mluvil dob\u0159e (podobn\u011b jako pan Rajchl mluv\u00edv\u00e1 dob\u0159e). Ale kdy\u017e mu jedna na\u0161e sympatizantka napsala, pro\u010d na akci nem\u016f\u017ee vystoupit n\u011bkdo z N\u00e1rodn\u00ed demokracie, m\u011bl zase n\u011bjak\u00e9 \u0159e\u010di o m\u00e9m \u00fadajn\u00e9m antisemitismu. Mn\u011b to osobn\u011b neur\u00e1\u017e\u00ed, jsem na to u\u017e zvykl\u00fd, jen si \u0159\u00edk\u00e1m, \u017ee to je takov\u00fd lakmusov\u00fd pap\u00edrek. V\u017edy to u mne za\u010dne \u010derven\u011b blikat, kdy\u017e m\u00e1 n\u011bkdo strach, kdy\u017e p\u0159ijde na toto t\u00e9ma. J\u00e1 bych samoz\u0159ejm\u011b na demonstraci o tomto t\u00e9matu nemluvil, ale v\u017edy mne p\u0159ekvap\u00ed, \u017ee i kdy\u017e tu \u0159e\u0161\u00edme ot\u00e1zku \u201e\u017eivota a smrti\u201c, p\u0159e\u017eit\u00ed n\u00e1roda apod., st\u00e1le bude n\u011bkdo vytahovat \u201e\u00fadajn\u00fd antisemitismus\u201c a na tom se to\u010dit a \u0161prajcovat\u2026<\/p>\n<p style=\"text-align: justify;\">To mne zase p\u0159iv\u00e1d\u00ed k panu Voln\u00e9mu, proto\u017ee ten \u201e\u0159e\u0161il\u201c v\u016f\u010di m\u00e9 osob\u011b p\u0159esn\u011b to sam\u00e9. Je ot\u00e1zka, zda to m\u011bl ze sv\u00e9 hlavy, nebo zda to bylo z hlavy Jany Volfov\u00e9, ale je skute\u010dnost\u00ed, \u017ee pan Voln\u00fd se s n\u00e1mi necht\u011bl spojit, proto\u017ee se hrozn\u011b b\u00e1l medi\u00e1ln\u00ed ozv\u011bny, kterou by si jeho hnut\u00ed v p\u0159\u00edpad\u011b spojen\u00ed s n\u00e1mi \u00fadajn\u011b vyslou\u017eilo. Dnes ho m\u00e9dia nen\u00e1vid\u00ed snad v\u00edc ne\u017e n\u00e1s a dokonce ho nenechaj\u00ed domluvit ani na vlasteneck\u00e9 demonstraci. Ne\u0159\u00edk\u00e1m \u2013 dob\u0159e mu tak. Je mi ho sp\u00ed\u0161e trochu l\u00edto. Tolik se sna\u017eil, tolik do toho dal a \u2013 nebylo d\u00e1no. Proto docela oce\u0148uji, \u017ee \u0161el do sebe a \u017ee si na demonstraci sypal popel na hlavu a omlouval se za to, \u017ee byl \u2013 jin\u00fdmi slovy \u2013 p\u0159\u00edli\u0161 sebest\u0159edn\u00fd. Mysl\u00edm, \u017ee se to na tu demonstraci p\u0159\u00edli\u0161 nehodilo, ale pokud to pan Voln\u00fd mysl\u00ed v\u00e1\u017en\u011b, beru to a \u2013 klobouk dol\u016f za to. Je ot\u00e1zka, zda ta nep\u0159\u00edm\u00e1 omluva je my\u0161lena i N\u00e1rodn\u00ed demokracii \u2013 ale to brzy zjist\u00edme. S panem Voln\u00fdm se pokus\u00edme setkat, t\u0159eba si uv\u011bdomil, \u017ee jsme na stejn\u00e9 lodi a nov\u00e9 jedn\u00e1n\u00ed bude konstruktivn\u011bj\u0161\u00ed, ne\u017e p\u0159ed rokem. N\u00e1s nenechali vystoupit, jemu usekli projev, jak v parlamentu\u2026 Te\u010f bychom kone\u010dn\u011b mohli b\u00fdt spojenci\u2026<\/p>\n<p style=\"text-align: justify;\">Ale zase \u2013 op\u011bt v\u00e1\u017en\u011b. Demonstrace na V\u00e1clav\u00e1ku 3. z\u00e1\u0159\u00ed byl \u201epo\u0159\u00e1dnej mejdan\u201c. Nen\u00ed ale \u0161\u0165astn\u00e9, kdy\u017e se vlasteneck\u00e1 sc\u00e9na st\u00e1le \u0161t\u011bp\u00ed. Velk\u00e1 vlasteneck\u00e1 demonstrace, ale: \u00fadajn\u011b nejv\u00edce vlasteneck\u00e1 strana \u2013 SPD \u2013 tam chyb\u00ed. Pro\u010d? Alternativa asi tu\u0161\u00ed. Ale: velk\u00e1 vlasteneck\u00e1 demonstrace, ale ani do ned\u00e1vna vlastenci glorifikovan\u00fd vlastenec pan Voln\u00fd tam nem\u016f\u017ee dokon\u010dit projev, i kdy\u017e mnoz\u00ed jin\u00ed p\u0159ed n\u00edm a po n\u011bm mluvili d\u00e9le a p\u0159\u00edsp\u011bvky n\u011bkter\u00fdch byly i vylo\u017een\u011b nevhodn\u00e9 (primitivn\u00ed b\u00e1sni\u010dky apod.). \u010c\u00e1st alternativy asi tu\u0161\u00ed. A to je\u0161t\u011b si za to pan Voln\u00fd m\u016f\u017ee s\u00e1m, proto\u017ee byl pozv\u00e1n a pouze nedodr\u017eel sv\u00e9 dv\u011b minuty, kde\u017eto my jsme pr\u00fd antisemiti a to by lidi \u0161t\u011bpilo, tak\u017ee my m\u00e1me stopku \u00faplnou. Pane Bo\u017ee \u2013 to jsou ale argumenty. Tady na\u0161e \u010desk\u00e1 vl\u00e1da ofici\u00e1ln\u011b podporuje nacismus a neonacismus na Ukrajin\u011b (proti\u017eidovsk\u00fd), a to i p\u0159esto, \u017ee premi\u00e9r Fiala je \u017did (viz op\u011bt ironicky m\u00edn\u011bn\u00fd \u010dl\u00e1nek\u00a0<a href=\"https:\/\/narodnidemokracie.cz\/jan-panocha-mozny-nacisticky-podtext-sobotni-demonstrace\/\"><strong><em>m\u00e9ho kolegy Jana Panochy<\/em><\/strong><\/a>), ale na \u010desk\u00e9 vlasteneck\u00e9 sc\u00e9n\u011b po\u0159\u00e1d budou n\u011bkte\u0159\u00ed lid\u00e9 \u0159e\u0161it, \u017ee jsem kdysi sepsal n\u011bjak\u00e9 seznamy \u017did\u016f\u2026<\/p>\n<p style=\"text-align: justify;\">Ka\u017edop\u00e1dn\u011b, m\u011bjte se fajn\u2026<\/p>\n<p style=\"text-align: justify;\"><em>Adam B. Barto\u0161<br \/>\np\u0159edseda N\u00e1rodn\u00ed demokracie<\/em><\/p>\n<\/div>\n<\/article>\n<\/div>\n<\/div>\n<\/div>\n<\/div>\n<\/div>\n<footer id=\"footer\">\n<div class=\"row\">\n<div class=\"col-md-12\">\n<div class=\"footer-widget-area\" data-auto=\"1\" data-speed=\"300\">\n<aside id=\"metaslider_widget-2\" class=\"widget group widget_metaslider_widget\">\n<div id=\"metaslider-id-6404\" class=\"ml-slider-3-27-6 metaslider metaslider-flex metaslider-6404 ml-slider nav-hidden\">\n<div id=\"metaslider_container_6404\">\n<div id=\"metaslider_6404\" class=\"flexslider\">\n<p><img decoding=\"async\" loading=\"lazy\" class=\"alignnone size-full wp-image-678\" src=\"http:\/\/www.infokuryr.cz\/n\/wp-content\/uploads\/2021\/04\/narodni_demokracie_logo.jpg\" alt=\"\" width=\"300\" height=\"85\" \/><\/p>\n<p>____________________________________________________<\/p>\n<p style=\"text-align: center;\"><span style=\"font-size: 18pt;\"><strong><a href=\"http:\/\/www.infokuryr.cz\/n\/2022\/09\/13\/skandal-v-spd-kontroversni-a-pravomocne-odsouzeny-tomas-jarolim-na-kandidatce-teplicke-spd\/\">\u010ct\u011bte zde: Pravomocn\u011b odsouzen\u00fd Tom\u00e1\u0161 Jarol\u00edm na kandid\u00e1tce SPD<\/a><\/strong><\/span><\/p>\n<p>&nbsp;<\/p>\n<\/div>\n<\/div>\n<\/div>\n<\/aside>\n<\/div>\n<\/div>\n<\/div>\n<\/footer>\n","protected":false},"excerpt":{"rendered":"<p>Na onom sv\u011bt\u011b se kon\u00e1 velk\u00e1 uv\u00edtac\u00ed p\u00e1rty. Jen p\u00e1r dn\u00ed po smrti Michaila Gorba\u010dova&#8230;<\/p>\n","protected":false},"author":2,"featured_media":679,"comment_status":"closed","ping_status":"closed","sticky":false,"template":"","format":"standard","meta":[],"categories":[6],"tags":[367,29,122],"_links":{"self":[{"href":"https:\/\/www.infokuryr.cz\/n\/wp-json\/wp\/v2\/posts\/15114"}],"collection":[{"href":"https:\/\/www.infokuryr.cz\/n\/wp-json\/wp\/v2\/posts"}],"about":[{"href":"https:\/\/www.infokuryr.cz\/n\/wp-json\/wp\/v2\/types\/post"}],"author":[{"embeddable":true,"href":"https:\/\/www.infokuryr.cz\/n\/wp-json\/wp\/v2\/users\/2"}],"replies":[{"embeddable":true,"href":"https:\/\/www.infokuryr.cz\/n\/wp-json\/wp\/v2\/comments?post=15114"}],"version-history":[{"count":1,"href":"https:\/\/www.infokuryr.cz\/n\/wp-json\/wp\/v2\/posts\/15114\/revisions"}],"predecessor-version":[{"id":15116,"href":"https:\/\/www.infokuryr.cz\/n\/wp-json\/wp\/v2\/posts\/15114\/revisions\/15116"}],"wp:featuredmedia":[{"embeddable":true,"href":"https:\/\/www.infokuryr.cz\/n\/wp-json\/wp\/v2\/media\/679"}],"wp:attachment":[{"href":"https:\/\/www.infokuryr.cz\/n\/wp-json\/wp\/v2\/media?parent=15114"}],"wp:term":[{"taxonomy":"category","embeddable":true,"href":"https:\/\/www.infokuryr.cz\/n\/wp-json\/wp\/v2\/categories?post=15114"},{"taxonomy":"post_tag","embeddable":true,"href":"https:\/\/www.infokuryr.cz\/n\/wp-json\/wp\/v2\/tags?post=15114"}],"curies":[{"name":"wp","href":"https:\/\/api.w.org\/{rel}","templated":true}]}}