{"id":1507,"date":"2021-05-09T06:04:57","date_gmt":"2021-05-09T04:04:57","guid":{"rendered":"http:\/\/www.infokuryr.cz\/n\/?p=1507"},"modified":"2021-05-09T06:04:57","modified_gmt":"2021-05-09T04:04:57","slug":"konecne-poradne-jaro","status":"publish","type":"post","link":"https:\/\/www.infokuryr.cz\/n\/2021\/05\/09\/konecne-poradne-jaro\/","title":{"rendered":"Kone\u010dn\u011b po\u0159\u00e1dn\u00e9 jaro&#8230;"},"content":{"rendered":"<div id=\"fb-root\"><\/div>\n<p><strong>V\u017edycky, kdy\u017e rozkvetou \u0161e\u0159\u00edky, vzpom\u00edn\u00e1me na jarn\u00ed dny roku 1945, na dny osvobozen\u00ed. Je celkem jedno, kdy to budeme slavit, ale jedno nen\u00ed, na koho budeme vzpom\u00ednat a koho si budeme p\u0159ipom\u00ednat.<\/strong><\/p>\n<p>Jedno je jist\u00e9 &#8211; 9. kv\u011btna 1945 osvobodila Prahu Rud\u00e1 arm\u00e1da. Rusov\u00e9 se mohli na n\u00e1s vyka\u0161lat, ale hnali fa\u0161isty a\u017e do Berl\u00edna. Mohli se na n\u00e1s vyka\u0161lat stejn\u011b, jako to ud\u011blali v roce 1939 na\u0161i tehdej\u0161\u00ed spojenci.<\/p>\n<p>Vid\u00edme to po\u0159\u00e1d, i dnes. Z\u00e1pad, kter\u00fd lav\u00edruje, zav\u00edr\u00e1 p\u0159ed probl\u00e9my o\u010di, mysl\u00ed si, \u017ee ustupov\u00e1n\u00edm a ml\u010den\u00edm n\u011bco z\u00edsk\u00e1. Tak se chov\u00e1 i dnes k totalitn\u00edmu n\u00e1bo\u017eenstv\u00ed, kter\u00e9 nebudu jmenovat. A V\u00fdchod? Mo\u017en\u00e1 je n\u011bkdy buransk\u00fd, mo\u017en\u00e1 jejich zp\u016fsoby neodpov\u00eddaj\u00ed p\u0159edstav\u00e1m zjemn\u011bl\u00fdch liber\u00e1l\u016f. Nicm\u00e9n\u011b ten V\u00fdchod, kter\u00fdm &#8222;Z\u00e1pad&#8220; opovrhuje, je na vzestupu. Rusko jde nahoru, \u010c\u00edna drt\u00ed cel\u00fd sv\u011bt. Nebylo by na \u0161kodu se od nich n\u011b\u010demu p\u0159iu\u010dit.<\/p>\n<p>Rusov\u00e9 n\u00e1s osvobodili, jsou to stejn\u00ed Slovan\u00e9 jako my, m\u00e1me s nimi mnoho spole\u010dn\u00e9ho. Mo\u017en\u00e1 to je\u0161t\u011b budeme n\u011bkdy pot\u0159ebovat. Proto\u017ee dne\u0161ek by bez nich nebyl, tak to je&#8230; To hloup\u00e9 zaml\u010dov\u00e1n\u00ed faktu, \u017ee bez Rud\u00e9 arm\u00e1dy by n\u011bme\u010dt\u00ed fa\u0161ist\u00e9 nebyli pora\u017eeni, na tom nic nezm\u011bn\u00ed.<\/p>\n<p>Eva Hrindov\u00e1<\/p>\n<p><em>Zdroj: FB Evy Hrindov\u00e9<\/em><\/p>\n<p>&nbsp;<\/p>\n","protected":false},"excerpt":{"rendered":"<p>V\u017edycky, kdy\u017e rozkvetou \u0161e\u0159\u00edky, vzpom\u00edn\u00e1me na jarn\u00ed dny roku 1945, na dny osvobozen\u00ed. Je celkem&#8230;<\/p>\n","protected":false},"author":2,"featured_media":1508,"comment_status":"closed","ping_status":"closed","sticky":false,"template":"","format":"standard","meta":[],"categories":[6],"tags":[230,231,22],"_links":{"self":[{"href":"https:\/\/www.infokuryr.cz\/n\/wp-json\/wp\/v2\/posts\/1507"}],"collection":[{"href":"https:\/\/www.infokuryr.cz\/n\/wp-json\/wp\/v2\/posts"}],"about":[{"href":"https:\/\/www.infokuryr.cz\/n\/wp-json\/wp\/v2\/types\/post"}],"author":[{"embeddable":true,"href":"https:\/\/www.infokuryr.cz\/n\/wp-json\/wp\/v2\/users\/2"}],"replies":[{"embeddable":true,"href":"https:\/\/www.infokuryr.cz\/n\/wp-json\/wp\/v2\/comments?post=1507"}],"version-history":[{"count":0,"href":"https:\/\/www.infokuryr.cz\/n\/wp-json\/wp\/v2\/posts\/1507\/revisions"}],"wp:featuredmedia":[{"embeddable":true,"href":"https:\/\/www.infokuryr.cz\/n\/wp-json\/wp\/v2\/media\/1508"}],"wp:attachment":[{"href":"https:\/\/www.infokuryr.cz\/n\/wp-json\/wp\/v2\/media?parent=1507"}],"wp:term":[{"taxonomy":"category","embeddable":true,"href":"https:\/\/www.infokuryr.cz\/n\/wp-json\/wp\/v2\/categories?post=1507"},{"taxonomy":"post_tag","embeddable":true,"href":"https:\/\/www.infokuryr.cz\/n\/wp-json\/wp\/v2\/tags?post=1507"}],"curies":[{"name":"wp","href":"https:\/\/api.w.org\/{rel}","templated":true}]}}