{"id":15048,"date":"2022-09-14T01:10:40","date_gmt":"2022-09-13T23:10:40","guid":{"rendered":"http:\/\/www.infokuryr.cz\/n\/?p=15048"},"modified":"2022-09-13T19:07:07","modified_gmt":"2022-09-13T17:07:07","slug":"kanadsky-premier-trudeau-opet-vyhrozuje-kanadanum-akci-pokud-se-80-90-populace-nenecha-ockovat","status":"publish","type":"post","link":"https:\/\/www.infokuryr.cz\/n\/2022\/09\/14\/kanadsky-premier-trudeau-opet-vyhrozuje-kanadanum-akci-pokud-se-80-90-populace-nenecha-ockovat\/","title":{"rendered":"Kanadsk\u00fd premi\u00e9r Trudeau op\u011bt vyhro\u017euje Kana\u010fan\u016fm akc\u00ed, pokud se 80-90 % populace nenech\u00e1 o\u010dkovat"},"content":{"rendered":"<div id=\"fb-root\"><\/div>\n<p>Justin Trudeau minul\u00fd t\u00fdden skryt\u011b vyhro\u017eoval a nazna\u010dil, \u017ee pokud 80\u201390 % Kana\u010fan\u016f nedostane p\u0159eo\u010dkov\u00e1n\u00ed, mohla by na podzim platit omezen\u00ed o\u010dkov\u00e1n\u00ed proti Covidu.<\/p>\n<div class=\"twitter-tweet twitter-tweet-rendered\"><iframe id=\"twitter-widget-0\" class=\"\" title=\"Twitter tweet\" src=\"https:\/\/platform.twitter.com\/embed\/Tweet.html?creatorScreenName=uncutnewsCH&amp;dnt=false&amp;embedId=twitter-widget-0&amp;features=eyJ0ZndfdGltZWxpbmVfbGlzdCI6eyJidWNrZXQiOlsibGlua3RyLmVlIiwidHIuZWUiXSwidmVyc2lvbiI6bnVsbH0sInRmd19ob3Jpem9uX3RpbWVsaW5lXzEyMDM0Ijp7ImJ1Y2tldCI6InRyZWF0bWVudCIsInZlcnNpb24iOm51bGx9LCJ0ZndfdHdlZXRfZWRpdF9iYWNrZW5kIjp7ImJ1Y2tldCI6Im9uIiwidmVyc2lvbiI6bnVsbH0sInRmd19yZWZzcmNfc2Vzc2lvbiI6eyJidWNrZXQiOiJvbiIsInZlcnNpb24iOm51bGx9LCJ0ZndfY2hpbl9waWxsc18xNDc0MSI6eyJidWNrZXQiOiJjb2xvcl9pY29ucyIsInZlcnNpb24iOm51bGx9LCJ0ZndfdHdlZXRfcmVzdWx0X21pZ3JhdGlvbl8xMzk3OSI6eyJidWNrZXQiOiJ0d2VldF9yZXN1bHQiLCJ2ZXJzaW9uIjpudWxsfSwidGZ3X3NlbnNpdGl2ZV9tZWRpYV9pbnRlcnN0aXRpYWxfMTM5NjMiOnsiYnVja2V0IjoiaW50ZXJzdGl0aWFsIiwidmVyc2lvbiI6bnVsbH0sInRmd19leHBlcmltZW50c19jb29raWVfZXhwaXJhdGlvbiI6eyJidWNrZXQiOjEyMDk2MDAsInZlcnNpb24iOm51bGx9LCJ0ZndfZHVwbGljYXRlX3NjcmliZXNfdG9fc2V0dGluZ3MiOnsiYnVja2V0Ijoib24iLCJ2ZXJzaW9uIjpudWxsfSwidGZ3X3R3ZWV0X2VkaXRfZnJvbnRlbmQiOnsiYnVja2V0Ijoib2ZmIiwidmVyc2lvbiI6bnVsbH19&amp;frame=false&amp;hideCard=false&amp;hideThread=false&amp;id=1566818941229572096&amp;lang=de&amp;origin=https%3A%2F%2Funcutnews.ch%2Ftrudeau-droht-kanadiern-wieder-mit-massnahmen-wenn-sich-80-90-der-bevoelkerung-nicht-impfen-lassen%2F&amp;sessionId=ea7e4fde709d404a4f9e1e0d15cb2b393c3cf8a1&amp;theme=light&amp;widgetsVersion=1bfeb5c3714e8%3A1661975971032&amp;width=550px\" frameborder=\"0\" scrolling=\"no\" allowfullscreen=\"allowfullscreen\" data-tweet-id=\"1566818941229572096\" data-mce-fragment=\"1\"><\/iframe><\/div>\n<p>Kanadsk\u00fd premi\u00e9r ji\u017e prok\u00e1zal, jak dob\u0159e tyto posilova\u010de funguj\u00ed, t\u00edm, \u017ee se nakazil virem letos dvakr\u00e1t.<\/p>\n<p>V obou p\u0159\u00edpadech tvrdil, \u017ee v\u011bci mohly b\u00fdt mnohem hor\u0161\u00ed, kdyby nedostal &#8222;vakc\u00edny&#8220;.<\/p>\n<p>Ve\u00a0<a href=\"https:\/\/www.westernstandard.news\/opinion\/krayden-is-trudeau-kidding-90-booster-compliance-is-insane\/article_69bab700-2df3-11ed-9c6d-3738a7f46581.html\" target=\"_blank\" rel=\"noreferrer noopener\" data-type=\"URL\" data-id=\"https:\/\/www.westernstandard.news\/opinion\/krayden-is-trudeau-kidding-90-booster-compliance-is-insane\/article_69bab700-2df3-11ed-9c6d-3738a7f46581.html\">zpr\u00e1v\u011b<\/a> pro Western Standard p\u00ed\u0161e parlamentn\u00ed sloupka\u0159 <a href=\"https:\/\/www.westernstandard.news\/users\/profile\/David%20Krayden\" target=\"_blank\" rel=\"noreferrer noopener\" data-type=\"URL\" data-id=\"https:\/\/www.westernstandard.news\/users\/profile\/David%20Krayden\">David Krayden<\/a>\u00a0: <strong>Za\u010d\u00edn\u00e1m si kl\u00e1st ot\u00e1zku, jestli o\u010dkov\u00e1n\u00ed neovlivnilo jeho zdrav\u00fd rozum.<\/strong><\/p>\n<p>Podle Trudeauova chim\u00e9rick\u00e9ho my\u0161len\u00ed nen\u00ed pandemie COVID-19 nikdy daleko.\u00a0\u0158ekl novin\u00e1\u0159\u016fm, \u017ee pr\u00e1v\u011b na za\u010d\u00e1tku podzimn\u00edho zased\u00e1n\u00ed parlamentu existuje \u201eskute\u010dn\u00e9 riziko v\u00e1\u017en\u00e9 vlny COVIDu\u201c. Ale Kana\u010fan\u00e9 mo\u017en\u00e1 nebudou muset sn\u00e1\u0161et dal\u0161\u00ed nesmysln\u00e1 zav\u00edr\u00e1n\u00ed, pokud budou jen db\u00e1t t\u011bchto l\u00e9ka\u0159sk\u00fdch rad a udr\u017eovat sv\u00e9 posilovac\u00ed d\u00e1vky aktu\u00e1ln\u00ed.<\/p>\n<p>&#8222;Pokud se n\u00e1m poda\u0159\u00ed z\u00edskat aktu\u00e1ln\u00ed informace o o\u010dkov\u00e1n\u00ed 80, 85 nebo 90 % Kana\u010fan\u016f, budeme m\u00edt mnohem lep\u0161\u00ed zimu a budeme vy\u017eadovat mnohem m\u00e9n\u011b omezen\u00ed a regulac\u00ed, kter\u00e9 byly v posledn\u00edch letech pro v\u0161echny tak problematick\u00e9,&#8220; \u0159ekl Trudeau.<\/p>\n<p>Opravdu si mysl\u00ed\u0161, \u017ee to tak z\u016fstane?\u00a0Jeho vl\u00e1da ji\u017e nazna\u010dila, \u017ee smrt\u00edc\u00ed injekci pot\u0159ebujeme ka\u017ed\u00fdch dev\u011bt m\u011bs\u00edc\u016f po zbytek \u017eivota \u2013 a\u010dkoli existuj\u00ed jasn\u00e9 d\u016fkazy, \u017ee p\u0159irozen\u00e1 imunita funguje l\u00e9pe ne\u017e o\u010dkov\u00e1n\u00ed.<\/p>\n<p>V\u011bt\u0161ina Kana\u010fan\u016f, kte\u0159\u00ed byli o\u010dkov\u00e1ni, ukon\u010dila o\u010dkov\u00e1n\u00ed po dvou m\u011bs\u00edc\u00edch kv\u016fli rostouc\u00edm obav\u00e1m z rizika, \u017ee obdr\u017e\u00ed v\u00edce s\u00e9ra a proto\u017ee existovaly jasn\u00e9 n\u00e1znaky, \u017ee lid\u00e9 nebyli ve skute\u010dnosti o\u010dkov\u00e1ni p\u0159ed jednou infekc\u00ed COVID-19, a\u010dkoli se p\u016fvodn\u011b tvrdilo, \u017ee to bylo ud\u011bl\u00e1no.<\/p>\n<p>A op\u011bt se Trudeau stal izolacionistou COVID, proto\u017ee je jedin\u00fdm v\u00fdznamn\u00fdm v\u016fdcem na sv\u011bt\u011b, kter\u00fd v\u00e1\u017en\u011b diskutuje o dal\u0161\u00edch omezen\u00edch kv\u016fli pandemii, kter\u00e1 ji\u017e skon\u010dila.<\/p>\n<p><img decoding=\"async\" loading=\"lazy\" class=\"alignnone size-full wp-image-1185\" src=\"http:\/\/www.infokuryr.cz\/n\/wp-content\/uploads\/2021\/04\/kuryr-podpis.png\" alt=\"\" width=\"84\" height=\"24\" \/><\/p>\n<p>__________________________________________<\/p>\n<p>&nbsp;<\/p>\n<p style=\"text-align: center;\"><strong><span style=\"font-size: 24pt;\"><a href=\"http:\/\/www.infokuryr.cz\/n\/2022\/09\/13\/skandal-v-spd-kontroversni-a-pravomocne-odsouzeny-tomas-jarolim-na-kandidatce-teplicke-spd\/\">O skand\u00e1lu s pravomocn\u011b odsouzen\u00fdm Tom\u00e1\u0161em Jarol\u00edmem na kandid\u00e1tce SPD \u010dt\u011bte ZDE!<\/a><\/span><\/strong><\/p>\n<p>&nbsp;<\/p>\n<p>&nbsp;<\/p>\n","protected":false},"excerpt":{"rendered":"<p>Justin Trudeau minul\u00fd t\u00fdden skryt\u011b vyhro\u017eoval a nazna\u010dil, \u017ee pokud 80\u201390 % Kana\u010fan\u016f nedostane p\u0159eo\u010dkov\u00e1n\u00ed,&#8230;<\/p>\n","protected":false},"author":2,"featured_media":13278,"comment_status":"closed","ping_status":"closed","sticky":false,"template":"","format":"standard","meta":[],"categories":[7],"tags":[23,248,1395,621],"_links":{"self":[{"href":"https:\/\/www.infokuryr.cz\/n\/wp-json\/wp\/v2\/posts\/15048"}],"collection":[{"href":"https:\/\/www.infokuryr.cz\/n\/wp-json\/wp\/v2\/posts"}],"about":[{"href":"https:\/\/www.infokuryr.cz\/n\/wp-json\/wp\/v2\/types\/post"}],"author":[{"embeddable":true,"href":"https:\/\/www.infokuryr.cz\/n\/wp-json\/wp\/v2\/users\/2"}],"replies":[{"embeddable":true,"href":"https:\/\/www.infokuryr.cz\/n\/wp-json\/wp\/v2\/comments?post=15048"}],"version-history":[{"count":1,"href":"https:\/\/www.infokuryr.cz\/n\/wp-json\/wp\/v2\/posts\/15048\/revisions"}],"predecessor-version":[{"id":15049,"href":"https:\/\/www.infokuryr.cz\/n\/wp-json\/wp\/v2\/posts\/15048\/revisions\/15049"}],"wp:featuredmedia":[{"embeddable":true,"href":"https:\/\/www.infokuryr.cz\/n\/wp-json\/wp\/v2\/media\/13278"}],"wp:attachment":[{"href":"https:\/\/www.infokuryr.cz\/n\/wp-json\/wp\/v2\/media?parent=15048"}],"wp:term":[{"taxonomy":"category","embeddable":true,"href":"https:\/\/www.infokuryr.cz\/n\/wp-json\/wp\/v2\/categories?post=15048"},{"taxonomy":"post_tag","embeddable":true,"href":"https:\/\/www.infokuryr.cz\/n\/wp-json\/wp\/v2\/tags?post=15048"}],"curies":[{"name":"wp","href":"https:\/\/api.w.org\/{rel}","templated":true}]}}