{"id":1503,"date":"2021-05-09T05:36:56","date_gmt":"2021-05-09T03:36:56","guid":{"rendered":"http:\/\/www.infokuryr.cz\/n\/?p=1503"},"modified":"2021-05-09T05:36:56","modified_gmt":"2021-05-09T03:36:56","slug":"znamy-americky-admiral-prozradil-jak-se-zachova-nato-v-pripade-konfliktu-mezi-ruskem-a-ukrajinou","status":"publish","type":"post","link":"https:\/\/www.infokuryr.cz\/n\/2021\/05\/09\/znamy-americky-admiral-prozradil-jak-se-zachova-nato-v-pripade-konfliktu-mezi-ruskem-a-ukrajinou\/","title":{"rendered":"Zn\u00e1m\u00fd americk\u00fd admir\u00e1l prozradil, jak se zachov\u00e1 NATO v p\u0159\u00edpad\u011b konfliktu mezi Ruskem a Ukrajinou"},"content":{"rendered":"<div id=\"fb-root\"><\/div>\n<p><strong>V p\u0159\u00edpad\u011b, \u017ee by do\u0161lo mezi Ruskem a Ukrajinou k v\u00e1lce, budou Washington a NATO \u201ekategoricky proti, ale nepodniknou \u017e\u00e1dn\u00e9 kroky\u201c. V \u010dl\u00e1nku pro Bloomberg to uvedl admir\u00e1l americk\u00e9ho n\u00e1mo\u0159nictva ve v\u00fdslu\u017eb\u011b a b\u00fdval\u00fd vrchn\u00ed velitel Severoatlantick\u00e9 aliance James Stavridis.<\/strong><\/p>\n<p>Pro\u010d by se tak aliance i Spojen\u00e9 st\u00e1ty americk\u00e9 z\u0159ejm\u011b zachovaly, se pokusil\u00a0vysv\u011btlit.<\/p>\n<p><u>\u201e<\/u>Ukrajina nespad\u00e1 pod bezpe\u010dnostn\u00ed z\u00e1ruku NATO \u201e\u00fatok na jednoho je \u00fatokem na v\u0161echny\u201c,\u201c \u0159ekl k v\u011bci Stavridis.<\/p>\n<p>V textu Stavridis tak\u00e9 uvedl, \u017ee v p\u0159\u00edpad\u011b zhor\u0161en\u00ed vztah\u016f\u00a0v oblasti \u010cern\u00e9ho\u00a0mo\u0159e by mohlo doj\u00edt ke st\u0159etu. P\u0159ipustil, \u017ee v p\u0159\u00edpadn\u00e9 v\u00e1lce by Rusko pou\u017eilo vysokorychlostn\u00ed hl\u00eddkov\u00e9 \u010dluny s \u0159\u00edzen\u00fdmi st\u0159elami typu zem\u011b-zem\u011b, vrtuln\u00edky pro p\u0159esun speci\u00e1ln\u00edch sil z p\u0159ist\u00e1vaj\u00edc\u00edch lod\u00ed a dieselov\u00e9 ponorky.<\/p>\n<p><strong>Stavridis<\/strong>\u00a0rovn\u011b\u017e p\u0159ipustil, \u017ee by Moskva v takov\u00e9m p\u0159\u00edpad\u011b zv\u00edt\u011bzila. Z\u00e1rove\u0148 poznamenal, \u017ee by se jednotky NATO nedok\u00e1zaly dostat do regionu dostate\u010dn\u011b rychle, i kdyby cht\u011bly.<\/p>\n<p><strong>Ukrajina vs. NATO<\/strong><\/p>\n<p>P\u0159ipome\u0148me, \u017ee ji\u017e v roce 2014 se Ukrajina vzdala sv\u00e9ho nez\u00fa\u010dastn\u011bn\u00e9ho postaven\u00ed, a pot\u00e9 prohl\u00e1sila\u00a0<strong>vstup do NATO<\/strong>\u00a0za jeden ze sv\u00fdch zahrani\u010dn\u011bpolitick\u00fdch c\u00edl\u016f. V roce 2019 bylo dokonce sm\u011b\u0159ov\u00e1n\u00ed ke vstupu do aliance zakotveno v \u00fastav\u011b.<\/p>\n<p>V lo\u0148sk\u00e9m roce se Ukrajina stala \u0161est\u00fdm st\u00e1tem, kter\u00fd z\u00edskal status partnera NATO s roz\u0161\u00ed\u0159enou p\u016fsobnost\u00ed. B\u00fdval\u00fd gener\u00e1ln\u00ed tajemn\u00edk aliance Anders Fogh Rasmussen tehdy uvedl, \u017ee Kyjev bude muset splnit \u0159adu krit\u00e9ri\u00ed, co\u017e bude trvat dlouho.<\/p>\n<p>Odborn\u00edci sou\u010dasn\u011b odhaduj\u00ed, \u017ee\u00a0Ukrajina\u00a0nebude m\u00edt v p\u0159\u00ed\u0161t\u00edch 20 letech n\u00e1rok na \u010dlenstv\u00ed v t\u00e9to alianci.<\/p>\n<p>Nicm\u00e9n\u011b, v posledn\u00edch m\u011bs\u00edc\u00edch ukrajinsk\u00fd prezident Volodymyr Zelenskyj znovu nastolil ot\u00e1zku t\u00fdkaj\u00edc\u00ed se vstupu do NATO. Podle n\u011bj je to jedin\u00fd zp\u016fsob, jak ukon\u010dit konflikt na\u00a0Donbasu. Kreml v\u0161ak k cel\u00e9 v\u011bci poznamenal, \u017ee takov\u00e9 kroky by jen prohloubily vnit\u0159n\u00ed probl\u00e9my Ukrajiny, a pro obyvatele samozvan\u00fdch republik by byl vstup do aliance absolutn\u011b nep\u0159ijatelnou perspektivou.<\/p>\n<p>P\u0159ipome\u0148me, \u017ee v polovin\u011b dubna ukrajinsk\u00fd velvyslanec v Berl\u00edn\u011b Andrij Melnik vyzval N\u011bmecko, aby co mo\u017en\u00e1 nejrychleji a bez \u017e\u00e1dn\u00fdch podm\u00ednek dos\u00e1hlo vstupu jeho zem\u011b do NATO kv\u016fli historick\u00e9 odpov\u011bdnosti SRN v\u016f\u010di Ukrajinc\u016fm.<\/p>\n<p>\u201eN\u011bmecko, zvl\u00e1\u0161\u0165 jako zem\u011b, kter\u00e1 nese zvl\u00e1\u0161tn\u00ed historickou zodpov\u011bdnost za nacistick\u00e9 zlo\u010diny proti ukrajinsk\u00e9mu lidu, m\u00e1 sehr\u00e1t vedouc\u00ed \u00falohu, aby se Ukrajina stala \u010dlenem NATO. A to co mo\u017en\u00e1 nejrychleji, bez \u017e\u00e1dn\u00fdch ,ale\u2018 anebo ,kdy\u017e\u2018,\u201c prohl\u00e1sil diplomat v\u00a0rozhovoru\u00a0pro Welt am Sonntag.<\/p>\n<p><a href=\"https:\/\/cz.sputniknews.com\/20210508\/znamy-americky-admiral-prozradil-jak-se-zachova-nato-v-pripade-konfliktu-mezi-ruskem-a-ukrajinou-14414424.html\">ZDROJ<\/a><\/p>\n<p>&nbsp;<\/p>\n","protected":false},"excerpt":{"rendered":"<p>V p\u0159\u00edpad\u011b, \u017ee by do\u0161lo mezi Ruskem a Ukrajinou k v\u00e1lce, budou Washington a NATO&#8230;<\/p>\n","protected":false},"author":2,"featured_media":660,"comment_status":"closed","ping_status":"closed","sticky":false,"template":"","format":"standard","meta":[],"categories":[7],"tags":[39,22,26,40],"_links":{"self":[{"href":"https:\/\/www.infokuryr.cz\/n\/wp-json\/wp\/v2\/posts\/1503"}],"collection":[{"href":"https:\/\/www.infokuryr.cz\/n\/wp-json\/wp\/v2\/posts"}],"about":[{"href":"https:\/\/www.infokuryr.cz\/n\/wp-json\/wp\/v2\/types\/post"}],"author":[{"embeddable":true,"href":"https:\/\/www.infokuryr.cz\/n\/wp-json\/wp\/v2\/users\/2"}],"replies":[{"embeddable":true,"href":"https:\/\/www.infokuryr.cz\/n\/wp-json\/wp\/v2\/comments?post=1503"}],"version-history":[{"count":0,"href":"https:\/\/www.infokuryr.cz\/n\/wp-json\/wp\/v2\/posts\/1503\/revisions"}],"wp:featuredmedia":[{"embeddable":true,"href":"https:\/\/www.infokuryr.cz\/n\/wp-json\/wp\/v2\/media\/660"}],"wp:attachment":[{"href":"https:\/\/www.infokuryr.cz\/n\/wp-json\/wp\/v2\/media?parent=1503"}],"wp:term":[{"taxonomy":"category","embeddable":true,"href":"https:\/\/www.infokuryr.cz\/n\/wp-json\/wp\/v2\/categories?post=1503"},{"taxonomy":"post_tag","embeddable":true,"href":"https:\/\/www.infokuryr.cz\/n\/wp-json\/wp\/v2\/tags?post=1503"}],"curies":[{"name":"wp","href":"https:\/\/api.w.org\/{rel}","templated":true}]}}