{"id":14998,"date":"2022-09-13T04:25:46","date_gmt":"2022-09-13T02:25:46","guid":{"rendered":"http:\/\/www.infokuryr.cz\/n\/?p=14998"},"modified":"2022-09-13T04:25:46","modified_gmt":"2022-09-13T02:25:46","slug":"tady-je-zpusob-jak-brzy-vas-i-vasi-rodinu-privede-vlada-do-bankrotu","status":"publish","type":"post","link":"https:\/\/www.infokuryr.cz\/n\/2022\/09\/13\/tady-je-zpusob-jak-brzy-vas-i-vasi-rodinu-privede-vlada-do-bankrotu\/","title":{"rendered":"Tady je zp\u016fsob, jak brzy v\u00e1s i va\u0161i rodinu p\u0159ivede vl\u00e1da do bankrotu"},"content":{"rendered":"<div id=\"fb-root\"><\/div>\n<p><span>Jejich pl\u00e1nem je p\u0159iv\u00e9st ka\u017ed\u00e9ho z n\u00e1s do bankrotu a jsou na dobr\u00e9 cest\u011b k \u00fasp\u011bchu.\u00a0Tomu se pravd\u011bpodobn\u011b vyhnou jen miliard\u00e1\u0159\u0161t\u00ed spiklenci.\u00a0Spiklenci mus\u00ed b\u00fdt nyn\u00ed nad\u0161eni z toho, jak se v\u011bci vyv\u00edjej\u00ed.<\/span><\/p>\n<p><span>Na za\u010d\u00e1tek samoz\u0159ejm\u011b rostouc\u00ed n\u00e1klady za potraviny a energie se odraz\u00ed na na\u0161ich \u00faspor\u00e1ch.\u00a0Ti bez \u00faspor si nebudou moci nic odkl\u00e1dat.\u00a0Ka\u017ed\u00fd cent p\u016fjde na zaplacen\u00ed z\u00e1kladn\u00edch \u017eivotn\u00edch pot\u0159eb.<\/span><\/p>\n<p><span>Kr\u00e1tce po V\u00e1noc\u00edch 2022 vzroste inflace v\u00fdrazn\u011b nad 20%.\u00a0Ostatn\u00ed zem\u011b zaznamenaj\u00ed podobn\u00fd n\u00e1r\u016fst inflace.<\/span><\/p>\n<p><span>Zisky firem budou zdevastov\u00e1ny slab\u00fdmi hospod\u00e1\u0159sk\u00fdmi v\u00fdsledky umocn\u011bn\u00fdmi st\u00e1vkami, prac\u00ed z domova a bizarn\u00ed novou m\u00f3dou, obl\u00edbenou u mlad\u00fdch lid\u00ed, kte\u0159\u00ed cht\u011bj\u00ed co mo\u017en\u00e1 nejm\u00e9n\u011b pracovat.<\/span><\/p>\n<p><span>Investice do akci\u00ed a penzijn\u00ed spo\u0159en\u00ed se vyberou na cestu dlouh\u00e9ho a pomal\u00e9ho kles\u00e1n\u00ed.<\/span><\/p>\n<p><span>P\u0159\u00edchoz\u00ed recese se rychle zm\u011bn\u00ed na depresi.<\/span><\/p>\n<p><span>A pamatujte, nic se ned\u011bje n\u00e1hodou.<\/span><\/p>\n<p><span>\u00darokov\u00e9 sazby budou nad\u00e1le r\u016fst a miliony lid\u00ed, kte\u0159\u00ed maj\u00ed hypot\u00e9ky, zjist\u00ed, \u017ee si u\u017e nemohou dovolit platit za sv\u00e9 bydlen\u00ed.<\/span><\/p>\n<p><span>Ty \u201e\u0161\u0165astn\u011bj\u0161\u00ed\u201c, kte\u0159\u00ed si st\u00e1le budou moci dovolit spl\u00e1tky hypot\u00e9ky, v\u0161ak \u010dek\u00e1 dal\u0161\u00ed probl\u00e9m.\u00a0T\u00edm bude pokles hodnoty nemovitost\u00ed.<\/span><\/p>\n<p><span>Toti\u017e, kdy\u017e hodnoty nemovitost\u00ed klesaj\u00ed, nebude trvat dlouho a miliony lid\u00ed budou m\u00edt v\u011bt\u0161\u00ed hypote\u010dn\u00ed dluh, ne\u017e je hodnota jejich domu \u010di bytu.<\/span><\/p>\n<p><span>Pokud bance nedorovnaj\u00ed jistotu do hodnoty hypot\u00e9ky, banka jim d\u016fm vezme a jim z\u016fstanou na krku obrovsk\u00e9 dluhy.<\/span><\/p>\n<p><span>Alternativn\u011b m\u016f\u017ee vl\u00e1da \u0159\u00edci: \u201eP\u0159evezmeme va\u0161i hypot\u00e9ku a m\u016f\u017eete z\u016fstat ve sv\u00e9m dom\u011b\u2026 ale u\u017e ho nebudete vlastnit\u201c.\u00a0Napln\u00ed se tak slova \u0160v\u00e1bov\u011b (Klause Schwaba z\u00a0\u00a0<\/span><a href=\"https:\/\/www.badatel.net\/svetove-ekonomicke-forum-wef-vyzyva-na-ukoncenie-sukromneho-vlastnictva-aut\/\"><span>WEF<\/span><\/a><span>\u00a0), \u017ee \u201enebudete nic vlastnit a budete \u0161\u0165astn\u00ed\u201c.<\/span><\/p>\n<p><span>M\u00e1m podez\u0159en\u00ed, \u017ee mnoh\u00fdm bankrot\u016fm se nelze vyhnout.<\/span><\/p>\n<p><span>Pamatujte, \u017ee nic z toho se ned\u011bje n\u00e1hodou.\u00a0V\u0161echno to bylo p\u0159edem zorganizov\u00e1no.<\/span><\/p>\n<p><span>A nep\u0159e\u017eij\u00ed ani ti s \u00fasporami.<\/span><\/p>\n<p><span>P\u0159esto\u017ee \u00farokov\u00e9 sazby porostou, nep\u016fjdou dostate\u010dn\u011b vysoko, aby porazily inflaci.<\/span><\/p>\n<p><span>Pokud \u00farokov\u00e9 sazby stoupnou na 5% a inflace bude 25%, pak investo\u0159i a st\u0159adatel\u00e9 ztrat\u00ed ka\u017ed\u00fd rok 20% sv\u00e9ho bohatstv\u00ed.<\/span><\/p>\n<p><span>Za pozoruhodn\u011b kr\u00e1tk\u00fd \u010das se spiklenc\u016fm poda\u0159\u00ed zni\u010dit bohatstv\u00ed a nez\u00e1vislost stovek milion\u016f lid\u00ed v cel\u00e9 Evrop\u011b a miliard lid\u00ed na cel\u00e9m sv\u011bt\u011b.<\/span><\/p>\n<p><span>Nebudou \u017e\u00e1dn\u00e9 st\u0159edn\u00ed vrstvy.\u00a0Star\u0161\u00ed lid\u00e9 zem\u0159ou v nouzi.\u00a0Mlad\u00ed nikdy nebudou vlastnit d\u016fm ani m\u00edt jistotu, \u017ee budou m\u00edt n\u011bjak\u00e9 \u00faspory.<\/span><\/p>\n<p><span>Spiklenci cht\u011bj\u00ed, abychom zkrachovali, proto\u017ee v\u011bd\u00ed, \u017ee pen\u00edze n\u00e1m d\u00e1vaj\u00ed svobodu a nez\u00e1vislost.<\/span><\/p>\n<p><span>To v\u0161e je u\u017e l\u00e9ta jasn\u00e9.\u00a0(I my na to u\u017e l\u00e9ta upozor\u0148ujeme.)<\/span><\/p>\n<p><span>Ale lid\u00e9 neposlouchali.<\/span><\/p>\n<p><span>A te\u010f, ob\u00e1v\u00e1m se, je u\u017e dost pozd\u011b.<\/span><\/p>\n<p><span>Z praktick\u00e9ho hlediska je nyn\u00ed jedin\u00fdm zp\u016fsobem, jak se chr\u00e1nit, je sn\u00ed\u017eit svoji spot\u0159ebu, sn\u00ed\u017eit sv\u00e9 dluhy, \u0161et\u0159it a p\u0159ipravit se na jednodu\u0161\u0161\u00ed zp\u016fsob \u017eivota.<\/span><\/p>\n<p><span>Samoz\u0159ejm\u011b m\u00e1me \u010das, abychom v\u0161ichni povstali a \u0159ekli spiklenc\u016fm NE.<\/span><\/p>\n<p><span>(Na za\u010d\u00e1tku roku jsem \u0159ekl, \u017ee si mysl\u00edm, \u017ee m\u00e1me \u010das do V\u00e1noc, abychom n\u011bco zm\u011bnili. St\u00e1le si mysl\u00edm, \u017ee tato \u010dasov\u00e1 p\u0159edpov\u011b\u010f je spr\u00e1vn\u00e1.)<\/span><\/p>\n<p><span>Ale bohu\u017eel se ob\u00e1v\u00e1m, \u017ee tam nebude \u017e\u00e1dn\u00fd skute\u010dn\u00fd odpor.<\/span><\/p>\n<p><span>Kolaborant\u016f je p\u0159\u00edli\u0161 mnoho a n\u00e1s je m\u00e1lo.<\/span><\/p>\n<p><span>A bohu\u017eel p\u0159\u00edli\u0161 mnoho z t\u011bch, kte\u0159\u00ed ch\u00e1pou krizi, kter\u00e9 \u010del\u00edme, a hr\u016fzy Velk\u00e9ho resetu, mizen\u00ed hotovosti, rozvoj digit\u00e1ln\u00edho sv\u011bta a paradigma soci\u00e1ln\u00edho kreditu, prost\u011b krout\u00ed hlavami, usazuj\u00ed se p\u0159ed televizi a ned\u011blaj\u00ed nic, aby to zastavili.<\/span><\/p>\n<p><span>Pokud se m\u00fdl\u00edm, doka\u017ete to!\u00a0Nejbli\u017e\u0161\u00ed protesty na Slovensku se konaj\u00ed 14. a 19. z\u00e1\u0159\u00ed.\u00a0Bu\u010fte tam nebo ml\u010dte nav\u011bky.<\/span><\/p>\n<p><span>Autor: Vernon Coleman, Zdroj:\u00a0<\/span><a href=\"https:\/\/expose-news.com\/2022\/09\/10\/heres-how-theyll-bankrupt-you\/\"><span>expose-news.com<\/span><\/a><\/p>\n<p>&nbsp;<\/p>\n","protected":false},"excerpt":{"rendered":"<p>Jejich pl\u00e1nem je p\u0159iv\u00e9st ka\u017ed\u00e9ho z n\u00e1s do bankrotu a jsou na dobr\u00e9 cest\u011b k&#8230;<\/p>\n","protected":false},"author":2,"featured_media":14999,"comment_status":"closed","ping_status":"closed","sticky":false,"template":"","format":"standard","meta":[],"categories":[7],"tags":[935,90,99],"_links":{"self":[{"href":"https:\/\/www.infokuryr.cz\/n\/wp-json\/wp\/v2\/posts\/14998"}],"collection":[{"href":"https:\/\/www.infokuryr.cz\/n\/wp-json\/wp\/v2\/posts"}],"about":[{"href":"https:\/\/www.infokuryr.cz\/n\/wp-json\/wp\/v2\/types\/post"}],"author":[{"embeddable":true,"href":"https:\/\/www.infokuryr.cz\/n\/wp-json\/wp\/v2\/users\/2"}],"replies":[{"embeddable":true,"href":"https:\/\/www.infokuryr.cz\/n\/wp-json\/wp\/v2\/comments?post=14998"}],"version-history":[{"count":0,"href":"https:\/\/www.infokuryr.cz\/n\/wp-json\/wp\/v2\/posts\/14998\/revisions"}],"wp:featuredmedia":[{"embeddable":true,"href":"https:\/\/www.infokuryr.cz\/n\/wp-json\/wp\/v2\/media\/14999"}],"wp:attachment":[{"href":"https:\/\/www.infokuryr.cz\/n\/wp-json\/wp\/v2\/media?parent=14998"}],"wp:term":[{"taxonomy":"category","embeddable":true,"href":"https:\/\/www.infokuryr.cz\/n\/wp-json\/wp\/v2\/categories?post=14998"},{"taxonomy":"post_tag","embeddable":true,"href":"https:\/\/www.infokuryr.cz\/n\/wp-json\/wp\/v2\/tags?post=14998"}],"curies":[{"name":"wp","href":"https:\/\/api.w.org\/{rel}","templated":true}]}}