{"id":1498,"date":"2021-05-09T05:22:05","date_gmt":"2021-05-09T03:22:05","guid":{"rendered":"http:\/\/www.infokuryr.cz\/n\/?p=1498"},"modified":"2021-05-09T05:22:05","modified_gmt":"2021-05-09T03:22:05","slug":"americka-nenavist-k-asiatum-zaznamenala-historicky-narust","status":"publish","type":"post","link":"https:\/\/www.infokuryr.cz\/n\/2021\/05\/09\/americka-nenavist-k-asiatum-zaznamenala-historicky-narust\/","title":{"rendered":"Americk\u00e1 nen\u00e1vist k Asiat\u016fm zaznamenala \u201ehistorick\u00fd n\u00e1r\u016fst\u201c"},"content":{"rendered":"<div id=\"fb-root\"><\/div>\n<div class=\"article-left\">\n<div class=\"article-con\">\n<p>Podle zpr\u00e1vy na webu USA Today dne 6. kv\u011btna Centrum pro v\u00fdzkum nen\u00e1visti a extremismu p\u0159i Kalifornsk\u00e9 st\u00e1tn\u00ed univerzit\u011b v San Bernardinu uk\u00e1zalo, \u017ee se v prvn\u00edm \u010dtvrtlet\u00ed leto\u0161n\u00edho roku po\u010det zpr\u00e1v o trestn\u00fdch \u010dinech z nen\u00e1visti nam\u00ed\u0159en\u00fdch proti Asiat\u016fm, kter\u00e9 obdr\u017eela policie v 16 velk\u00fdch m\u011bstech Spojen\u00fdch st\u00e1t\u016f, meziro\u010dn\u011b zv\u00fd\u0161il o 164 %.<\/p>\n<p>Statistiky ukazuj\u00ed, \u017ee od doby, kdy se ve Spojen\u00fdch st\u00e1tech roz\u0161\u00ed\u0159ila epidemie nov\u00e9ho koronaviru, bylo hl\u00e1\u0161eno v\u00edce ne\u017e 6 600 p\u0159\u00edpad\u016f z nen\u00e1visti k Asiat\u016fm. Zpr\u00e1va pouk\u00e1zala na to, \u017ee v sou\u010dasn\u00e9 dob\u011b v nen\u00e1visti v\u016f\u010di Asijc\u016fm v USA doch\u00e1z\u00ed k \u201ehistorick\u00e9mu n\u00e1r\u016fstu\u201c a se zru\u0161en\u00edm omezuj\u00edc\u00edm opat\u0159en\u00ed kv\u016fli epidemii se mohou trestn\u00e9 \u010diny proti Asiat\u016fm je\u0161t\u011b zv\u00fd\u0161it.<\/p>\n<p>Podle zpr\u00e1vy sice vl\u00e1da USA ned\u00e1vno p\u0159ijala n\u011bkter\u00e1 opat\u0159en\u00ed k boji proti zlo\u010din\u016fm z nen\u00e1visti, k incident\u016fm z nen\u00e1visti v\u0161ak st\u00e1le doch\u00e1z\u00ed. Zpr\u00e1va se domn\u00edv\u00e1, \u017ee pouze politick\u00e1 hesla nemohou zm\u011bnit situaci nar\u016fstaj\u00edc\u00edch p\u0159\u00edpad\u016f z nen\u00e1visti. V americk\u00e9 spole\u010dnosti existuje subkultura, kter\u00e1 je ovlivn\u011bna p\u0159edsudky, a dokonce \u201elid\u00e9, kte\u0159\u00ed nemaj\u00ed hlubok\u00e9 p\u0159edsudky, se mohou v ur\u010dit\u00fdch situac\u00edch dopustit n\u00e1siln\u00e9ho chov\u00e1n\u00ed\u201c. N\u011bkte\u0159\u00ed sociologi\u010dt\u00ed odborn\u00edci se domn\u00edvaj\u00ed, \u017ee je obt\u00ed\u017en\u00e9 rychle omezit p\u0159\u00edpady z nen\u00e1visti v\u016f\u010di asijsk\u00fdm Ameri\u010dan\u016fm. USA mus\u00ed prov\u00e9st struktur\u00e1ln\u00ed zm\u011bny, aby eliminovaly rasistick\u00fd postoj za zlo\u010diny z nen\u00e1visti.<\/p>\n<p><img decoding=\"async\" loading=\"lazy\" class=\"alignnone size-full wp-image-1185\" src=\"http:\/\/www.infokuryr.cz\/n\/wp-content\/uploads\/2021\/04\/kuryr-podpis.png\" alt=\"\" width=\"84\" height=\"24\" \/><\/p>\n<\/div>\n<div class=\"pageStyle5\"><\/div>\n<\/div>\n","protected":false},"excerpt":{"rendered":"<p>Podle zpr\u00e1vy na webu USA Today dne 6. kv\u011btna Centrum pro v\u00fdzkum nen\u00e1visti a extremismu&#8230;<\/p>\n","protected":false},"author":2,"featured_media":1499,"comment_status":"closed","ping_status":"closed","sticky":false,"template":"","format":"standard","meta":[],"categories":[7],"tags":[93,37],"_links":{"self":[{"href":"https:\/\/www.infokuryr.cz\/n\/wp-json\/wp\/v2\/posts\/1498"}],"collection":[{"href":"https:\/\/www.infokuryr.cz\/n\/wp-json\/wp\/v2\/posts"}],"about":[{"href":"https:\/\/www.infokuryr.cz\/n\/wp-json\/wp\/v2\/types\/post"}],"author":[{"embeddable":true,"href":"https:\/\/www.infokuryr.cz\/n\/wp-json\/wp\/v2\/users\/2"}],"replies":[{"embeddable":true,"href":"https:\/\/www.infokuryr.cz\/n\/wp-json\/wp\/v2\/comments?post=1498"}],"version-history":[{"count":0,"href":"https:\/\/www.infokuryr.cz\/n\/wp-json\/wp\/v2\/posts\/1498\/revisions"}],"wp:featuredmedia":[{"embeddable":true,"href":"https:\/\/www.infokuryr.cz\/n\/wp-json\/wp\/v2\/media\/1499"}],"wp:attachment":[{"href":"https:\/\/www.infokuryr.cz\/n\/wp-json\/wp\/v2\/media?parent=1498"}],"wp:term":[{"taxonomy":"category","embeddable":true,"href":"https:\/\/www.infokuryr.cz\/n\/wp-json\/wp\/v2\/categories?post=1498"},{"taxonomy":"post_tag","embeddable":true,"href":"https:\/\/www.infokuryr.cz\/n\/wp-json\/wp\/v2\/tags?post=1498"}],"curies":[{"name":"wp","href":"https:\/\/api.w.org\/{rel}","templated":true}]}}