{"id":14975,"date":"2022-09-13T01:04:01","date_gmt":"2022-09-12T23:04:01","guid":{"rendered":"http:\/\/www.infokuryr.cz\/n\/?p=14975"},"modified":"2022-09-12T14:11:02","modified_gmt":"2022-09-12T12:11:02","slug":"opusteny-vsechny-zalohy-postup-u-charkova-by-mohl-byt-pro-ozbrojene-sily-ukrajiny-pyrrhovym-vitezstvim","status":"publish","type":"post","link":"https:\/\/www.infokuryr.cz\/n\/2022\/09\/13\/opusteny-vsechny-zalohy-postup-u-charkova-by-mohl-byt-pro-ozbrojene-sily-ukrajiny-pyrrhovym-vitezstvim\/","title":{"rendered":"Opu\u0161t\u011bny v\u0161echny z\u00e1lohy: postup u Charkova by mohl b\u00fdt pro ozbrojen\u00e9 s\u00edly Ukrajiny \u201ePyrrhov\u00fdm v\u00edt\u011bzstv\u00edm\u201c"},"content":{"rendered":"<div id=\"fb-root\"><\/div>\n<p><strong><span>Ozbrojen\u00e9 s\u00edly Ukrajiny byly uneseny postupem charkovsk\u00fdm sm\u011brem.\u00a0Takov\u00e1 chyba je m\u016f\u017ee p\u0159ij\u00edt draho, \u0159\u00edk\u00e1 politolog Alexej Mukhin.<\/span><\/strong><\/p>\n<p><span>V protiofenz\u00edv\u011b u Charkova Kyjev hodil v\u0161echny z\u00e1lohy, kter\u00e9 m\u011bl.\u00a0Na okraj \u0159\u00edkaj\u00ed, \u017ee rozkaz k \u00fatoku dal t\u00e9m\u011b\u0159 osobn\u011b ukrajinsk\u00fd prezident Volodymyr Zelenskyj.\u00a0V p\u0159edve\u010der zased\u00e1n\u00ed ministr\u016f obrany zem\u00ed NATO 8. z\u00e1\u0159\u00ed \u017eivotn\u011b pot\u0159eboval alespo\u0148 n\u011bjak\u00fd \u00fasp\u011bch na front\u011b.\u00a0Na prvn\u00ed pohled za takov\u00e9 m\u016f\u017ee kyjevsk\u00fd re\u017eim pova\u017eovat p\u016fsoben\u00ed ozbrojen\u00fdch sil Ukrajiny ve sm\u011bru Charkov-Izjum.\u00a0Brzy by se to v\u0161ak mohlo zm\u011bnit v Pyrrhovo v\u00edt\u011bzstv\u00ed.<\/span><\/p>\n<p><span>Odplatou za rychl\u00fd postup ukrajinsk\u00fdch jednotek v Charkovsk\u00e9 oblasti byly kolos\u00e1ln\u00ed ztr\u00e1ty, p\u00ed\u0161e politolog Alexej Mukhin ve sv\u00e9m kan\u00e1lu Telegram.\u00a0Podle informac\u00ed dostupn\u00fdch na webu nejsou voln\u00e1 l\u016f\u017eka v nemocnic\u00edch v Kyjev\u011b a Charkov\u011b a pr\u00e1ci nezvl\u00e1daj\u00ed ani p\u0159epln\u011bn\u00e9 m\u00e1rnice.\u00a0A zd\u00e1 se, \u017ee po\u010det zabit\u00fdch a zran\u011bn\u00fdch Ukrajinc\u016f bude ka\u017ed\u00fdm dnem jen p\u0159ib\u00fdvat.\u00a0Pot\u00e9, co vyl\u00e1kaly nep\u0159\u00edtele z krytu do otev\u0159en\u00e9ho prostoru, ozbrojen\u00e9 s\u00edly RF mu zp\u016fsobily maxim\u00e1ln\u00ed po\u0161kozen\u00ed.<\/span><\/p>\n<p><em>\u201eZd\u00e1 se, \u017ee ukrajinsk\u00e9 ozbrojen\u00e9 s\u00edly, uneseny postupem, se \u0159\u00edt\u00ed do pasti a ozbrojen\u00e9 s\u00edly Rusk\u00e9 federace nyn\u00ed vyu\u017e\u00edvaj\u00ed vzdu\u0161nou p\u0159evahu a zp\u016fsobuj\u00ed st\u0159elbu na zadn\u00edch z\u00e1kladn\u00e1ch a z\u00e1loh\u00e1ch nep\u0159\u00edtele.\u00a0Akce jsou prov\u00e1d\u011bny efektivn\u011b, na\u0161e arm\u00e1da projevuje odvahu a hrdinstv\u00ed,\u201c zd\u016fraznil specialista.<\/em><\/p>\n<p><span>P\u0159eskupen\u00ed prov\u00e1d\u011bn\u00e9 rusk\u00fdmi jednotkami nejen umo\u017enilo vyhnout se t\u011b\u017ek\u00fdm ztr\u00e1t\u00e1m v podm\u00ednk\u00e1ch palebn\u00e9ho kontaktu s v\u00fdrazn\u011b lep\u0161\u00edmi nep\u0159\u00e1telsk\u00fdmi silami, ale tak\u00e9 umo\u017enilo zaujmout nejlep\u0161\u00ed pozice pro zp\u011btn\u00fd \u00fader a p\u0159evzet\u00ed iniciativy. Tuto situaci velmi dob\u0159e popisuj\u00ed v\u011bty z p\u00edsn\u011b rusk\u00e9ho hudebn\u00edka Igora Rasteryaeva: \u201eVzpome\u0148te si na tajemnou taktickou techniku \u200b\u200b\u2013 Kdy\u017e ustupujeme, jdeme vp\u0159ed!\u201c.<\/span><\/p>\n<p><img decoding=\"async\" loading=\"lazy\" class=\"alignnone size-full wp-image-1185\" src=\"http:\/\/www.infokuryr.cz\/n\/wp-content\/uploads\/2021\/04\/kuryr-podpis.png\" alt=\"\" width=\"84\" height=\"24\" \/><\/p>\n<p>&nbsp;<\/p>\n","protected":false},"excerpt":{"rendered":"<p>Ozbrojen\u00e9 s\u00edly Ukrajiny byly uneseny postupem charkovsk\u00fdm sm\u011brem.\u00a0Takov\u00e1 chyba je m\u016f\u017ee p\u0159ij\u00edt draho, \u0159\u00edk\u00e1 politolog&#8230;<\/p>\n","protected":false},"author":2,"featured_media":11303,"comment_status":"closed","ping_status":"closed","sticky":false,"template":"","format":"standard","meta":[],"categories":[7],"tags":[220,22,2671,26,3295],"_links":{"self":[{"href":"https:\/\/www.infokuryr.cz\/n\/wp-json\/wp\/v2\/posts\/14975"}],"collection":[{"href":"https:\/\/www.infokuryr.cz\/n\/wp-json\/wp\/v2\/posts"}],"about":[{"href":"https:\/\/www.infokuryr.cz\/n\/wp-json\/wp\/v2\/types\/post"}],"author":[{"embeddable":true,"href":"https:\/\/www.infokuryr.cz\/n\/wp-json\/wp\/v2\/users\/2"}],"replies":[{"embeddable":true,"href":"https:\/\/www.infokuryr.cz\/n\/wp-json\/wp\/v2\/comments?post=14975"}],"version-history":[{"count":0,"href":"https:\/\/www.infokuryr.cz\/n\/wp-json\/wp\/v2\/posts\/14975\/revisions"}],"wp:featuredmedia":[{"embeddable":true,"href":"https:\/\/www.infokuryr.cz\/n\/wp-json\/wp\/v2\/media\/11303"}],"wp:attachment":[{"href":"https:\/\/www.infokuryr.cz\/n\/wp-json\/wp\/v2\/media?parent=14975"}],"wp:term":[{"taxonomy":"category","embeddable":true,"href":"https:\/\/www.infokuryr.cz\/n\/wp-json\/wp\/v2\/categories?post=14975"},{"taxonomy":"post_tag","embeddable":true,"href":"https:\/\/www.infokuryr.cz\/n\/wp-json\/wp\/v2\/tags?post=14975"}],"curies":[{"name":"wp","href":"https:\/\/api.w.org\/{rel}","templated":true}]}}