{"id":1494,"date":"2021-05-08T08:35:50","date_gmt":"2021-05-08T06:35:50","guid":{"rendered":"http:\/\/www.infokuryr.cz\/n\/?p=1494"},"modified":"2021-05-08T08:35:50","modified_gmt":"2021-05-08T06:35:50","slug":"americka-viceprezidentka-k-harris-se-s-manzelem-libaji-pres-rousku-novy-vzor-pro-korona-hysteriky","status":"publish","type":"post","link":"https:\/\/www.infokuryr.cz\/n\/2021\/05\/08\/americka-viceprezidentka-k-harris-se-s-manzelem-libaji-pres-rousku-novy-vzor-pro-korona-hysteriky\/","title":{"rendered":"Americk\u00e1 viceprezidentka K. Harris se s man\u017eelem l\u00edbaj\u00ed p\u0159es rou\u0161ku. Nov\u00fd vzor pro korona hysteriky?!"},"content":{"rendered":"<div id=\"fb-root\"><\/div>\n<p>Americk\u00e1 vice prezidentka K. Harris jde v dodr\u017eov\u00e1n\u00ed\u00a0<strong>proti pandemick\u00fdch opat\u0159en\u00ed vskutku p\u0159\u00edkladem. P\u0159ed odletem vl\u00e1dn\u00edm letadle se s man\u017eelem rozlou\u010dila v\u00e1\u0161niv\u00fdm polibkem (video v\u00a0<a href=\"https:\/\/summit.news\/2021\/05\/05\/video-kamala-harris-kisses-her-husband-while-both-are-wearing-masks\/\">\u010dl\u00e1nku zde<\/a>) . Oba ale m\u011bli p\u0159i tom d\u016fv\u011brn\u00e9m man\u017eelsk\u00e9m aktu nasazeny poctiv\u011b rou\u0161ky.<\/strong><\/p>\n<p><strong>Z takov\u00fdch lid\u00ed mus\u00ed m\u00edt dr. Fauci (hlavn\u00ed americk\u00fd bojovn\u00edk proti koronaviru), stejn\u011b jako jeho \u010desk\u00e9 klony Prymula, Ma\u010far, Arenberger atd., radost. Stejn\u011b jako v\u0161ichni sv\u011bdci kovidovi.<\/strong><\/p>\n<p>Takhle se buduje ta nov\u00e1 new normal \u2013 nov\u00e1 normalita, nebo totalita?!<\/p>\n<p>S\u00e1ra Stein, NYC, USA<\/p>\n<p><a href=\"https:\/\/ceskavec.com\/2021\/05\/americka-viceprezidentka-k-harris-se-s-manzelem-libaji-pres-rousku-novy-vzor-pro-korona-hysteriky\">\u010cesk\u00e1 v\u011bc<\/a><\/p>\n<p>&nbsp;<\/p>\n","protected":false},"excerpt":{"rendered":"<p>Americk\u00e1 vice prezidentka K. Harris jde v dodr\u017eov\u00e1n\u00ed\u00a0proti pandemick\u00fdch opat\u0159en\u00ed vskutku p\u0159\u00edkladem. P\u0159ed odletem vl\u00e1dn\u00edm&#8230;<\/p>\n","protected":false},"author":2,"featured_media":1495,"comment_status":"closed","ping_status":"closed","sticky":false,"template":"","format":"standard","meta":[],"categories":[7],"tags":[23,219,37],"_links":{"self":[{"href":"https:\/\/www.infokuryr.cz\/n\/wp-json\/wp\/v2\/posts\/1494"}],"collection":[{"href":"https:\/\/www.infokuryr.cz\/n\/wp-json\/wp\/v2\/posts"}],"about":[{"href":"https:\/\/www.infokuryr.cz\/n\/wp-json\/wp\/v2\/types\/post"}],"author":[{"embeddable":true,"href":"https:\/\/www.infokuryr.cz\/n\/wp-json\/wp\/v2\/users\/2"}],"replies":[{"embeddable":true,"href":"https:\/\/www.infokuryr.cz\/n\/wp-json\/wp\/v2\/comments?post=1494"}],"version-history":[{"count":0,"href":"https:\/\/www.infokuryr.cz\/n\/wp-json\/wp\/v2\/posts\/1494\/revisions"}],"wp:featuredmedia":[{"embeddable":true,"href":"https:\/\/www.infokuryr.cz\/n\/wp-json\/wp\/v2\/media\/1495"}],"wp:attachment":[{"href":"https:\/\/www.infokuryr.cz\/n\/wp-json\/wp\/v2\/media?parent=1494"}],"wp:term":[{"taxonomy":"category","embeddable":true,"href":"https:\/\/www.infokuryr.cz\/n\/wp-json\/wp\/v2\/categories?post=1494"},{"taxonomy":"post_tag","embeddable":true,"href":"https:\/\/www.infokuryr.cz\/n\/wp-json\/wp\/v2\/tags?post=1494"}],"curies":[{"name":"wp","href":"https:\/\/api.w.org\/{rel}","templated":true}]}}