{"id":14939,"date":"2022-09-12T05:42:29","date_gmt":"2022-09-12T03:42:29","guid":{"rendered":"http:\/\/www.infokuryr.cz\/n\/?p=14939"},"modified":"2022-09-12T05:43:08","modified_gmt":"2022-09-12T03:43:08","slug":"britanie-v-cele-s-liz-trussovou-riskuje-ze-zustane-stranou-svetove-politiky","status":"publish","type":"post","link":"https:\/\/www.infokuryr.cz\/n\/2022\/09\/12\/britanie-v-cele-s-liz-trussovou-riskuje-ze-zustane-stranou-svetove-politiky\/","title":{"rendered":"Brit\u00e1nie v \u010dele s Liz Trussovou riskuje, \u017ee z\u016fstane stranou sv\u011btov\u00e9 politiky"},"content":{"rendered":"<div id=\"fb-root\"><\/div>\n<div>\n<p><strong>Liz Trussov\u00e1 p\u0159evzala funkci premi\u00e9rky v t\u011b\u017ek\u00e9 dob\u011b pro Spojen\u00e9 kr\u00e1lovstv\u00ed: energetick\u00e1 krize a krize \u017eivotn\u00edch n\u00e1klad\u016f se nyn\u00ed p\u0159idaly ke krizi jednoty a d\u016fv\u011bryhodnosti zem\u011b, p\u00ed\u0161e sloupka\u0159 The Guardian Simon Tisdall.\u00a0Novin\u00e1\u0159 nal\u00e9h\u00e1 na Trussovou, aby jako prioritu obnovila spojen\u00ed Spojen\u00e9ho kr\u00e1lovstv\u00ed na sv\u011btov\u00e9 sc\u00e9n\u011b, aby ze zem\u011b neud\u011blala vyvrhele.<\/strong><\/p>\n<p>Po smrti kr\u00e1lovny Al\u017eb\u011bty II. bude muset nov\u00e1 britsk\u00e1 premi\u00e9rka Liz Trussov\u00e1 v\u00e9st zemi nejen energetickou kriz\u00ed a kriz\u00ed \u017eivotn\u00edch n\u00e1klad\u016f, ale tak\u00e9 kriz\u00ed jednoty a d\u016fv\u011bry, p\u00ed\u0161e sloupka\u0159 The Guardian Simon Tisdall.<\/p>\n<p>Podle pozorovatele bude v nadch\u00e1zej\u00edc\u00edch dnech ve\u0161ker\u00e1 pozornost sv\u011btov\u00e9ho spole\u010denstv\u00ed up\u0159ena na Spojen\u00e9 kr\u00e1lovstv\u00ed, tak\u017ee i zku\u0161en\u011bj\u0161\u00ed v\u016fdce by se ot\u0159\u00e1sl.\u00a0Kr\u00e1lovna byla \u201e\u00a0<em>sk\u00e1lou, na kter\u00e9 byla postavena modern\u00ed Brit\u00e1nie<\/em>\u00a0\u201c, \u0159ekla Trussov\u00e1, ale minul\u00fd t\u00fdden se dostala k moci a sl\u00edbila, \u017ee tento model nahrad\u00ed sv\u00fdm vlastn\u00edm.<\/p>\n<p>Nov\u00e1 premi\u00e9rka \u010dasto mluv\u00ed o prohlubov\u00e1n\u00ed britsk\u00fdch post-brexitov\u00fdch spojenectv\u00ed a budov\u00e1n\u00ed \u201e <em>sv\u011bta, kde jsou svobodn\u00e9 n\u00e1rody siln\u00e9 a na vzestupu<\/em>\u00a0\u201c.\u00a0Dosud v\u0161ak v\u0161echny jej\u00ed \u010diny neukazuj\u00ed na \u201e\u00a0<em>glob\u00e1ln\u00ed Spojen\u00e9 kr\u00e1lovstv\u00ed<\/em>\u00a0\u201c, kter\u00e9 \u201e\u00a0<em>vede<\/em>\u00a0\u201c, ale na vyd\u011bd\u011bnce na sv\u011btov\u00e9 sc\u00e9n\u011b.<\/p>\n<p>Smrt panovn\u00edka, kter\u00e9ho znali a respektovali prezidenti a premi\u00e9\u0159i po cel\u00e9m sv\u011bt\u011b a kter\u00fd vedl Commonwealth 56 zem\u00ed, nevyhnuteln\u011b oslab\u00ed britsk\u00fd vliv, vliv zem\u011b a jej\u00ed m\u011bkkou s\u00edlu \u2013 bez ohledu na to, co Karel III. ud\u011blal pro udr\u017een\u00ed mezin\u00e1rodn\u00edch vztah\u016f.<\/p>\n<p>Po odchodu z EU je Spojen\u00e9 kr\u00e1lovstv\u00ed, vylou\u010den\u00e9 z kolektivn\u00edho rozhodov\u00e1n\u00ed v Evrop\u011b, st\u00e1le v\u00edce odsouv\u00e1no na vedlej\u0161\u00ed kolej a zesm\u011b\u0161\u0148ov\u00e1no protivn\u00edky i spojenci.\u00a0Podle jak\u00e9hokoli krit\u00e9ria &#8211; HDP, m\u011bny, dluhu, vlivu, vojensk\u00e9 s\u00edly &#8211; &#8220;\u00a0<em>Velk\u00e1 Brit\u00e1nie se pot\u00e1p\u00ed, neplave<\/em>\u00a0.&#8220;<\/p>\n<p>Trussov\u00e1 nastoupila do \u00fa\u0159adu uprost\u0159ed \u0159ady v\u00fdzev, v\u010detn\u011b energetick\u00e9 krize a krize n\u00e1klad\u016f na \u017eivot a konfliktu na Ukrajin\u011b. Probl\u00e9m, kter\u00e9mu nyn\u00ed \u010del\u00ed, v\u0161ak p\u0159evy\u0161uje v\u0161echny ostatn\u00ed v z\u00e1va\u017enosti d\u016fsledk\u016f pro vnit\u0159n\u00ed jednotu Velk\u00e9 Brit\u00e1nie a jej\u00ed postaven\u00ed ve sv\u011bt\u011b.<\/p>\n<p>Tisdall si klade ot\u00e1zku, zda se zan\u00edcen\u00fd brexitista Trussov\u00e1 dok\u00e1\u017ee zbavit sv\u00e9 r\u00e9toriky \u201e <em>my versus oni<\/em>\u00a0\u201c, omezit sv\u00e9 p\u0159edsudky a eurofobii a obnovit mezin\u00e1rodn\u00ed vazby.\u00a0Jej\u00ed schopnost p\u0159ekon\u00e1vat rozd\u00edly zat\u00edm v pozorovateli nevzbuzuje optimismus.\u00a0Za 12 m\u011bs\u00edc\u016f ve funkci ministryn\u011b zahrani\u010d\u00ed jen zhor\u0161ila vztahy se v\u0161emi hlavn\u00edmi mezin\u00e1rodn\u00edmi mocnostmi.\u00a0A jako premi\u00e9rce j\u00ed chyb\u00ed volebn\u00ed mand\u00e1t a podpora ve\u0159ejnosti.<\/p>\n<p>Jej\u00ed schopnosti zat\u00edm neud\u011blaly dojem na sv\u011btov\u00e9 v\u016fdce.\u00a0Americk\u00fd prezident Joe Biden se nezd\u00e1 b\u00fdt nad\u0161en\u00fd, v neposledn\u00ed \u0159ad\u011b kv\u016fli vn\u00edman\u00fdm hrozb\u00e1m ohledn\u011b Belfastsk\u00e9 dohody.\u00a0Jen den pot\u00e9, co Trussov\u00e1 nastoupila do \u00fa\u0159adu, varoval B\u00edl\u00fd d\u016fm politi\u010dku, aby neohro\u017eovala m\u00edr t\u00edm, \u017ee by se pokusila \u201e <em>zru\u0161it<\/em>\u00a0\u201c protokol Severn\u00edho Irska upravuj\u00edc\u00ed hranici mezi Severn\u00edm Irskem a Irskou republikou po Brexitu.\u00a0Washington se tak\u00e9 ob\u00e1v\u00e1, \u017ee jej\u00ed antagonismus v\u016f\u010di EU podkop\u00e1v\u00e1 spole\u010dn\u00e9 \u00fasil\u00ed proti Rusku kv\u016fli jeho akc\u00edm na Ukrajin\u011b.<\/p>\n<p>Ani do Trussov\u00e9 v Evrop\u011b nevkl\u00e1daj\u00ed zvl\u00e1\u0161tn\u00ed nad\u011bje. \u201e\u00a0<em>O\u010dek\u00e1v\u00e1n\u00ed v Berl\u00edn\u011b, Pa\u0159\u00ed\u017ei a Bruselu jsou n\u00edzk\u00e1, co\u017e by mohlo p\u016fsobit v jej\u00ed prosp\u011bch, pokud bude jednat chyt\u0159e<\/em> ,\u201c domn\u00edv\u00e1 se novin\u00e1\u0159.<\/p>\n<p>Rostouc\u00ed rozpory s \u010c\u00ednou a Ruskem mohou tak\u00e9 negativn\u011b ovlivnit jej\u00ed premi\u00e9rsk\u00e9 postaven\u00ed: Nebesk\u00e1 \u0159\u00ed\u0161e odsuzuje \u201e\u00a0<em>imperi\u00e1ln\u00ed mentalitu<\/em> \u201c Foggy Albionu a Kreml opakovan\u011b obvi\u0148uje Trussovou z \u201e <em>barbarstv\u00ed<\/em>\u00a0\u201c.\u00a0Trussov\u00e1 trv\u00e1 na nutnosti vyhnat Rusko z \u00fazem\u00ed Ukrajiny. Nem\u011bla by v\u0161ak zapom\u00ednat, \u017ee neexistuje zp\u016fsob, jak by Z\u00e1pad mohl tohoto po\u017eadavku dos\u00e1hnout, p\u00ed\u0161e Tisdall.<\/p>\n<p>Sloupka\u0159 z Guardianu nal\u00e9h\u00e1 na novou premi\u00e9rku, aby jako prioritu znovu spojila Spojen\u00e9 kr\u00e1lovstv\u00ed s p\u0159\u00e1teli a spojenci na sv\u011btov\u00e9 sc\u00e9n\u011b. Kr\u00e1lovna Al\u017eb\u011bta II se dok\u00e1zala p\u0159izp\u016fsobit jak\u00fdmkoli zm\u011bn\u00e1m a j\u00edt s dobou \u2013 nyn\u00ed mus\u00ed Trussov\u00e1 prok\u00e1zat podobnou obratnost a flexibilitu.<\/p>\n<p><span id=\"span-copy\"><br \/>\n<img decoding=\"async\" loading=\"lazy\" class=\"alignnone size-full wp-image-1185\" src=\"http:\/\/www.infokuryr.cz\/n\/wp-content\/uploads\/2021\/04\/kuryr-podpis.png\" alt=\"\" width=\"84\" height=\"24\" \/><br \/>\n<\/span><\/p>\n<\/div>\n<div><\/div>\n<p>&nbsp;<\/p>\n<p>&nbsp;<\/p>\n<p>&nbsp;<\/p>\n<p>&nbsp;<\/p>\n","protected":false},"excerpt":{"rendered":"<p>Liz Trussov\u00e1 p\u0159evzala funkci premi\u00e9rky v t\u011b\u017ek\u00e9 dob\u011b pro Spojen\u00e9 kr\u00e1lovstv\u00ed: energetick\u00e1 krize a krize&#8230;<\/p>\n","protected":false},"author":2,"featured_media":13568,"comment_status":"closed","ping_status":"closed","sticky":false,"template":"","format":"standard","meta":[],"categories":[7],"tags":[1042,3233,122,303],"_links":{"self":[{"href":"https:\/\/www.infokuryr.cz\/n\/wp-json\/wp\/v2\/posts\/14939"}],"collection":[{"href":"https:\/\/www.infokuryr.cz\/n\/wp-json\/wp\/v2\/posts"}],"about":[{"href":"https:\/\/www.infokuryr.cz\/n\/wp-json\/wp\/v2\/types\/post"}],"author":[{"embeddable":true,"href":"https:\/\/www.infokuryr.cz\/n\/wp-json\/wp\/v2\/users\/2"}],"replies":[{"embeddable":true,"href":"https:\/\/www.infokuryr.cz\/n\/wp-json\/wp\/v2\/comments?post=14939"}],"version-history":[{"count":0,"href":"https:\/\/www.infokuryr.cz\/n\/wp-json\/wp\/v2\/posts\/14939\/revisions"}],"wp:featuredmedia":[{"embeddable":true,"href":"https:\/\/www.infokuryr.cz\/n\/wp-json\/wp\/v2\/media\/13568"}],"wp:attachment":[{"href":"https:\/\/www.infokuryr.cz\/n\/wp-json\/wp\/v2\/media?parent=14939"}],"wp:term":[{"taxonomy":"category","embeddable":true,"href":"https:\/\/www.infokuryr.cz\/n\/wp-json\/wp\/v2\/categories?post=14939"},{"taxonomy":"post_tag","embeddable":true,"href":"https:\/\/www.infokuryr.cz\/n\/wp-json\/wp\/v2\/tags?post=14939"}],"curies":[{"name":"wp","href":"https:\/\/api.w.org\/{rel}","templated":true}]}}