{"id":14899,"date":"2022-09-11T07:12:25","date_gmt":"2022-09-11T05:12:25","guid":{"rendered":"http:\/\/www.infokuryr.cz\/n\/?p=14899"},"modified":"2022-09-11T07:12:25","modified_gmt":"2022-09-11T05:12:25","slug":"biden-potreboval-tahak-aby-mohl-napsat-kondolenci-po-smrti-britske-kralovny","status":"publish","type":"post","link":"https:\/\/www.infokuryr.cz\/n\/2022\/09\/11\/biden-potreboval-tahak-aby-mohl-napsat-kondolenci-po-smrti-britske-kralovny\/","title":{"rendered":"Biden pot\u0159eboval tah\u00e1k, aby mohl napsat kondolenci po smrti britsk\u00e9 kr\u00e1lovny"},"content":{"rendered":"<div id=\"fb-root\"><\/div>\n<p>Kdykoli se Biden objev\u00ed na ve\u0159ejnosti, je patrn\u00e9, \u017ee je pouhou loutkou, jej\u00ed\u017e ka\u017ed\u00fd krok je pln\u011b ovl\u00e1d\u00e1n. Jist\u00e9 je, \u017ee n\u011bkoho podobn\u00e9ho na tomto postu Deep state pot\u0159eboval, nebo\u0165 Biden ud\u011bl\u00e1 zcela bezmy\u0161lenkovit\u011b cokoli, co mu jeho \u201er\u00e1dci\u201c \u0159eknou nebo nap\u00ed\u0161\u00ed na p\u0159i v\u0161ech p\u0159\u00edle\u017eitostech nutn\u00fd tah\u00e1k. A ten pot\u0159ebuje dokonce i v takov\u00fdch p\u0159\u00edpadech, jak\u00fdmi je psan\u00ed kondolence\u2026<\/p>\n<p><a href=\"https:\/\/report24.news\/beileidsbekundungen-nach-tod-der-queen-biden-braucht-spickzettel-fuer-eintrag-ins-kondolenzbuch\/\">Po smrti<\/a> kr\u00e1lovny Al\u017eb\u011bty II. nav\u0161t\u00edvil Joe Biden v doprovodu sv\u00e9 man\u017eelky britskou ambas\u00e1du ve Washingtonu, aby tam podepsal kondolen\u010dn\u00ed knihu. Psan\u00ed kondolenc\u00ed obvykle nen\u00ed \u017e\u00e1dn\u00e1 velk\u00e1 v\u011bda \u2013 prezident Spojen\u00fdch st\u00e1t\u016f v\u0161ak pot\u0159eboval tah\u00e1k, kter\u00fd z\u0159ejm\u011b okop\u00edroval.<\/p>\n<p>Jeho slova tak zcela jist\u011b nepoch\u00e1zela od srdce: Aby Biden zapsal do knihy sv\u00e1 slova sympati\u00ed, tak \u2013 jako obvykle \u2013 vyt\u00e1hl tah\u00e1k, na kter\u00fd se musel p\u0159i psan\u00ed p\u011bti kr\u00e1tk\u00fdch v\u011bt znovu a znovu d\u00edvat.<\/p>\n<p><img decoding=\"async\" class=\"aligncenter\" src=\"https:\/\/pbs.twimg.com\/media\/FcKlugiXoAEHULE?format=jpg&amp;name=small\" alt=\"Obr\u00e1zek\" \/><\/p>\n<div class=\"twitter-tweet twitter-tweet-rendered\"><iframe id=\"twitter-widget-0\" class=\"\" title=\"Twitter Tweet\" src=\"https:\/\/platform.twitter.com\/embed\/Tweet.html?dnt=true&amp;embedId=twitter-widget-0&amp;features=eyJ0ZndfdGltZWxpbmVfbGlzdCI6eyJidWNrZXQiOlsibGlua3RyLmVlIiwidHIuZWUiXSwidmVyc2lvbiI6bnVsbH0sInRmd19ob3Jpem9uX3RpbWVsaW5lXzEyMDM0Ijp7ImJ1Y2tldCI6InRyZWF0bWVudCIsInZlcnNpb24iOm51bGx9LCJ0ZndfdHdlZXRfZWRpdF9iYWNrZW5kIjp7ImJ1Y2tldCI6Im9uIiwidmVyc2lvbiI6bnVsbH0sInRmd19yZWZzcmNfc2Vzc2lvbiI6eyJidWNrZXQiOiJvbiIsInZlcnNpb24iOm51bGx9LCJ0ZndfY2hpbl9waWxsc18xNDc0MSI6eyJidWNrZXQiOiJjb2xvcl9pY29ucyIsInZlcnNpb24iOm51bGx9LCJ0ZndfdHdlZXRfcmVzdWx0X21pZ3JhdGlvbl8xMzk3OSI6eyJidWNrZXQiOiJ0d2VldF9yZXN1bHQiLCJ2ZXJzaW9uIjpudWxsfSwidGZ3X3NlbnNpdGl2ZV9tZWRpYV9pbnRlcnN0aXRpYWxfMTM5NjMiOnsiYnVja2V0IjoiaW50ZXJzdGl0aWFsIiwidmVyc2lvbiI6bnVsbH0sInRmd19leHBlcmltZW50c19jb29raWVfZXhwaXJhdGlvbiI6eyJidWNrZXQiOjEyMDk2MDAsInZlcnNpb24iOm51bGx9LCJ0ZndfZHVwbGljYXRlX3NjcmliZXNfdG9fc2V0dGluZ3MiOnsiYnVja2V0Ijoib24iLCJ2ZXJzaW9uIjpudWxsfSwidGZ3X3R3ZWV0X2VkaXRfZnJvbnRlbmQiOnsiYnVja2V0Ijoib2ZmIiwidmVyc2lvbiI6bnVsbH19&amp;frame=false&amp;hideCard=false&amp;hideThread=false&amp;id=1568004967604146179&amp;lang=cs&amp;origin=https%3A%2F%2Fnecenzurovanapravda.cz%2F2022%2F09%2Fbiden-potreboval-tahak-aby-mohl-napsat-kondolenci-po-smrti-britske-kralovny-video%2F&amp;sessionId=ee6722e6217e0f2f076d58be9e2fe5944e22e210&amp;theme=light&amp;widgetsVersion=1bfeb5c3714e8%3A1661975971032&amp;width=550px\" frameborder=\"0\" scrolling=\"no\" allowfullscreen=\"allowfullscreen\" data-tweet-id=\"1568004967604146179\" data-mce-fragment=\"1\"><\/iframe><\/div>\n<p>Jeho kondolence nebyla v \u017e\u00e1dn\u00e9m p\u0159\u00edpad\u011b slo\u017eit\u00e1 nebo mimo\u0159\u00e1dn\u00e1.\u00a0Biden\u016fv z\u00e1znam byl vyfotografov\u00e1n a lze si jej prohl\u00e9dnout:<\/p>\n<p><img decoding=\"async\" class=\"aligncenter\" src=\"https:\/\/pbs.twimg.com\/media\/FcKzD7PWAAAH5VO?format=jpg&amp;name=small\" alt=\"Obr\u00e1zek\" \/><\/p>\n<p>P\u0159eklad:<\/p>\n<p><em>Americk\u00fd lid dnes truchl\u00ed s lidmi po cel\u00e9m Spojen\u00e9m kr\u00e1lovstv\u00ed a Commonwealthu.\u00a0Al\u017eb\u011bta II definovala \u00e9ru.\u00a0Vedla s trvalou silou a d\u016fstojnost\u00ed a cel\u00fd sv\u016fj \u017eivot zasv\u011btila slu\u017eb\u011b sv\u00e9mu lidu.\u00a0Jill a j\u00e1 nikdy nezapomeneme, \u017ee jsme ji potkali a za\u017eili jej\u00ed v\u0159elost a laskavost.\u00a0Budeme na ni nav\u017edy vzpom\u00ednat.<\/em><\/p>\n<p>U 79let\u00e9ho \u010dlov\u011bka rozhodn\u011b nejsou kognitivn\u00ed deficity a probl\u00e9my s pam\u011bt\u00ed nic neobvykl\u00e9ho. Lid\u00e9 s takov\u00fdmi omezen\u00edmi v\u0161ak nejsou obvykle ve veden\u00ed Spojen\u00fdch st\u00e1t\u016f. Znovu se tedy nab\u00edz\u00ed ot\u00e1zka, kdo vlastn\u011b v USA vl\u00e1dne \u2013 a \u010d\u00ed p\u0159\u00edkazy EU se svou sebevra\u017eednou politikou tak poslu\u0161n\u011b pln\u00ed?<\/p>\n<p><img decoding=\"async\" loading=\"lazy\" class=\"alignnone size-full wp-image-1185\" src=\"http:\/\/www.infokuryr.cz\/n\/wp-content\/uploads\/2021\/04\/kuryr-podpis.png\" alt=\"\" width=\"84\" height=\"24\" \/><\/p>\n<p>&nbsp;<\/p>\n","protected":false},"excerpt":{"rendered":"<p>Kdykoli se Biden objev\u00ed na ve\u0159ejnosti, je patrn\u00e9, \u017ee je pouhou loutkou, jej\u00ed\u017e ka\u017ed\u00fd krok&#8230;<\/p>\n","protected":false},"author":2,"featured_media":14900,"comment_status":"closed","ping_status":"closed","sticky":false,"template":"","format":"standard","meta":[],"categories":[7],"tags":[72,3274,3273],"_links":{"self":[{"href":"https:\/\/www.infokuryr.cz\/n\/wp-json\/wp\/v2\/posts\/14899"}],"collection":[{"href":"https:\/\/www.infokuryr.cz\/n\/wp-json\/wp\/v2\/posts"}],"about":[{"href":"https:\/\/www.infokuryr.cz\/n\/wp-json\/wp\/v2\/types\/post"}],"author":[{"embeddable":true,"href":"https:\/\/www.infokuryr.cz\/n\/wp-json\/wp\/v2\/users\/2"}],"replies":[{"embeddable":true,"href":"https:\/\/www.infokuryr.cz\/n\/wp-json\/wp\/v2\/comments?post=14899"}],"version-history":[{"count":0,"href":"https:\/\/www.infokuryr.cz\/n\/wp-json\/wp\/v2\/posts\/14899\/revisions"}],"wp:featuredmedia":[{"embeddable":true,"href":"https:\/\/www.infokuryr.cz\/n\/wp-json\/wp\/v2\/media\/14900"}],"wp:attachment":[{"href":"https:\/\/www.infokuryr.cz\/n\/wp-json\/wp\/v2\/media?parent=14899"}],"wp:term":[{"taxonomy":"category","embeddable":true,"href":"https:\/\/www.infokuryr.cz\/n\/wp-json\/wp\/v2\/categories?post=14899"},{"taxonomy":"post_tag","embeddable":true,"href":"https:\/\/www.infokuryr.cz\/n\/wp-json\/wp\/v2\/tags?post=14899"}],"curies":[{"name":"wp","href":"https:\/\/api.w.org\/{rel}","templated":true}]}}