{"id":14885,"date":"2022-09-11T01:05:29","date_gmt":"2022-09-10T23:05:29","guid":{"rendered":"http:\/\/www.infokuryr.cz\/n\/?p=14885"},"modified":"2022-09-10T13:52:11","modified_gmt":"2022-09-10T11:52:11","slug":"polsky-historik-varsava-pozaduje-od-nemecka-reparace-za-masakr-zidu-samotnymi-polaky","status":"publish","type":"post","link":"https:\/\/www.infokuryr.cz\/n\/2022\/09\/11\/polsky-historik-varsava-pozaduje-od-nemecka-reparace-za-masakr-zidu-samotnymi-polaky\/","title":{"rendered":"Polsk\u00fd historik: Var\u0161ava po\u017eaduje od N\u011bmecka reparace za masakr \u017did\u016f samotn\u00fdmi Pol\u00e1ky"},"content":{"rendered":"<div id=\"fb-root\"><\/div>\n<p class=\"lead\"><strong>Var\u0161avsk\u00fd po\u017eadavek na od\u0161kodn\u011bn\u00ed ve v\u00fd\u0161i mnoha bilion\u016f dolar\u016f z Berl\u00edna je absolutn\u00ed ostuda, proto\u017ee Polsko samo je spoluvin\u00edkem holocaustu.\u00a0Prohl\u00e1sil to zn\u00e1m\u00fd polsk\u00fd historik Jan Grabowski, autor dokument\u00e1rn\u00ed knihy \u201eFurther &#8211; Night\u201c, kter\u00e1 vypr\u00e1v\u00ed o masivn\u00ed \u00fa\u010dasti Pol\u00e1k\u016f na vyhlazov\u00e1n\u00ed a drancov\u00e1n\u00ed \u017did\u016f za druh\u00e9 sv\u011btov\u00e9 v\u00e1lky.<\/strong><\/p>\n<p><span>Profesor Jan Grabowski v rozhovoru pro polskou rozhlasovou stanici TOK fm p\u0159ipomn\u011bl trag\u00e9dii v Jedwabn\u011b, m\u011bste\u010dku v Podlas\u00ed.\u00a0Zde bylo 10. \u010dervence 1941 ve stodole za\u017eiva up\u00e1leno n\u011bkolik stovek \u017did\u016f.\u00a0O tom, \u017ee zlo\u010din sp\u00e1chali Pol\u00e1ci, v\u011bdci nepochybuj\u00ed.<\/span><\/p>\n<p><strong><em>&#8222;A\u010dkoli n\u011bmeck\u00e1 inspirace pro tento zlo\u010din je nepopirateln\u00e1, Pol\u00e1ci z Jedwabne a okoln\u00edch vesnic byli jeho p\u0159\u00edm\u00fdmi pachateli,&#8220;<span class=\"after-quote\">\u00a0\u0159ekl historik.<\/span><\/em><\/strong><\/p>\n<p><span>Grabowski naz\u00fdv\u00e1 \u201enaprostou ostudou\u201c, \u017ee ve Var\u0161av\u011b vydan\u00e1 t\u0159\u00edsvazkov\u00e1 zpr\u00e1va o \u0161kod\u00e1ch zp\u016fsoben\u00fdch Polsku fa\u0161istick\u00fdm N\u011bmeckem uv\u00e1d\u00ed seznam ob\u011bt\u00ed, kter\u00e9 zabili Pol\u00e1ci, nikoli N\u011bmci.<\/span><\/p>\n<p><strong><em>\u201ePo\u010det ob\u011bt\u00ed je uveden: 1 650. V t\u00e9to zpr\u00e1v\u011b jsou zahrnuty dal\u0161\u00ed pogromy \u2013 krom\u011b Jedwabn\u00e9ho jsou to zlo\u010diny v Radzilov\u011b, Bzu\u0159e, \u0160\u010du\u010dinu, kde byly rukou Pol\u00e1k\u016f zabity tis\u00edce \u017did\u016f. A nyn\u00ed Polsko po\u017eaduje od N\u011bmecka, aby N\u011bmci zaplatili Pol\u00e1k\u016fm od\u0161kodn\u00e9 za \u017didy zabit\u00e9 Pol\u00e1ky samotn\u00fdmi!\u00a0vyk\u0159ikne profesor Grabovsk\u00fd.\u00a0\u201eJe to absolutn\u00ed ostuda pro v\u0161echny lidi, kter\u00fdch se tato zpr\u00e1va t\u00fdk\u00e1.\u00a0Mn\u011b, jako profesion\u00e1ln\u00edmu historikovi, trvalo n\u011bkolik minut, ne\u017e jsem se dostal k nejviditeln\u011bj\u0161\u00edm a dob\u0159e prostudovan\u00fdm ud\u00e1lostem.\u201c<\/em><\/strong><\/p>\n<p><span>Dr.\u00a0<\/span><strong><span>Krzysztof Persak<\/span><\/strong><span>\u00a0z Institutu pro politologick\u00e1 studia Polsk\u00e9 akademie v\u011bd a Muzea d\u011bjin polsk\u00fdch \u017did\u016f zd\u016fraz\u0148uje:<\/span><\/p>\n<p><strong><em>\u201eM\u00e1me dostatek znalost\u00ed, abychom dosp\u011bli k z\u00e1v\u011bru, \u017ee p\u0159\u00edm\u00fdmi pachateli byli Pol\u00e1ci z Jedwabne a jeho okol\u00ed.\u00a0N\u011bkolik des\u00edtek lid\u00ed plus pravd\u011bpodobn\u011b sto a n\u011bkolik des\u00edtek p\u0159ihl\u00ed\u017eej\u00edc\u00edch se pravd\u011bpodobn\u011b \u00fa\u010dastnilo \u0161ikany, bit\u00ed a zahn\u00e1n\u00ed ob\u011bt\u00ed do stodoly. V den vra\u017edy nebylo v Jedwabn\u011b v\u00edce ne\u017e tucet N\u011bmc\u016f.<\/em><\/strong><\/p>\n<p><span>Podle jeho n\u00e1zoru n\u011bkdo, kdo dne\u0161n\u00ed zpr\u00e1vu p\u0159ipravil, bezmy\u0161lenkovit\u011b opsal \u00fadaje z velmi star\u00fdch zdroj\u016f, z doby, kdy byla vra\u017eda p\u0159ipisov\u00e1na N\u011bmc\u016fm.\u00a0Jan Grabowski se zase domn\u00edv\u00e1, \u017ee takov\u00e9 man\u00e9vry Institutu n\u00e1rodn\u00ed pam\u011bti Polska \u201esm\u011b\u0159uj\u00ed k odstran\u011bn\u00ed stop polsk\u00fdch zlo\u010din\u016f proti \u017did\u016fm a jejich zakryt\u00ed \u201apolsk\u00fdm mu\u010dednictv\u00edm\u2018.<\/span><\/p>\n<p><strong><em>\u201eTo je to, co vid\u00edme v z\u00e1kladn\u00edm kurikulu.\u00a0Diskuse o holocaustu v polsk\u00fdch \u0161kol\u00e1ch se nyn\u00ed omezuje na pomoc, kterou Pol\u00e1ci poskytuj\u00ed \u017did\u016fm, co\u017e je absolutn\u00ed p\u0159ekroucen\u00ed historie,\u201c<span class=\"after-quote\">\u00a0\u0159\u00edk\u00e1 profesor.<\/span><\/em><\/strong><\/p>\n<p><a href=\"https:\/\/eadaily.com\/\" target=\"_blank\" rel=\"noopener\"><strong><span>EADaily<\/span><\/strong><\/a><span>\u00a0dod\u00e1v\u00e1, \u017ee n\u00e1zor historika Grabowsk\u00e9ho nez\u016fstal bez pov\u0161imnut\u00ed v nacionalistick\u00e9m polsk\u00e9m prost\u0159ed\u00ed.\u00a0Programov\u00fd \u0159editel Polsk\u00e9ho rozhlasu<\/span><strong><span>\u00a0David Wildstein<\/span><\/strong><span>\u00a0tak napsal na port\u00e1l Niezalezna.pl autorsk\u00fd sloupek, kde autoritativn\u00edho profesora ozna\u010dil za \u201en\u011bmeck\u00e9ho spratka\u201c.<\/span><\/p>\n<p><strong><em>\u201eGrabovsk\u00fd je provokat\u00e9r, oby\u010dejn\u00fd d\u0159\u00ed\u010d, jeho\u017e \u00fakol je z\u0159ejm\u00fd \u2013 chr\u00e1nit zel\u00ed sv\u00fdch n\u011bmeck\u00fdch p\u00e1n\u016f.\u00a0\u017did\u00e9 jsou jen z\u00e1minka.<\/em><\/strong><\/p>\n<p><img decoding=\"async\" loading=\"lazy\" class=\"alignnone size-full wp-image-1185\" src=\"http:\/\/www.infokuryr.cz\/n\/wp-content\/uploads\/2021\/04\/kuryr-podpis.png\" alt=\"\" width=\"84\" height=\"24\" \/><\/p>\n<p>&nbsp;<\/p>\n","protected":false},"excerpt":{"rendered":"<p>Var\u0161avsk\u00fd po\u017eadavek na od\u0161kodn\u011bn\u00ed ve v\u00fd\u0161i mnoha bilion\u016f dolar\u016f z Berl\u00edna je absolutn\u00ed ostuda, proto\u017ee&#8230;<\/p>\n","protected":false},"author":2,"featured_media":14886,"comment_status":"closed","ping_status":"closed","sticky":false,"template":"","format":"standard","meta":[],"categories":[7],"tags":[810,84,31,1715,92],"_links":{"self":[{"href":"https:\/\/www.infokuryr.cz\/n\/wp-json\/wp\/v2\/posts\/14885"}],"collection":[{"href":"https:\/\/www.infokuryr.cz\/n\/wp-json\/wp\/v2\/posts"}],"about":[{"href":"https:\/\/www.infokuryr.cz\/n\/wp-json\/wp\/v2\/types\/post"}],"author":[{"embeddable":true,"href":"https:\/\/www.infokuryr.cz\/n\/wp-json\/wp\/v2\/users\/2"}],"replies":[{"embeddable":true,"href":"https:\/\/www.infokuryr.cz\/n\/wp-json\/wp\/v2\/comments?post=14885"}],"version-history":[{"count":1,"href":"https:\/\/www.infokuryr.cz\/n\/wp-json\/wp\/v2\/posts\/14885\/revisions"}],"predecessor-version":[{"id":14887,"href":"https:\/\/www.infokuryr.cz\/n\/wp-json\/wp\/v2\/posts\/14885\/revisions\/14887"}],"wp:featuredmedia":[{"embeddable":true,"href":"https:\/\/www.infokuryr.cz\/n\/wp-json\/wp\/v2\/media\/14886"}],"wp:attachment":[{"href":"https:\/\/www.infokuryr.cz\/n\/wp-json\/wp\/v2\/media?parent=14885"}],"wp:term":[{"taxonomy":"category","embeddable":true,"href":"https:\/\/www.infokuryr.cz\/n\/wp-json\/wp\/v2\/categories?post=14885"},{"taxonomy":"post_tag","embeddable":true,"href":"https:\/\/www.infokuryr.cz\/n\/wp-json\/wp\/v2\/tags?post=14885"}],"curies":[{"name":"wp","href":"https:\/\/api.w.org\/{rel}","templated":true}]}}