{"id":14864,"date":"2022-09-10T04:38:23","date_gmt":"2022-09-10T02:38:23","guid":{"rendered":"http:\/\/www.infokuryr.cz\/n\/?p=14864"},"modified":"2022-09-10T04:38:23","modified_gmt":"2022-09-10T02:38:23","slug":"evropa-momentalne-celi-totalnimu-financnimu-kolapsu-odbornici-troubi-na-poplach","status":"publish","type":"post","link":"https:\/\/www.infokuryr.cz\/n\/2022\/09\/10\/evropa-momentalne-celi-totalnimu-financnimu-kolapsu-odbornici-troubi-na-poplach\/","title":{"rendered":"Evropa moment\u00e1ln\u011b \u010del\u00ed tot\u00e1ln\u00edmu finan\u010dn\u00edmu kolapsu. Odborn\u00edci troub\u00ed na poplach"},"content":{"rendered":"<div id=\"fb-root\"><\/div>\n<p><span>Z\u00e1padn\u00ed Evropa \u010del\u00ed \u201etot\u00e1ln\u00edmu kolapsu\u201c v d\u016fsledku katastrof\u00e1ln\u00edho nedostatku a zvy\u0161ov\u00e1n\u00ed cen v oblasti potravin, hnojiv, energie a pr\u016fmyslu, varuje David Dubyne v podcastu Situation Update (odkaz na n\u011bj naleznete na konci \u010dl\u00e1nku).<\/span><\/p>\n<p><span>Finan\u010dn\u00ed guru na st\u0159\u00edbro David Morgan, kter\u00fd se tak\u00e9 objevil v podcastu, dod\u00e1v\u00e1, \u017ee evropsk\u00e9 banky \u010del\u00ed mo\u017enosti syst\u00e9mov\u00fdch selh\u00e1n\u00ed (a \u201ebail-in\u016f\u201c \u2013 zachra\u0148ov\u00e1n\u00ed st\u00e1tem)<\/span><\/p>\n<p><span>Hlavn\u00edm d\u016fvodem je jejich vystaven\u00ed trh\u016fm s energi\u00ed (burze) a touze z\u00e1padoevropsk\u00fdch vl\u00e1d nad\u00e1le tla\u010dit nekryt\u00e9 pen\u00edze, aby se pokusili \u0159e\u0161it ni\u010div\u00fd nedostatek energi\u00ed, kter\u00fd je nyn\u00ed ji\u017e nezvratn\u00fd.<\/span><\/p>\n<p><span>Tak\u00e9 americk\u00e9 banky jsou vystaveny evropsk\u00fdm ekonomik\u00e1m, co\u017e znamen\u00e1, \u017ee selh\u00e1n\u00ed z\u00e1padoevropsk\u00fdch bank, vl\u00e1d a m\u011bn se roz\u0161\u00ed\u0159\u00ed jako n\u00e1kaza i do Spojen\u00fdch st\u00e1t\u016f a na dolar.<\/span><\/p>\n<p><span>A \u0159e\u0161en\u00ed je v nedohlednu &#8211; evrop\u0161t\u00ed politici nejsou ochotni by\u0165 jen uva\u017eovat o zvr\u00e1cen\u00ed jejich sebevra\u017eedn\u00fdch politik (sankc\u00ed), kter\u00e9 vedly k t\u00e9to krizi.\u00a0Evropa je odsouzena k simult\u00e1nn\u00edmu kolapsu potravin, energetiky, pr\u016fmyslu, zem\u011bd\u011blstv\u00ed a m\u011bny.<\/span><\/p>\n<p><span>Putin, zd\u00e1 se, p\u0159ece jen nebude muset j\u00edt do v\u00e1lky s NATO.\u00a0Zem\u011b NATO se ni\u010d\u00ed \u00fa\u017easnou rychlost\u00ed samy.<\/span><\/p>\n<h2><span>Smrt kr\u00e1lovny znamen\u00e1 smrt z\u00e1padn\u00ed civilizace<\/span><\/h2>\n<p><span>\u010ctvrte\u010dn\u00ed smrt kr\u00e1lovny Al\u017eb\u011bty II.\u00a0nem\u016f\u017ee b\u00fdt l\u00e9pe na\u010dasov\u00e1na, proto\u017ee smrt z\u00e1padn\u00ed Evropy pravd\u011bpodobn\u011b nebude mnoho pozadu.<\/span><\/p>\n<p><span>Zem\u0159ela nejen kr\u00e1lovna, ale tak\u00e9 zdrav\u00fd rozum, racionalita, finan\u010dn\u00ed rozumnost a zem\u011bd\u011blsk\u00e1 integrita.\u00a0\u017d\u00e1dn\u00e1 civilizace nem\u016f\u017ee p\u0159e\u017e\u00edt bez j\u00eddla, energie a pen\u011bz.\u00a0L\u00edd\u0159i z\u00e1padn\u00ed Evropy jsou p\u0159itom odhodl\u00e1ni \u00fapln\u011b zni\u010dit v\u0161echny t\u0159i.<\/span><\/p>\n<p><span>Nyn\u00ed n\u00e1s d\u011bl\u00ed u\u017e jen p\u00e1r m\u011bs\u00edc\u016f od toho, abychom s hr\u016fzou sledovali jako desetilet\u00ed zvr\u00e1cen\u00e9 politick\u00e9 agendy a \u0161patn\u00fdch politick\u00fdch rozhodnut\u00ed devasta\u010dn\u011b sraz\u00ed z\u00e1padn\u00ed Evropu na kolena.\u00a0Bude to krize, jak\u00e9 jsme nebyli sv\u011bdky od druh\u00e9 sv\u011btov\u00e9 v\u00e1lky.<\/span><\/p>\n<p><span>M\u011b\u0159idlo toho, jak \u0161patn\u00e9 to bude, je \u0161v\u00fdcarsk\u00e1 vl\u00e1da hroz\u00edc\u00ed t\u0159\u00edlet\u00fdm v\u011bzen\u00edm pro ka\u017ed\u00e9ho, kdo vytop\u00ed sv\u016fj byt nebo d\u016fm nad 19 stup\u0148\u016f Celsia.<\/span><\/p>\n<p><span>Zpr\u00e1vy ze \u0160v\u00fdcarska tak\u00e9 uv\u00e1d\u011bj\u00ed, \u017ee trestn\u00fdm \u010dinem bude i oh\u0159\u00edv\u00e1n\u00ed vody nad 60 stup\u0148\u016f Celsia.\u00a0Pokud se to bude vztahovat i na va\u0159en\u00ed, tak pak nikdo ve \u0160v\u00fdcarsku nebude moci va\u0159it vodu, ani\u017e by se nestal zlo\u010dincem.<\/span><\/p>\n<p><span>Zd\u00e1 se, \u017ee \u0161v\u00fdcarsk\u00e1 vl\u00e1da vypust\u00ed mezi lidi \u201eteplotn\u00ed policii\u201c, kter\u00e1 bude vtrh\u00e1vat do domov\u016f lid\u00ed a m\u011b\u0159it jim vnit\u0159n\u00ed teplotu, aby se ujistila, \u017ee nikomu nen\u00ed teplo.\u00a0P\u0159esto\u017ee sv\u016fj d\u016fm vyt\u00e1p\u00edte d\u0159evem, st\u00e1le m\u016f\u017eete j\u00edt do v\u011bzen\u00ed za produkci p\u0159\u00edli\u0161 velk\u00e9ho mno\u017estv\u00ed tepla.<\/span><\/p>\n<h2><span>P\u00e1d Evropy se roz\u0161\u00ed\u0159\u00ed do mnoha dal\u0161\u00edch n\u00e1rod\u016f<\/span><\/h2>\n<p><span>Bohu\u017eel tato destrukce, kterou si sami zp\u016fsobili, p\u00e1dem z\u00e1padn\u00ed Evropy neskon\u010d\u00ed.<\/span><\/p>\n<p><span>Pokud se trajektorie toho v\u0161eho okam\u017eit\u011b nezm\u011bn\u00ed, katastrofa se roz\u0161\u00ed\u0159\u00ed do v\u0161ech z\u00e1padn\u00edch zem\u00ed v\u010detn\u011b Spojen\u00fdch st\u00e1t\u016f, Kanady, Austr\u00e1lie a Japonska, \u010d\u00edm\u017e se sn\u00ed\u017e\u00ed jejich pr\u016fmyslov\u00e1 v\u00fdroba, hodnoty nemovitost\u00ed, HDP a m\u011bny.<\/span><\/p>\n<p><span>D\u00edv\u00e1me se na syst\u00e9mov\u00e9, ne\u00faprosn\u00e9 maz\u00e1n\u00ed eura, jenu a dokonce i dolaru v kombinaci s glob\u00e1ln\u00edmi snahami o dedolarizaci, kter\u00e9 ji\u017e prob\u00edhaj\u00ed v \u010c\u00edn\u011b, Rusku, Indii a Sa\u00fadsk\u00e9 Ar\u00e1bii.\u00a0(Psali jsme o tom ned\u00e1vno v \u010dl\u00e1nku:\u00a0<\/span><a href=\"https:\/\/www.badatel.net\/ako-zapad-zhynie-putin-oznamil-novu-globalnu-rezervnu-menu-brics-co-zmetie-dolar\/\"><span>Jak Z\u00e1pad zhyne: Putin ozn\u00e1mil novou glob\u00e1ln\u00ed rezervn\u00ed m\u011bnu BRICS, co\u017e smete dolar<\/span><\/a><span>\u00a0)<\/span><\/p>\n<p><span>\u00c9ra hojnosti skon\u010dila.\u00a0P\u0159ipravte se na \u00e9ru kolaps\u016f.<\/span><\/p>\n<p><span>Co to znamen\u00e1?<\/span><\/p>\n<p><span>Pokud se okam\u017eit\u011b nep\u0159ijme radik\u00e1ln\u00ed korekce kurzu, Evropa utrp\u00ed v roce 2023 katastrof\u00e1ln\u00ed kolaps, p\u0159i\u010dem\u017e \u201ekolaps\u201c bude definov\u00e1n jako 50 nebo v\u00edce procent podnik\u016f a pr\u016fmyslov\u00fdch odv\u011btv\u00ed p\u0159estane fungovat.<\/span><\/p>\n<p><span>To n\u00e1sledn\u011b zp\u016fsob\u00ed masovou b\u00eddu a rozzloben\u00e1 lidov\u00e1 povst\u00e1n\u00ed na cel\u00e9m kontinentu v kombinaci s rozs\u00e1hl\u00fdm hladomorem a \u00famrt\u00edmi v d\u016fsledku mraz\u016f.<\/span><\/p>\n<h2><span>USA zkolabuj\u00ed stejn\u011b jako Evropa<\/span><\/h2>\n<p><span>Ke kolapsu Spojen\u00fdch st\u00e1t\u016f dojde o n\u011bco pozd\u011bji.\u00a0Bude n\u011bjakou dobu trvat, ne\u017e se naplno projev\u00ed, ale je tak\u00e9 nezbytn\u00fd.\u00a0Dolar bude brzy histori\u00ed a finan\u010dn\u00ed solventnost americk\u00e9 vl\u00e1dy se vypa\u0159\u00ed prakticky z ve\u010de\u0159e do r\u00e1na.<\/span><\/p>\n<p><span>Zd\u00e1 se, \u017ee v USA i Evrop\u011b to skon\u010d\u00ed masov\u00fdmi povst\u00e1n\u00edmi, vzpoury a n\u00e1siln\u00fdmi revolucemi.\u00a0Nen\u00ed divu, \u017ee se globalist\u00e9 zoufale sna\u017e\u00ed zab\u00edt miliardy lid\u00ed vakc\u00ednov\u00fdmi biologick\u00fdmi zbran\u011bmi a um\u011ble vyvolan\u00fdm hladomorem.<\/span><\/p>\n<p><span>\u010c\u00e1st tohoto \u00fasil\u00ed je mimochodem z\u00e1m\u011brn\u00e1 a napl\u00e1novan\u00e1.\u00a0D\u016fvodem je snaha z\u00e1padn\u00edch st\u00e1t\u016f o \u201evy\u010di\u0161t\u011bn\u00ed sv\u00fdch \u00fa\u010detn\u00edch knih\u201c od dluh\u016f vyhl\u00e1\u0161en\u00edm vy\u0161\u0161\u00ed moci, a t\u00edm zru\u0161it v\u0161echny finan\u010dn\u00ed z\u00e1vazky v\u016f\u010di v\u011b\u0159itel\u016fm \u2013 jak dr\u017eitel\u016fm st\u00e1tn\u00edch dluhopis\u016f, tak n\u00e1rokovatel\u016fm z rad vlastn\u00edch obyvatel.<\/span><\/p>\n<p><span>Ka\u017ed\u00fd, kdo pob\u00edr\u00e1 nap\u0159\u00edklad st\u00e1tn\u00ed d\u016fchod, z\u016fstane na sucho.\u00a0Je\u0161t\u011b hor\u0161\u00ed je, \u017ee kdy\u017e bude naplno zrealizov\u00e1n &#8220;\u00a0<\/span><a href=\"https:\/\/www.badatel.net\/velky-reset-prichadza-rychlo-a-nic-uz-nebude-take-ako-predtym\/\" target=\"_blank\" rel=\"noopener\"><span>Velk\u00fd reset<\/span><\/a><span>\u00a0&#8222;, tak ti, kte\u0159\u00ed dr\u017e\u00ed m\u011bny jako euro, jen nebo dolar, budou \u0161\u0165astn\u00ed, pokud dostanou 5 cent\u016f z ka\u017ed\u00e9ho dolaru dr\u017een\u00e9ho v ciz\u00ed m\u011bn\u011b.<\/span><\/p>\n<p><span>Jin\u00fdmi slovy, ani v\u0161em t\u011bm gr\u00e1zl\u016fm, kte\u0159\u00ed pracovali pro st\u00e1t, nezbude nic.\u00a0To zahrnuje 87 000 nov\u00fdch da\u0148ov\u00fdch kontrolor\u016f, \u200b\u200bkte\u0159\u00ed si st\u00e1le mysl\u00ed, \u017ee budou terorizovat Ameri\u010dany a budou se m\u00edt dob\u0159e, ale brzy se i oni ocitnou u kontejner\u016f hledaj\u00edc zbytky j\u00eddla.<\/span><\/p>\n<h2><span>Expert na ekonomii Tuomas Melinen varuje, \u017ee od evropsk\u00e9 katastrofy n\u00e1s mohou d\u011blit jen \u201et\u00fddny\u201c<\/span><\/h2>\n<p><em><span>\u201e\u0158\u00edk\u00e1m v\u00e1m, \u017ee situace v Evrop\u011b je mnohem hor\u0161\u00ed, ne\u017e mnoz\u00ed ch\u00e1pou<\/span><\/em><span>\u00a0,\u201c napsal na Twitteru Tuomas Malinen, PhD a gener\u00e1ln\u00ed \u0159editel GnS Economics v Helsink\u00e1ch ve Finsku.<\/span><\/p>\n<p><em><span>\u201eJsme v podstat\u011b na pokraji dal\u0161\u00ed bankovn\u00ed krize, kolapsu na\u0161\u00ed pr\u016fmyslov\u00e9 z\u00e1kladny a dom\u00e1cnost\u00ed, a tedy na pokraji kolapsu na\u0161ich ekonomik.\u201c<\/span><\/em><\/p>\n<p><span>Malinen tak\u00e9 p\u00ed\u0161e na platform\u011b\u00a0<\/span><a href=\"https:\/\/mtmalinen.substack.com\/\" target=\"_blank\" rel=\"noopener\"><span>Substack.com<\/span><\/a><span>\u00a0a m\u00e1 tak\u00e9 sloupky publikovan\u00e9 na port\u00e1lu\u00a0<\/span><a href=\"https:\/\/www.theepochtimes.com\/author-tuomas-malinen\" target=\"_blank\" rel=\"noopener\"><span>The Epoch Times<\/span><\/a><span>\u00a0.<\/span><\/p>\n<p><span>Malinen d\u00e1le varuje lidi, aby se z\u00e1sobili j\u00eddlem, vodou, hotovost\u00ed a d\u0159evem, v podstat\u011b jde o \u201e\u00faplnou p\u0159\u00edpravu\u201c pro ka\u017ed\u00e9ho, kdo sleduje situaci a je ochoten naslouchat.\u00a0Je smutn\u00e9, \u017ee v\u011bt\u0161ina Evropan\u016f a v\u011bt\u0161ina Ameri\u010dan\u016f st\u00e1le nenaslouch\u00e1 a kdy\u017e nakonec dojde ke kolapsu, budou na situaci zcela nep\u0159ipraveni.<\/span><\/p>\n<p><span>Malinen \u0159\u00edk\u00e1, \u017ee Evropa m\u00e1 jen \u201et\u00fddny\u201c nebo maxim\u00e1ln\u011b m\u011bs\u00edce, ne\u017e ji zas\u00e1hne \u201ezmatek\u201c.<\/span><\/p>\n<h2><span>Poslechn\u011bte si dal\u0161\u00ed dva odborn\u00edky: Morgana a Dubyna, kte\u0159\u00ed odhaluj\u00ed pravdu o pen\u011bz\u00edch, j\u00eddle a zem\u011bd\u011blstv\u00ed<\/span><\/h2>\n<p><span>Nejnov\u011bj\u0161\u00ed podcast Situation Update je dvouhodinov\u00e9 speci\u00e1ln\u00ed vyd\u00e1n\u00ed s Davidem Morganem a Davidem Dubynem v kombinaci s vlastn\u00ed anal\u00fdzou Mike Adamse, kter\u00e1 p\u0159edpov\u00edd\u00e1 zni\u010duj\u00edc\u00ed z\u00e1v\u011br pro lidstvo.<\/span><\/p>\n<p><span>Podle Mike Adamse jde o\u00a0<\/span><a href=\"https:\/\/www.brighteon.com\/154448a9-484e-4bab-80a6-059753c14e81\" target=\"_blank\" rel=\"noopener\"><span>nejd\u016fle\u017eit\u011bj\u0161\u00ed podcast<\/span><\/a><span>\u00a0roku (zat\u00edm) a stoj\u00ed za to si ho po\u0159\u00e1dn\u011b poslechnout (v angli\u010dtin\u011b):<\/span><\/p>\n<p><iframe loading=\"lazy\" src=\"https:\/\/www.brighteon.com\/embed\/154448a9-484e-4bab-80a6-059753c14e81\" width=\"580\" height=\"326\" frameborder=\"0\" allowfullscreen=\"allowfullscreen\" data-mce-fragment=\"1\"><\/iframe><\/p>\n<p><span>Autor: Mike Adams, Zdroj:\u00a0<\/span><a href=\"https:\/\/www.naturalnews.com\/2022-09-08-western-europe-now-facing-total-financial-collapse-experts-sound-alarm.html\" target=\"_blank\" rel=\"noopener\"><span>naturalnews.com<\/span><\/a><span>\u00a0<\/span><\/p>\n<p>&nbsp;<\/p>\n","protected":false},"excerpt":{"rendered":"<p>Z\u00e1padn\u00ed Evropa \u010del\u00ed \u201etot\u00e1ln\u00edmu kolapsu\u201c v d\u016fsledku katastrof\u00e1ln\u00edho nedostatku a zvy\u0161ov\u00e1n\u00ed cen v oblasti potravin,&#8230;<\/p>\n","protected":false},"author":2,"featured_media":11781,"comment_status":"closed","ping_status":"closed","sticky":false,"template":"","format":"standard","meta":[],"categories":[7],"tags":[3268,59,283,45,371],"_links":{"self":[{"href":"https:\/\/www.infokuryr.cz\/n\/wp-json\/wp\/v2\/posts\/14864"}],"collection":[{"href":"https:\/\/www.infokuryr.cz\/n\/wp-json\/wp\/v2\/posts"}],"about":[{"href":"https:\/\/www.infokuryr.cz\/n\/wp-json\/wp\/v2\/types\/post"}],"author":[{"embeddable":true,"href":"https:\/\/www.infokuryr.cz\/n\/wp-json\/wp\/v2\/users\/2"}],"replies":[{"embeddable":true,"href":"https:\/\/www.infokuryr.cz\/n\/wp-json\/wp\/v2\/comments?post=14864"}],"version-history":[{"count":0,"href":"https:\/\/www.infokuryr.cz\/n\/wp-json\/wp\/v2\/posts\/14864\/revisions"}],"wp:featuredmedia":[{"embeddable":true,"href":"https:\/\/www.infokuryr.cz\/n\/wp-json\/wp\/v2\/media\/11781"}],"wp:attachment":[{"href":"https:\/\/www.infokuryr.cz\/n\/wp-json\/wp\/v2\/media?parent=14864"}],"wp:term":[{"taxonomy":"category","embeddable":true,"href":"https:\/\/www.infokuryr.cz\/n\/wp-json\/wp\/v2\/categories?post=14864"},{"taxonomy":"post_tag","embeddable":true,"href":"https:\/\/www.infokuryr.cz\/n\/wp-json\/wp\/v2\/tags?post=14864"}],"curies":[{"name":"wp","href":"https:\/\/api.w.org\/{rel}","templated":true}]}}