{"id":14857,"date":"2022-09-10T04:07:51","date_gmt":"2022-09-10T02:07:51","guid":{"rendered":"http:\/\/www.infokuryr.cz\/n\/?p=14857"},"modified":"2022-09-10T04:07:51","modified_gmt":"2022-09-10T02:07:51","slug":"rise-roztahuje-kridla","status":"publish","type":"post","link":"https:\/\/www.infokuryr.cz\/n\/2022\/09\/10\/rise-roztahuje-kridla\/","title":{"rendered":"\u0158\u00ed\u0161e roztahuje k\u0159\u00eddla"},"content":{"rendered":"<div id=\"fb-root\"><\/div>\n<p><span style=\"font-size: 18pt;\"><strong>Globalist\u00e9 p\u0159ikryli Angli\u00ed oponou a p\u0159ipravuj\u00ed v\u00e1le\u010dn\u00fd stav v houstnouc\u00ed Evrop\u011b<\/strong><\/span><\/p>\n<section class=\"perex\">Hlavn\u00ed historick\u00fd protivn\u00edk Ruska, Velk\u00e1 Brit\u00e1nie, se rozhodl pro premi\u00e9ra. Mezi rusofobn\u00edho hlup\u00e1ka s nejasnou pov\u011bst\u00ed, fobika z migrant\u016f a \u010c\u00ed\u0148ana a SEAL dosadili Trussovou. Krom\u011b toho se tak stalo navzdory \u0161oku lid\u00ed nejen v Brit\u00e1nii, ale i na Z\u00e1pad\u011b \u2013 ti za\u010d\u00ednaj\u00ed ch\u00e1pat, \u017ee jsou pod z\u00e1minkou v\u00e1lky s Ruskem odsouzeni k chudob\u011b a otroctv\u00ed. Za\u010d\u00ednaj\u00ed ch\u00e1pat a vych\u00e1zej\u00ed protestovat, ale po dvou letech zbab\u011blosti a pat\u0159i\u010dn\u00e9ho v\u00fdcviku s nimi nikdo nebude v\u00e1\u017en\u011b jednat. V Brit\u00e1nii a N\u011bmecku se hovo\u0159\u00ed o zapojen\u00ed arm\u00e1dy do potla\u010dov\u00e1n\u00ed nepokoj\u016f. Zbytek nebude n\u00e1sledovat a po \u201ehork\u00e9 zim\u011b\u201c tam kone\u010dn\u011b spadne \u201edemokratick\u00e1 opona\u201c a v\u0161e se vr\u00e1t\u00ed do \u201ez\u00e1kladn\u00edho nastaven\u00ed\u201c 30. let, nebo\u0165 \u0158\u00ed\u0161e \u201eb\u00e1je\u010dn\u00e9ho nov\u00e9ho sv\u011bta\u201c rozt\u00e1hne k\u0159\u00eddla. A do t\u00e9 doby mus\u00edme obst\u00e1t a zv\u00edt\u011bzit, proto\u017ee sv\u011bt op\u011bt nem\u00e1 jinou nad\u011bji ne\u017e Rusko.<\/p>\n<\/section>\n<section class=\"clanek-obsah\">Dnes do\u0161lo k dal\u0161\u00ed p\u0159elomov\u00e9 ud\u00e1losti. Poprv\u00e9 v Brit\u00e1nii bude premi\u00e9rem hlup\u00e1k, kter\u00e9ho zcela \u0159\u00edd\u00ed a kontroluj\u00ed nadkontinent\u00e1ln\u00ed elity. A pokud jde o du\u0161evn\u00ed zp\u016fsobilost, nen\u00ed to n\u00e1\u0161 n\u00e1zor, ale opr\u00e1vn\u011bn\u00e1 diagn\u00f3za, kterou j\u00ed ud\u011blili jej\u00ed spoluob\u010dan\u00e9 pot\u00e9, co podpo\u0159ila z\u00e1kaz \u201eb\u00edl\u00fdch spisovatel\u016f\u201c na univerzit\u00e1ch \u201ekv\u016fli rasismu\u201c. \u0158e\u010d je o Lise Trussov\u00e9, kter\u00e1 byla pov\u00fd\u0161ena na premi\u00e9rku, tedy de facto hlavu st\u00e1tu. Abychom si ujasnili, kdo je tato mlad\u00e1 d\u00e1ma, uv\u00e1d\u00edme \u017eivotopis od autora knihy Zavtra Alexeje Ivanova: \u201eElizabeth Mary \u201eLiz\u201c Trussov\u00e1 se narodila p\u0159ed 46 lety v Oxfordu v rodin\u011b trockistick\u00fdch \u010dlen\u016f Kampan\u011b za jadern\u00e9 odzbrojen\u00ed (CND). Byla tak\u00e9 levicovou pacifistkou a na Oxfordsk\u00e9 univerzit\u011b vedla bu\u0148ku Mlad\u00fdch liber\u00e1l\u016f, pot\u00e9 se sna\u017eila ud\u011blat kari\u00e9ru v Liber\u00e1ln\u00edch demokratech, kte\u0159\u00ed byli sou\u010d\u00e1st\u00ed Liber\u00e1ln\u00ed internacion\u00e1ly. Nevy\u0161lo to, p\u0159e\u0161la do Konzervativn\u00ed strany. Pracovala na r\u016fzn\u00fdch pozic\u00edch v nadn\u00e1rodn\u00edch spole\u010dnostech Shell a Cable &amp; Wireless. Pravideln\u011b ne\u00fasp\u011b\u0161n\u00e1 ve volb\u00e1ch; nakonec byla v roce 2010 zvolena do Doln\u00ed sn\u011bmovny. V n\u00e1sleduj\u00edc\u00edm roce zalo\u017eila libertari\u00e1nskou skupinu\u00a0<i>Free Enterprise Group<\/i>. Pod\u00e1vala nejr\u016fzn\u011bj\u0161\u00ed petice, sna\u017eila se z\u00edskat publicitu, kde se dalo.<\/p>\n<p>Dal\u0161\u00ed kari\u00e9ra (od z\u00e1\u0159\u00ed 2012) mimo\u0159\u00e1dn\u011b aktivn\u00edho bl\u00e1zna: parlamentn\u00ed asistentka st\u00e1tn\u00edho tajemn\u00edka pro vzd\u011bl\u00e1v\u00e1n\u00ed, ministryn\u011b \u017eivotn\u00edho prost\u0159ed\u00ed, potravin\u00e1\u0159stv\u00ed a venkova, ministryn\u011b spravedlnosti, lord kancl\u00e9\u0159, hlavn\u00ed tajemnice ministerstva financ\u00ed, ministryn\u011b zahrani\u010dn\u00edho obchodu, p\u0159edsedkyn\u011b Rady pro obchod Spojen\u00e9ho kr\u00e1lovstv\u00ed, ministryn\u011b pro \u017eeny a rovn\u00e9 p\u0159\u00edle\u017eitosti. Dne 15.9.2021 je tato \u017eena s mnoha funkcemi jmenov\u00e1na ministryn\u00ed zahrani\u010d\u00ed Spojen\u00e9ho kr\u00e1lovstv\u00ed ve druh\u00e9 vl\u00e1d\u011b Borise Johnsona.\u201c<\/p>\n<p>Stoj\u00ed za to dodat, \u017ee Trussov\u00e1 byla b\u011bhem sv\u00e9ho p\u016fsoben\u00ed na britsk\u00e9m ministerstvu zem\u011bd\u011blstv\u00ed a ministerstvu spravedlnosti zapletena do skand\u00e1l\u016f spojen\u00fdch s nekompetentnost\u00ed a jej\u00ed p\u016fsoben\u00ed na ministerstvu \u0161kolstv\u00ed bylo poznamen\u00e1no legend\u00e1rn\u00edmi z\u00e1kazy vstupu na univerzity \u201eb\u00edl\u00fdm spisovatel\u016fm\u201c a \u201eb\u00edl\u00fdm filozof\u016fm\u201c kv\u016fli \u201erasismu\u201c. Obecn\u011b je tato mlad\u00e1 d\u00e1ma tak \u201etvrd\u00e1 profesion\u00e1lka\u201c, \u017ee i \u201ena\u0161e\u201c Golikova v jej\u00edm sv\u011btle vypad\u00e1 t\u00e9m\u011b\u0159 jako amat\u00e9rka. Ideologick\u00fd rusofob, kter\u00fd je p\u0159esv\u011bd\u010den, \u017ee pr\u00e1v\u011b existence Ruska br\u00e1n\u00ed LGBT lidem, aby byli na Z\u00e1pad\u011b \u0161\u0165astn\u00ed jako zelen\u00ed, je skute\u010dn\u011b diagn\u00f3za.<\/p>\n<p><strong>A jej\u00ed v\u00fdroky by se v podstat\u011b daly tesat:<\/strong><\/p>\n<p>\u2013 Brit\u00e1nie nikdy neuzn\u00e1 ruskou svrchovanost nad Voron\u011b\u017e\u00ed a Rostovem.<br \/>\n\u2013 M\u011bla jsem obavy, ale ne deprese. Jsem nenapraviteln\u00e1 optimistka.<br \/>\n\u2013 Byla jsem p\u0159ipravena Sergeji Lavrovovi vynadat. A jsem p\u0159ipravena vyzvat Putina k p\u0159\u00edm\u00e9mu rozhovoru za \u00fa\u010dasti velk\u00fdch zem\u00ed, jako je Indie, Indon\u00e9sie. P\u016fjdu na summit G20 a pozvu ho na rozhovor.<br \/>\n\u2013 Nebudeme m\u00edt klid, dokud nebude rusk\u00e1 ekonomika zni\u010dena.<br \/>\n\u2013 \u017deny by nem\u011bly b\u00fdt p\u0159\u00edli\u0161 h\u00e1kliv\u00e9, pokud jde o vyd\u011bl\u00e1v\u00e1n\u00ed pen\u011bz.<br \/>\n\u2013 Ekonomika a finance jsou pro \u017eeny posledn\u00ed hranic\u00ed. Je to posledn\u00ed v\u011bc, kterou dobudou. Proto\u017ee z\u00e1kladem moci je kontrola financ\u00ed.<br \/>\n\u2013 Mysl\u00edm, \u017ee pou\u017eit\u00ed jadern\u00fdch zbran\u00ed je d\u016fle\u017eitou odpov\u011bdnost\u00ed p\u0159edsedy vl\u00e1dy. Jsem p\u0159ipravena stisknout jadern\u00fd knofl\u00edk.<br \/>\n\u2013 V\u017edy mluv\u00edm jasn\u011b a srozumiteln\u011b, proto\u017ee lid\u00e9 jsou unaveni z politik\u016f, kte\u0159\u00ed toho nazna\u010duj\u00ed p\u0159\u00edli\u0161 mnoho mezi \u0159\u00e1dky.<br \/>\n\u2013 Mus\u00edm p\u0159iznat, \u017ee pizzu nem\u00e1m r\u00e1da. Miluji ji! A jsem ochotna ud\u011blat cokoli, abych dostala aspo\u0148 kousek.<\/p>\n<p>Celkov\u011b vzato, kdyby se n\u011bco podobn\u00e9ho stalo p\u0159ed deseti lety, v letech, kdy Brit\u00e1nie m\u011bla pln\u00e1 b\u0159icha, jako se to stalo v p\u0159\u00edpad\u011b Trudeaua v Kanad\u011b, v\u0161ichni by se zasm\u00e1li a vy\u0161um\u011blo by to. Ale tady se Trussov\u00e1 dostala do roku, kdy miliony lid\u00ed v zemi mohou z\u016fstat v zim\u011b bez topen\u00ed, proto\u017ee nemohou platit \u00fa\u010dty, 30 % nebo ka\u017ed\u00fd t\u0159et\u00ed podnik ozn\u00e1mil, \u017ee je ohro\u017een uzav\u0159en\u00edm, co\u017e tak\u00e9 hroz\u00ed masovou chudobou, a ceny potravin se mnohon\u00e1sobn\u011b zv\u00fd\u0161ily. Brit\u016fm ani Evropan\u016fm obecn\u011b nen\u00ed do sm\u00edchu.<\/p>\n<p>Ve Velk\u00e9 Brit\u00e1nii si ob\u010dan\u00e9 nebudou sm\u011bt va\u0159it j\u00eddlo do 20:00 a hospody budou otev\u0159eny pouze do 21:00. Pra\u010dky, my\u010dky a trouby budou zak\u00e1z\u00e1ny od 14 do 20 hodin. Hospody budou muset zhasnout ve 21:00 a posledn\u00ed objedn\u00e1vky se budou p\u0159ij\u00edmat ve 20:30. (Auto\u0159i z\u0159ejm\u011b \u010derpaj\u00ed z tohoto \u010dl\u00e1nku:\u00a0<a href=\"https:\/\/www.dailymail.co.uk\/news\/article-11173211\/Life-Blackout-Britain-Experts-warn-energy-rationing-winter.html\" target=\"_blank\" rel=\"external noopener\">Life in Blackout Britain: Experts warn energy rationing this winter could see people told not to cook until after 8pm, pubs close at 9pm, &#8218;three-day-a-week&#8216; school, care homes cancel outings for residents and swimming pools left unheated<\/a>, pozn\u00e1mka editora) Krom\u011b toho podle MakeUK, federace britsk\u00fdch tov\u00e1ren, 13 % tov\u00e1ren ji\u017e zkr\u00e1tilo pracovn\u00ed dobu nebo se vyh\u00fdbaj\u00ed \u0161pi\u010dk\u00e1m, zat\u00edmco 7 % zastavuje v\u00fdrobu na del\u0161\u00ed dobu. Nav\u00edc se zem\u011b p\u0159ipravuje na v\u00e1lku s vlastn\u00edmi lidmi.<\/p>\n<p>O\u010dek\u00e1van\u00e9 v\u0159en\u00ed Evropan\u016f na soci\u00e1ln\u00edch s\u00edt\u00edch se s po\u010d\u00e1tkem podzimu rozlilo do ulic a op\u011bt zru\u0161ilo celou z\u00e1padn\u00ed sociologii.\u00a0 Uk\u00e1zalo se, \u017ee ne v\u0161ichni tam byli ochotni tolerovat a platit za v\u00e1lku na Ukrajin\u011b a vlastn\u011b i za zotro\u010den\u00ed Evropan\u016f, ale pouze men\u0161ina na \u00farovni aktivist\u016f \u2013 stoupenc\u016f \u201eBrave New World\u201c od \u00fachyl\u016f, feministek, trockist\u016f r\u016fzn\u00e9ho ra\u017een\u00ed a\u017e po \u201ezelen\u00e9\u201c.<\/p>\n<p>Na ja\u0159e, na pozad\u00ed likvidace koronaviru a p\u0159\u00edb\u011bh\u016f o tom, \u017ee v\u0161e bude snadn\u00e9 a jednoduch\u00e9, te\u010f bohat\u00e1 Evropa potrest\u00e1 chud\u00e9 Rusko, byli Evropan\u00e9 pom\u011brn\u011b loaj\u00e1ln\u00ed k tomu, co se d\u011bje na tzv. Ukrajin\u011b. V l\u00e9t\u011b se v\u0161ak uk\u00e1zalo, \u017ee nejen\u017ee byli op\u011bt podvedeni, ale \u017ee byli \u201emilov\u00e1ni\u201c t\u00edm nejzvr\u00e1cen\u011bj\u0161\u00edm zp\u016fsobem, proto\u017ee ke covidov\u00fdm omezen\u00edm se p\u0159idala hrozba, \u017ee kv\u016fli opi\u010d\u00edm ne\u0161tovic\u00edm budou zase v\u0161ichni zav\u0159eni, a ekonomika se nejen\u017ee nevr\u00e1tila k r\u016fstu, ale propadla se a\u017e na dno a na to v\u0161echno doplat\u00ed oby\u010dejn\u00ed m\u011b\u0161\u0165an\u00e9. Nakonec, a\u017e zaplat\u00ed za konfrontaci s Ruskem, budou nahn\u00e1n\u00ed zp\u011bt do st\u00e1n\u00ed.<\/p>\n<p>Evropan\u00e9 se s t\u00edm necht\u011bli sm\u00ed\u0159it a zah\u00e1jili obvykl\u00e9 protesty. Hospod\u00e1\u0159sk\u00e1 krize vyvolala na Slovensku politickou krizi. P\u0159edseda vl\u00e1dy Eduard Heger dnes ozn\u00e1mil rozpu\u0161t\u011bn\u00ed vl\u00e1dn\u00ed koalice. Jeho prohl\u00e1\u0161en\u00ed citoval Slovensk\u00fd rozhlas.<\/p>\n<p>N\u011bmecko zu\u0159\u00ed. Den p\u0159edt\u00edm vy\u0161li obyvatel\u00e9 Kol\u00edna nad R\u00fdnem podpo\u0159it Rusko. Asi 400 protestuj\u00edc\u00edch pochodovalo ulicemi s rusk\u00fdmi vlajkami za zvuku bubn\u016f. Po\u017eadovali, aby n\u011bmeck\u00e9 \u00fa\u0159ady zru\u0161ily sankce uvalen\u00e9 na Rusko, spustily Nord Stream 2 a p\u0159estaly dod\u00e1vat zbran\u011b na Ukrajinu. Hesla aktivist\u016f obsahovala tak\u00e9 n\u00e1sleduj\u00edc\u00ed: \u201ePry\u010d se \u0161kodliv\u00fdmi sankcemi!\u201c a \u201eProti roz\u0161i\u0159ov\u00e1n\u00ed NATO na v\u00fdchod!\u201c.<\/p>\n<p>Je\u0161t\u011b p\u0159edt\u00edm, 1. z\u00e1\u0159\u00ed, Mark Bernhard, \u010dlen v\u00fdboru pro energetiku a ochranu klimatu Spolkov\u00e9ho sn\u011bmu za stranu Alternativa pro N\u011bmecko, upozornil, \u017ee by tento m\u011bs\u00edc mohlo doj\u00edt k velk\u00fdm demonstrac\u00edm kv\u016fli energetick\u00e9 krizi v N\u011bmecku. Podle jeho n\u00e1zoru byl n\u00e1r\u016fst cen v N\u011bmecku zp\u016fsoben dlouholetou nepromy\u0161lenou vl\u00e1dn\u00ed politikou a sou\u010dasn\u00e1 situace jej jen zhor\u0161ila. Koncem srpna ozn\u00e1mila n\u011bmeck\u00e1 pravicov\u00e1 opozi\u010dn\u00ed strana Alternativa pro N\u011bmecko (AdG), \u017ee 8. \u0159\u00edjna pl\u00e1nuje v Berl\u00edn\u011b uspo\u0159\u00e1dat velk\u00e9 shrom\u00e1\u017ed\u011bn\u00ed, na n\u011bm\u017e bude po\u017eadovat, aby n\u011bmeck\u00e9 \u00fa\u0159ady spustily plynovod Nord Stream 2.<\/p>\n<p>V sobotu 3. z\u00e1\u0159\u00ed ve\u010der se na V\u00e1clavsk\u00e9m n\u00e1m\u011bst\u00ed v Praze konalo protivl\u00e1dn\u00ed shrom\u00e1\u017ed\u011bn\u00ed, kter\u00e9ho se z\u00fa\u010dastnilo asi 70 000 lid\u00ed. Na protestu se se\u0161li z\u00e1stupci organizac\u00ed, politick\u00fdch stran a ob\u010dan\u016f, kte\u0159\u00ed nesouhlas\u00ed se sou\u010dasnou politikou \u010cesk\u00e9 republiky a po\u017eaduj\u00ed jej\u00ed zm\u011bnu. \u010ce\u0161i vy\u0161li s hesly proti EU, NATO, premi\u00e9rovi Petru Fialovi a zelen\u00e9 ekonomice pro Evropu.<\/p>\n<p>V Amsterdamu vy\u0161ly na n\u00e1m\u011bst\u00ed stovky demonstrant\u016f, aby protestovaly proti vl\u00e1d\u011b a politice nizozemsk\u00e9ho premi\u00e9ra Marka Rutteho. Protestuj\u00edc\u00ed po\u017eadovali zru\u0161en\u00ed sankc\u00ed a zprovozn\u011bn\u00ed plynovodu Nord Stream 2. Protestuj\u00edc\u00ed k\u0159i\u010deli \u201ePry\u010d s kabinetem premi\u00e9ra Rutteho\u201c.<\/p>\n<p>V Pa\u0159\u00ed\u017ei se konaly celosv\u011btov\u00e9 protesty kv\u016fli nespokojenosti s politikou francouzsk\u00e9ho l\u00eddra Emmanuela Macrona. Pa\u0159\u00ed\u017ean\u00e9 skandovali: \u201ePry\u010d s prezidentem\u201c.<\/p>\n<p>V Belgii, Francii a Nizozemsku pokra\u010duj\u00ed st\u00e1vky zem\u011bd\u011blc\u016f, kte\u0159\u00ed jsou na pokraji bankrotu, zat\u00edmco v It\u00e1lii za\u010dali ob\u010dan\u00e9 p\u00e1lit sv\u00e9 \u00fa\u010dty za ve\u0159ejn\u00e9 slu\u017eby pot\u00e9, co byly tarify ztrojn\u00e1sobeny.<\/p>\n<p>Na podzim se na protesty p\u0159ipravuje tak\u00e9 Rakousko. Hermel Kickl, p\u0159edseda rakousk\u00fdch Svobodn\u00fdch: \u201eV roce 2020 st\u00e1la jedna megawatt hodina elekt\u0159iny 33 eur. V roce 2022, v polovin\u011b srpna, 562 eur. To je obrovsk\u00fd n\u00e1r\u016fst! Kdo by to m\u011bl zaplatit! \u0158\u00edkaj\u00ed n\u00e1m \u201ebu\u010fte pros\u00edm trp\u011bliv\u00ed&#8230;\u201c \u2013 Co je to za v\u00fdzvu?! Je to cena za m\u00edr a svobodu? Ne, to je cena, kterou mus\u00edme platit za nezodpov\u011bdn\u00e9 a hloup\u00e9 politiky!\u201c<\/p>\n<p>Zd\u00e1 se, \u017ee vrchol protest\u016f se o\u010dek\u00e1v\u00e1 v \u0159\u00edjnu-listopadu a bude to tak \u2013 osv\u00edcen\u00ed Evropan\u00e9 svrhnou ne\u017e\u00e1douc\u00ed politiky, ale pak se stala dal\u0161\u00ed ud\u00e1lost, kterou jsme o\u010dek\u00e1vali a p\u0159edpov\u00eddali u\u017e v lednu na pozad\u00ed kanadsk\u00fdch \u201eFreedom convoy\u201c: Z\u00e1pad kone\u010dn\u011b odhodil masku a sundal rukavi\u010dky. Ve\u0161ker\u00e1 jeho proklamovan\u00e1 \u201esvoboda\u201c slova, n\u00e1zor\u016f, shroma\u017e\u010fov\u00e1n\u00ed a dal\u0161\u00ed \u201edemokracie\u201c byla pro zbyte\u010dnost zru\u0161ena. Uk\u00e1zalo se, \u017ee pr\u00e1v\u011b tam jsou ti, kte\u0159\u00ed maj\u00ed v\u00edce pr\u00e1v, tedy nadn\u00e1rodn\u00ed korporace, jejich hra\u010dk\u00e1\u0159\u0161t\u00ed politici a men\u0161iny. Tedy v\u0161ichni ti, kter\u00fdm \u0159\u00edk\u00e1me globalist\u00e9. A pro zbyl\u00fdch 90+% je p\u0159ipravena diktatura ve stylu nacistick\u00e9ho N\u011bmecka.<\/p>\n<p>Od 1. \u0159\u00edjna tedy budou v ulic\u00edch N\u011bmecka hl\u00eddkovat vojensk\u00e9 hl\u00eddky. Ozn\u00e1mila to n\u011bmeck\u00e1 ministryn\u011b obrany Christine Lambrechtov\u00e1. Zat\u00edm nen\u00ed zn\u00e1mo, zda budou pou\u017eita obrn\u011bn\u00e1 vozidla. Z\u00e1minkou je zabr\u00e1nit nepokoj\u016fm.<\/p>\n<p>Podle den\u00edku The Times je policie ve Velk\u00e9 Brit\u00e1nii p\u0159ipravena na n\u00e1r\u016fst kriminality a naru\u0161en\u00ed po\u0159\u00e1dku b\u011bhem leto\u0161n\u00ed zimy. Zpravodajsk\u00e9 slu\u017eby ji\u017e za\u010daly p\u0159ipravovat nouzov\u00e9 pl\u00e1ny pro nep\u0159edv\u00eddan\u00e9 ud\u00e1losti. Policejn\u00ed \u00fatvary se v sou\u010dasn\u00e9 dob\u011b zab\u00fdvaj\u00ed nouzov\u00fdm pl\u00e1nov\u00e1n\u00edm pro p\u0159\u00edpad, \u017ee by se miliony dom\u00e1cnost\u00ed ocitly ve finan\u010dn\u00ed t\u00edsni.<\/p>\n<p>Podobn\u00e9 p\u0159\u00edpravy prob\u00edhaj\u00ed na cel\u00e9m kontinentu. A jde o udr\u017een\u00ed jednotliv\u00fdch vl\u00e1d u moci za ka\u017edou cenu. To znamen\u00e1, \u017ee pokud budou demonstranti v Rakousku rozdrceni tanky, politici, m\u00e9dia a levicov\u00ed obh\u00e1jci neuron\u00ed ani slzu, stejn\u011b jako se radovali ze zabit\u00ed obh\u00e1jc\u016f B\u00edl\u00e9ho domu u n\u00e1s v roce 1993 nebo Trumpov\u00fdch p\u0159\u00edznivc\u016f, kte\u0159\u00ed vtrhli do B\u00edl\u00e9ho domu v USA. Jednodu\u0161e proto, \u017ee lid\u00e9 jsou pro n\u011b prim\u00e1rn\u00edm nep\u0159\u00edtelem, proto\u017ee a\u017e na v\u00fdjimky necht\u011bj\u00ed b\u00fdt otroky korporac\u00ed, jejich \u201enov\u00e9ho \u0159\u00e1du\u201c. Nep\u0159\u00edtel mus\u00ed b\u00fdt rozd\u011blen, zlomen, zotro\u010den a zbaven mo\u017enosti vzpoury. A proto se nep\u0159esn\u011b \u0159\u00edk\u00e1, \u017ee Evropu \u010dek\u00e1 chladn\u00e1 zima \u2013 zima tam bude velmi hork\u00e1.<\/p>\n<p>Ale nem\u011bli bychom se p\u0159\u00edli\u0161 t\u011b\u0161it. Kol\u00edn nad R\u00fdnem a Pa\u0159\u00ed\u017e nejsou Don\u011bck a neum\u011bj\u00ed bojovat na \u017eivot a na smrt, t\u0159eba i proti cel\u00e9mu sv\u011btu. Ne nadarmo byli Evropan\u00e9 tolik let \u201ekastrov\u00e1ni\u201c a byla jim v\u0161t\u011bpov\u00e1na tolerance, tj. absence reakce. To znamen\u00e1, \u017ee na ja\u0159e Nov\u00e1 \u0159\u00ed\u0161e kone\u010dn\u011b rozt\u00e1hne k\u0159\u00eddla a rozpt\u00fdl\u00ed posledn\u00ed pochybnosti o tom, za koho a za co bojuje. Proto bude cena na\u0161eho sou\u010dasn\u00e9ho v\u00edt\u011bzstv\u00ed n\u011bkolikan\u00e1sobn\u011b vy\u0161\u0161\u00ed \u2013 t\u00edm, \u017ee obstoj\u00edme a zv\u00edt\u011bz\u00edme, d\u00e1me sv\u011btu op\u011bt \u0161anci do budoucna. Prohrajeme a Antikrist\u016fv \u201eBrave New World\u201c se stane skute\u010dnost\u00ed, kde klauny ve vl\u00e1d\u011b nahrad\u00ed bl\u00e1zni, kte\u0159\u00ed pomalu ale jist\u011b vy\u0159\u00edd\u00ed ty, kdo jsou p\u0159ipraveni se postavit.<\/p>\n<div class=\"podcarou\">\n<p><a href=\"https:\/\/katyusha.org\/vojna\/rejx-raspravlyaet-kryilya-globalistyi-postavili-nad-angliej-trass-i-gotovyat-voennoe-polozhenie-v-burlyashhej-evrope.html\" target=\"_blank\" rel=\"external noopener\">\u0420\u0415\u0419\u0425 \u0420\u0410\u0421\u041f\u0420\u0410\u0412\u041b\u042f\u0415\u0422 \u041a\u0420\u042b\u041b\u042c\u042f: \u0413\u041b\u041e\u0411\u0410\u041b\u0418\u0421\u0422\u042b \u041f\u041e\u0421\u0422\u0410\u0412\u0418\u041b\u0418 \u041d\u0410\u0414 \u0410\u041d\u0413\u041b\u0418\u0415\u0419 \u0422\u0420\u0410\u0421\u0421 \u0418 \u0413\u041e\u0422\u041e\u0412\u042f\u0422 \u0412\u041e\u0415\u041d\u041d\u041e\u0415 \u041f\u041e\u041b\u041e\u0416\u0415\u041d\u0418\u0415 \u0412 \u0411\u0423\u0420\u041b\u042f\u0429\u0415\u0419 \u0415\u0412\u0420\u041e\u041f\u0415<\/a> vy\u0161el 5.9.2022 na katyusha.org. P\u0159eklad Zv\u011bdavec.<\/p>\n<\/div>\n<\/section>\n<p>P\u0159evzato\u00a0<a href=\"https:\/\/zvedavec.news\/komentare\/2022\/09\/9316-rise-roztahuje-kridla.htm\">Zvedavec.org<\/a><\/p>\n<p>&nbsp;<\/p>\n","protected":false},"excerpt":{"rendered":"<p>Globalist\u00e9 p\u0159ikryli Angli\u00ed oponou a p\u0159ipravuj\u00ed v\u00e1le\u010dn\u00fd stav v houstnouc\u00ed Evrop\u011b Hlavn\u00ed historick\u00fd protivn\u00edk Ruska,&#8230;<\/p>\n","protected":false},"author":2,"featured_media":13568,"comment_status":"closed","ping_status":"closed","sticky":false,"template":"","format":"standard","meta":[],"categories":[7],"tags":[371,3233,39,22,303],"_links":{"self":[{"href":"https:\/\/www.infokuryr.cz\/n\/wp-json\/wp\/v2\/posts\/14857"}],"collection":[{"href":"https:\/\/www.infokuryr.cz\/n\/wp-json\/wp\/v2\/posts"}],"about":[{"href":"https:\/\/www.infokuryr.cz\/n\/wp-json\/wp\/v2\/types\/post"}],"author":[{"embeddable":true,"href":"https:\/\/www.infokuryr.cz\/n\/wp-json\/wp\/v2\/users\/2"}],"replies":[{"embeddable":true,"href":"https:\/\/www.infokuryr.cz\/n\/wp-json\/wp\/v2\/comments?post=14857"}],"version-history":[{"count":0,"href":"https:\/\/www.infokuryr.cz\/n\/wp-json\/wp\/v2\/posts\/14857\/revisions"}],"wp:featuredmedia":[{"embeddable":true,"href":"https:\/\/www.infokuryr.cz\/n\/wp-json\/wp\/v2\/media\/13568"}],"wp:attachment":[{"href":"https:\/\/www.infokuryr.cz\/n\/wp-json\/wp\/v2\/media?parent=14857"}],"wp:term":[{"taxonomy":"category","embeddable":true,"href":"https:\/\/www.infokuryr.cz\/n\/wp-json\/wp\/v2\/categories?post=14857"},{"taxonomy":"post_tag","embeddable":true,"href":"https:\/\/www.infokuryr.cz\/n\/wp-json\/wp\/v2\/tags?post=14857"}],"curies":[{"name":"wp","href":"https:\/\/api.w.org\/{rel}","templated":true}]}}