{"id":1484,"date":"2021-05-08T08:14:13","date_gmt":"2021-05-08T06:14:13","guid":{"rendered":"http:\/\/www.infokuryr.cz\/n\/?p=1484"},"modified":"2021-05-08T08:14:13","modified_gmt":"2021-05-08T06:14:13","slug":"k-76-osvobozeni-republiky","status":"publish","type":"post","link":"https:\/\/www.infokuryr.cz\/n\/2021\/05\/08\/k-76-osvobozeni-republiky\/","title":{"rendered":"K 76. osvobozen\u00ed republiky"},"content":{"rendered":"<div id=\"fb-root\"><\/div>\n<div class=\"perex\">Ve dnech 8. a 9. kv\u011btna slav\u00ed evropsk\u00e9 zem\u011b 76. v\u00fdro\u010d\u00ed konce II. sv\u011btov\u00e9 v\u00e1lky. V\u011bt\u0161ina t\u011bchto zem\u00ed slav\u00ed v\u00fdro\u010d\u00ed konce v\u00e1lky 8. kv\u011btna, Rusov\u00e9 9. kv\u011btna. 8. kv\u011btna podepsalo toti\u017e N\u011bmecko bezpodm\u00edne\u010dnou kapitulaci p\u0159ed z\u00e1stupci Spojenc\u016f v Reme\u0161i. A 9. kv\u011btna byla podeps\u00e1na kapitulace n\u011bmeck\u00e9ho vrchn\u00edho velen\u00ed v \u010dele s nejvy\u0161\u0161\u00edmi p\u0159edstaviteli n\u011bmeck\u00e9 brann\u00e9 moci mar\u0161\u00e1lem Keitelem a gener\u00e1lem Jodlem v Berl\u00edn\u011b.<\/div>\n<div class=\"content\">\n<p>Hlavn\u00ed osobnost\u00ed p\u0159i t\u00e9 druh\u00e9 kapitulaci na stran\u011b Spojenc\u016f byl Stalin\u016fv z\u00e1stupce v sov\u011btsk\u00e9m vrchn\u00edm velen\u00ed a architekt nejz\u00e1\u0159iv\u011bj\u0161\u00edch vojensk\u00fdch v\u00edt\u011bzstv\u00ed Rud\u00e9 arm\u00e1dy v pr\u016fb\u011bhu v\u00e1lky, mar\u0161\u00e1l Georgij \u017dukov. Rusov\u00e9 tak \u2013 a mo\u017en\u00e1 netu\u0161ili, jak to jednou bude praktick\u00e9 \u2013 na v\u011b\u010dn\u00e9 \u010dasy dali najevo (samoz\u0159ejm\u011b za tehdej\u0161\u00edho souzn\u011bn\u00ed sv\u00fdch Spojenc\u016f ze Z\u00e1padu), kdo byl hlavn\u00edm v\u00edt\u011bzem II. v\u00e1lky v Evrop\u011b. Slu\u0161\u00ed se\u00a0 takov\u00e9 v\u00fdro\u010d\u00ed a takovou p\u0159\u00edle\u017eitost p\u0159ipomenout. A proto\u017ee jsem zjistil, \u017ee \u010dl\u00e1nek na toto t\u00e9ma, kter\u00fd jsem napsal p\u0159ed rokem,\u00a0 je natolik v\u00fdsti\u017en\u00fd, \u017ee bych jej\u00a0 dok\u00e1zal napsat l\u00e9pe, zve\u0159ejn\u00edm jej po roce znovu. P\u0159ikl\u00e1d\u00e1m tedy ten rok star\u00fd \u010dl\u00e1nek k tomuto kr\u00e1tk\u00e9mu textu v \u00favodu.<\/p>\n<p><strong>Boj o interpretaci v\u00fdsledk\u016f II. sv\u011btov\u00e9 v\u00e1lky<\/strong><\/p>\n<p>Nepamatuji se, \u017ee by v n\u011bkter\u00e9m z posledn\u00edch t\u0159iceti let demokratick\u00e9ho re\u017eimu doch\u00e1zelo k takov\u00fdm pokus\u016fm o dezinterpretaci p\u0159\u00ed\u010din i v\u00fdsledk\u016f II. sv\u011btov\u00e9 v\u00e1lky, jako je tomu nyn\u00ed.<\/p>\n<p>D\u016fvod\u016f toho je n\u011bkolik. Nem\u00e1 smysl je v\u0161echny p\u0159\u00edli\u0161 rozeb\u00edrat, uvedu jen n\u011bkter\u00e9. Ur\u010dit\u00e1 \u010d\u00e1st tzv. \u010desk\u00fdch politick\u00fdch elit, mysl\u00edm t\u00edm tradi\u010dn\u00ed \u010deskou pravici i Pir\u00e1ty, zakr\u00fdv\u00e1 zpozdil\u00fdm antikomunismem a protirusk\u00fdm postojem svou naprostou programovou vyprahlost. Prost\u011b nemaj\u00ed co jin\u00e9ho nab\u00eddnout. Proto hledaj\u00ed vn\u011bj\u0161\u00ed nep\u0159\u00e1tele, \u0159\u00ed\u0161e zla apod. a p\u0159en\u00e1\u0161ej\u00ed d\u011bjinn\u00e9 ud\u00e1losti do dne\u0161n\u00edch podm\u00ednek. Sv\u011bt se ale zm\u011bnil.<\/p>\n<p>Za dal\u0161\u00ed, objevila se zde mlad\u00e1 generace historik\u016f, kter\u00e1 prom\u00edt\u00e1 do anal\u00fdzy d\u011bjinn\u00fdch ud\u00e1lost\u00ed sv\u00e9 ideologick\u00e9 p\u0159edstavy a p\u0159edpojatost.<\/p>\n<p>Za t\u0159et\u00ed, prakticky neexistuje u n\u00e1s vlivn\u00e9 m\u00e9dium, kter\u00e9 by d\u00e1valo prostor a p\u0159\u00edle\u017eitost historik\u016fm i politolog\u016fm s jin\u00fdmi p\u0159edstavami a v\u00fdsledky v\u011bdeck\u00fdch anal\u00fdz.<\/p>\n<p>Pro v\u011bt\u0161inu objektivn\u00edch pozorovatel\u016f, politik\u016f, historik\u016f a politolog\u016f v mezin\u00e1rodn\u00edm m\u011b\u0159\u00edtku je z\u0159ejm\u00e9, \u017ee v\u00e1lku vyvolal svou politikou agrese a expanze Adolf Hitler a nacistick\u00e9 N\u011bmecko. To za tuto d\u011bsivou zku\u0161enost zaplatilo ztr\u00e1tou nejm\u00e9n\u011b deseti milion\u016f \u017eivot\u016f, a to jak sv\u00fdch voj\u00e1k\u016f, tak civiln\u00edch obyvatel a zni\u010den\u00edm ohromn\u00e9 podstaty majetkov\u00fdch hodnot p\u0159\u00edmo v N\u011bmecku.<\/p>\n<p>Sov\u011btsk\u00fd svaz byl od \u010dervna roku 1941 ve v\u00e1le\u010dn\u00e9m stavu s N\u011bmeckem. Nacistick\u00e9 N\u011bmecko, spolu se sv\u00fdmi spojenci, z\u00e1ke\u0159n\u011b p\u0159epadlo Sov\u011btsk\u00fd svaz na front\u011b dlouh\u00e9 od finsk\u00fdch hranic a\u017e po \u010cern\u00e9 mo\u0159e. Sov\u011btsk\u00fd svaz ztratil ve v\u00e1lce 27 milion\u016f \u017eivot\u016f sv\u00fdch obyvatel. Z toho \u201ejen\u201c 12 milion\u016f byli jeho voj\u00e1ci, vesm\u011bs velmi mlad\u00ed lid\u00e9, kte\u0159\u00ed p\u0159edstavovali budoucnost sv\u00e9 zem\u011b, jakkoli zavr\u017een\u00edhodn\u00fd byl re\u017eim, ve kter\u00e9m \u017eili. Stalin\u016fv re\u017eim byl v\u0161ak od prvn\u00ed chv\u00edle, kdy byl vojensky napaden Hitlerem, spojencem z\u00e1padn\u00edch demokraci\u00ed. Tedy v prvn\u00ed \u0159ad\u011b bojuj\u00edc\u00ed a izolovan\u00e9 Velk\u00e9 Brit\u00e1nie. Star\u00fd antikomunista Churchill, v t\u00e9 dob\u011b britsk\u00fd premi\u00e9r, j\u00e1sal, \u017ee m\u00e1 kone\u010dn\u011b zdatn\u00e9ho spojence. A to v situaci, kdy se v\u0161ichni kontinent\u00e1ln\u00ed spojenci Velk\u00e9 Brit\u00e1nie, v prvn\u00ed \u0159ad\u011b Francie, zhroutili. Od \u010dervna 1940 ovl\u00e1dal vlastn\u011b Hitler celou z\u00e1padn\u00ed a st\u0159edn\u00ed Evropu.<\/p>\n<p>Za\u010d\u00e1tkem prosince 1941 byly Japonskem p\u0159epadeny z\u00e1ke\u0159n\u011b Spojen\u00e9 st\u00e1ty. T\u00edm se v\u00e1lka posunula na dal\u0161\u00ed kontinent a stala se tak skute\u010dnou sv\u011btovou v\u00e1lkou. Z\u00e1hy pot\u00e9 vyhl\u00e1silo N\u011bmecko velkohub\u011b v\u00e1lku Spojen\u00fdm st\u00e1t\u016fm. P\u0159itom Hitlerovi muselo b\u00fdt jasn\u00e9, \u017ee hospod\u00e1\u0159sk\u00fd potenci\u00e1l USA mnohon\u00e1sobn\u011b p\u0159evy\u0161uje potenci\u00e1l N\u011bmecka. N\u011bmecko ov\u0161em hr\u00e1lo jinou hru. O\u010dek\u00e1valo, \u017ee Japonsko, v r\u00e1mci sv\u00fdch z\u00e1vazk\u016f, plynouc\u00edch z Paktu proti Komintern\u011b vojensky vystoup\u00ed proti Sov\u011btsk\u00e9mu svazu v P\u0159\u00edmo\u0159\u00ed na D\u00e1ln\u00e9m v\u00fdchod\u011b a dostane tak Sov\u011btsk\u00fd svaz v situaci, kdy n\u011bmeck\u00e9 arm\u00e1dy st\u00e1ly p\u0159ed Moskvou a obkl\u00ed\u010dily Leningrad, na kolena. Japonsk\u00e1 arm\u00e1da byla ov\u0161em velmi v\u00fdznamn\u011b v\u00e1z\u00e1na p\u0159edev\u0161\u00edm v \u010c\u00edn\u011b, kde udr\u017eovala jak voj\u00e1ky, tak vysp\u011blou vojenskou techniku a kde tak\u00e9 prob\u00edhaly krvav\u00e9 bitvy. Jen tak mimochodem, toto vzd\u00e1len\u00e9 boji\u0161t\u011b z\u016fst\u00e1v\u00e1 pro Evropany i po v\u00edce ne\u017e sedmdes\u00e1ti p\u011bti letech vlastn\u011b nezn\u00e1m\u00e9. V\u011bt\u0161ina z n\u00e1s netu\u0161\u00ed, \u017ee v boj\u00edch s Japonci zahynulo a\u017e 20 milion\u016f \u010c\u00ed\u0148an\u016f. \u010c\u00edna, podobn\u011b jako Sov\u011btsk\u00fd svaz, utrp\u011bla v boj\u00edch sv\u011btov\u00e9 v\u00e1lky nezm\u011brn\u00e9 hospod\u00e1\u0159sk\u00e9 \u0161kody. Japonci sv\u00fdmi operacemi v \u010c\u00edn\u011b ud\u011blali ov\u0161em z\u00e1va\u017enou strategickou chybu. Nem\u011bli dostate\u010dn\u011b velk\u00fd potenci\u00e1l na to, kontrolovat v\u00fdznamn\u00e1 centra t\u00e9to zem\u011b tehdy s 550 miliony obyvatel a sou\u010dasn\u011b prov\u00e1d\u011bt expanzi v Indo\u010d\u00edn\u011b, v Indon\u00e9sii, na Filip\u00edn\u00e1ch a na dal\u0161\u00edch \u00fazem\u00edch. Pro v\u00fdsledek v\u00e1lky v Evrop\u011b bylo dobr\u00e9, \u017ee Japonsko se za t\u011bchto okolnost\u00ed, kdy m\u011blo v \u010c\u00edn\u011b v\u00e1z\u00e1n\u00e9 4 miliony sv\u00fdch voj\u00e1k\u016f, neodv\u00e1\u017eilo za\u00fato\u010dit na Sov\u011btsk\u00fd svaz. Jist\u011b, pokud by do\u0161lo k p\u00e1du Moskvy, pak by se i Japonci osm\u011blili. Ale t\u00edm, \u017ee k tomu nedo\u0161lo a nedo\u0161lo ani k vojensk\u00e9mu zhroucen\u00ed \u010d\u00ednsk\u00e9ho Kuomintangu a \u010d\u00ednsk\u00fdch komunist\u016f na v\u00e1le\u010dn\u00fdch boji\u0161t\u00edch, nemohli Japonci N\u011bmc\u016fm pomoci. A mar\u0161\u00e1l \u017dukov se Stalinem mohli p\u0159esunout \u010derstv\u00e9 a skv\u011ble vyzbrojen\u00e9 a vycvi\u010den\u00e9 sibi\u0159sk\u00e9 divize na pomoc Moskv\u011b.<\/p>\n<p>V prosinci 1941 do\u0161lo pod Moskvou k prvn\u00ed por\u00e1\u017ece n\u011bmeck\u00fdch pozemn\u00edch sil ve v\u00e1lce velkou ruskou protiofenzivou. Rusov\u00e9 v dal\u0161\u00edm pr\u016fb\u011bhu v\u00e1lky po ohromn\u00fdch por\u00e1\u017ek\u00e1ch, kter\u00e9 utrp\u011bli v prvn\u00edm obdob\u00ed v\u00e1lky v letech 1941 a 1942, zv\u00edt\u011bzili fenomen\u00e1ln\u00edm zp\u016fsobem v bitv\u011b u Stalingradu, v tankov\u00e9 bitv\u011b u Kurska a poda\u0159ilo se jim uh\u00e1jit, za ohromn\u00fdch lidsk\u00fdch a materi\u00e1ln\u00edch ob\u011bt\u00ed, tak\u00e9 druh\u00e9 nejv\u011bt\u0161\u00ed centrum zem\u011b, Leningrad. Od poloviny roku 1943, tedy od zlomov\u00e9 bitvy u Kurska a po p\u00e1du Musolinniho fa\u0161istick\u00e9ho re\u017eimu v It\u00e1lii a n\u00e1sledn\u00e9 okupaci t\u00e9to zem\u011b N\u011bmci, bylo ji\u017e jen ot\u00e1zkou \u010dasu, kdy bude N\u011bmecko pora\u017eeno. Sov\u011btsk\u00e9 arm\u00e1dy nezadr\u017eiteln\u011b postupovaly sm\u011brem na z\u00e1pad, mj. to bylo zp\u016fsobeno tak\u00e9 t\u00edm, \u017ee v roce 1942 Sov\u011btsk\u00fd svaz objemem sv\u00e9 v\u00e1le\u010dn\u00e9 v\u00fdroby poprv\u00e9 p\u0159ekonal N\u011bmecko. Byl to grandi\u00f3zn\u00ed v\u00fdkon, nebo\u0165 mu p\u0159edch\u00e1zelo p\u0159esunut\u00ed t\u011b\u017ei\u0161t\u011b v\u00fdroby a v\u00fdrobn\u00edch z\u00e1vod\u016f ze z\u00e1padu sov\u011btsk\u00e9 zem\u011b na Sibi\u0159 a do st\u0159edn\u00ed Asie. A to v\u010detn\u011b d\u011bln\u00edk\u016f a jejich rodin.<\/p>\n<p>Velkou roli ve v\u00e1le\u010dn\u00e9m \u00fasil\u00ed sehr\u00e1li tak\u00e9 rusk\u00e9 \u017eeny. V \u017e\u00e1dn\u00e9 jin\u00e9 arm\u00e1d\u011b sv\u011bta nem\u011bly takov\u00e9 po\u010detn\u00ed zastoupen\u00ed, jak\u00e9 m\u011bly v Rud\u00e9 arm\u00e1d\u011b. A krom\u011b toho sov\u011btsk\u00e9 \u017eeny \u010dasto v nesnesiteln\u00fdch podm\u00ednk\u00e1ch pracovaly ve v\u00e1le\u010dn\u00e9 v\u00fdrob\u011b a tak\u00e9 v zem\u011bd\u011blstv\u00ed p\u0159i zaji\u0161\u0165ov\u00e1n\u00ed potravin. Arm\u00e1dy z\u00e1padn\u00edch spojenc\u016f postupn\u011b zni\u010dily odpor N\u011bmc\u016f a Ital\u016f v severn\u00ed Africe. Provedli invazi na Sic\u00edlii a do ji\u017en\u00ed It\u00e1lie. A kone\u010dn\u011b v \u010dervnu 1944 uskute\u010dnili ohromnou invazi sv\u00fdch vojsk do Normandie. Spojeneck\u00e1 invaze byla nejv\u011bt\u0161\u00ed v\u00e1le\u010dnou operac\u00ed tohoto druhu v lidsk\u00fdch d\u011bjin\u00e1ch. Umo\u017enila p\u0159en\u00e9st t\u011b\u017ei\u0161t\u011b boj\u016f do Francie a za n\u011bkolik m\u011bs\u00edc\u016f po osvobozen\u00ed Francie se vojska z\u00e1padn\u00edch spojenc\u016f dostala na n\u011bmeck\u00e9 hranice. P\u0159ibl\u00ed\u017eil se tak konec II. sv\u011btov\u00e9 v\u00e1lky v Evrop\u011b.<\/p>\n<p>Ta vlastn\u011b skon\u010dila sov\u011btsk\u00fdm dobyt\u00edm Berl\u00edna na p\u0159elomu dubna a kv\u011btna 1945. V oble\u017een\u00e9m Berl\u00edn\u011b museli bojovat sov\u011bt\u0161t\u00ed voj\u00e1ci d\u016fm od domu, kde zejm\u00e9na fanati\u010dt\u00ed nacist\u00e9 a eses\u00e1ci vyv\u00edjeli neuv\u011b\u0159iteln\u00fd odpor. 8. kv\u011btna 1945 podepsali p\u0159edstavitel\u00e9 n\u011bmeck\u00e9ho veden\u00ed se Spojenci bezpodm\u00edne\u010dnou kapitulaci. N\u00e1sleduj\u00edc\u00ed den byl tento akt zopakov\u00e1n za \u00fa\u010dasti mar\u0161\u00e1la Keitela a gener\u00e1la Jodla p\u0159\u00edmo v Berl\u00edn\u011b za \u00fa\u010dasti z\u00e1stupce vrchn\u00edho velitele sov\u011btsk\u00fdch arm\u00e1d a\u00a0 hlavn\u00edho strat\u00e9ga Sov\u011btsk\u00e9 arm\u00e1dy mar\u0161\u00e1la \u017dukova. Sov\u011btsk\u00fd svaz, a proto ta z\u00e1v\u011bre\u010dn\u00e1 kapitulace v Berl\u00edn\u011b, nesl hlavn\u00ed t\u00edhu v\u00e1lky. Byl tak\u00e9 jej\u00edm hlavn\u00edm v\u00edt\u011bzem. U\u017e tak\u00e9 proto, \u017ee boje na v\u00fdchodn\u00ed front\u011b p\u0159ekonaly svou brutalitou, nesmlouvavost\u00ed a nesmi\u0159itelnost\u00ed cokoliv, co bylo zaznamen\u00e1no v pr\u016fb\u011bhu v\u00e1lky jinde. Zejm\u00e9na vezmeme \u2013 li v \u00favahu to, \u017ee Sov\u011btsk\u00fd svaz v d\u016fsledku nacisty uplat\u0148ovan\u00e9 politiky sp\u00e1len\u00e9 zem\u011b, m\u011bl vlastn\u011b zdevastov\u00e1na v\u0161echna v\u00fdznamn\u00e1 p\u0159edv\u00e1le\u010dn\u00e1 pr\u016fmyslov\u00e1 centra v oblastech, kter\u00e1 byla zasa\u017eeny v\u00e1lkou. Tak\u00e9 brutalita n\u011bmeck\u00e9 arm\u00e1dy, zejm\u00e9na pak voj\u00e1k\u016f zbran\u00ed SS, ale t\u0159eba tak\u00e9 banderovc\u016f, v\u016f\u010di civiln\u00edmu obyvatelstvu, byla v evropsk\u00fdch podm\u00ednk\u00e1ch nikde jinde nepoznan\u00e1.<\/p>\n<p>V Asii, zejm\u00e9na v \u010c\u00edn\u011b, se ov\u0161em podobn\u00fdm zp\u016fsobem chovala tak\u00e9 japonsk\u00e1 vojska. Nap\u0159\u00edklad po obsazen\u00ed Nankingu bylo \u010dasto velmi brut\u00e1ln\u00edmi zp\u016fsoby povra\u017ed\u011bno nejen 30 tis\u00edc zajat\u00fdch voj\u00e1k\u016f Kuomintangu, ale tak\u00e9 desetitis\u00edce bezbrann\u00fdch civiln\u00edch obyvatel (mluv\u00ed se a\u017e o 300 tis\u00edc\u00edch ob\u011btech japonsk\u00e9ho teroru). A desetitis\u00edce \u010d\u00ednsk\u00fdch \u017een bylo b\u011bhem \u0161est t\u00fddn\u016f trvaj\u00edc\u00edho \u0159\u00e1d\u011bn\u00ed japonsk\u00e9 soldatesky v Nan-kingu zn\u00e1siln\u011bno.<\/p>\n<p>\u010ceskoslovensko ztratilo za II. sv\u011btov\u00e9 v\u00e1lky 365 tis\u00edc sv\u00fdch ob\u010dan\u016f. Jsou to ob\u011bti sv\u00fdm po\u010dtem srovnateln\u00e9 s v\u00e1le\u010dn\u00fdmi ob\u011b\u0165mi podstatn\u011b v\u011bt\u0161\u00edch st\u00e1t\u016f, jako byla Francie (562 tis\u00edc ob\u011bt\u00ed), USA (419 tis\u00edc ob\u011bt\u00ed) \u010di Velk\u00e1 Brit\u00e1nie (450 tis\u00edc ob\u011bt\u00ed).<\/p>\n<p>Dne\u0161n\u00ed Rusko je pochopiteln\u011b hrd\u00e9 na sv\u00e9 \u00fasp\u011bchy ve II. sv\u011btov\u00e9 v\u00e1lce, nebo\u0165 se opr\u00e1vn\u011bn\u011b pova\u017euje za hlavn\u00edho v\u00edt\u011bze t\u00e9to v\u00e1lky. Proto Rusov\u00e9 velmi citliv\u011b vn\u00edmaj\u00ed, pokud doch\u00e1z\u00ed v n\u011bkter\u00fdch zem\u00edch ke zpochyb\u0148ov\u00e1n\u00ed jejich pod\u00edlu na v\u00edt\u011bzstv\u00ed nad zlo\u010dinn\u00fdm nacistick\u00fdm re\u017eimem ve II. sv\u011btov\u00e9 v\u00e1lce. Srovn\u00e1vat Stalin\u016fv re\u017eim a nacistick\u00fd re\u017eim, jak se o to pokou\u0161ej\u00ed dnes n\u011bkte\u0159\u00ed politici a zideologizovan\u00ed historici, je trapn\u00e9. Stalin byl spojencem Z\u00e1padu. A pro na\u0161i zemi sice komunistick\u00fd re\u017eim nep\u0159inesl to, v co \u0161irok\u00e9 vrstvy \u010desk\u00e9ho a slovensk\u00e9ho obyvatelstva po v\u00e1lce doufaly, ale neznamenal genocidu slovansk\u00e9ho obyvatelstva. Pokud by do\u0161lo k v\u00edt\u011bzstv\u00ed nacist\u016f ve v\u00e1lce, byla by dokon\u010dena genocida \u017did\u016f v Evrop\u011b. Bylo by pak p\u0159istoupeno ke genocid\u011b negermanizovateln\u00fdch \u010d\u00e1st\u00ed slovansk\u00fdch n\u00e1rod\u016f. \u010c\u00e1st t\u011bchto n\u00e1rod\u016f, v\u010detn\u011b \u010cech\u016f a Slov\u00e1k\u016f, by byla vym\u00edst\u011bna ze st\u0159edn\u00ed Evropy do nov\u00fdch s\u00eddli\u0161\u0165 na Sibi\u0159i \u010di ve st\u0159edn\u00ed Asii. \u010c\u00e1st by byla germanizov\u00e1na a \u010d\u00e1st zlikvidov\u00e1na.<\/p>\n<p>Je dobr\u00e9, aby si toto v\u0161ichni na\u0161i revizionist\u00e9 historie dob\u0159e uv\u011bdomovali, ne\u017e dojdou k z\u00e1v\u011bre\u010dn\u00e9mu politick\u00e9mu hodnocen\u00ed.<\/p>\n<\/div>\n<p><a href=\"http:\/\/vasevec.parlamentnilisty.cz\/komentare\/k-76-osvobozeni-republiky\">Ji\u0159\u00ed Paroubek<\/a><\/p>\n<p>&nbsp;<\/p>\n","protected":false},"excerpt":{"rendered":"<p>Ve dnech 8. a 9. kv\u011btna slav\u00ed evropsk\u00e9 zem\u011b 76. v\u00fdro\u010d\u00ed konce II. sv\u011btov\u00e9 v\u00e1lky&#8230;.<\/p>\n","protected":false},"author":2,"featured_media":1485,"comment_status":"closed","ping_status":"closed","sticky":false,"template":"","format":"standard","meta":[],"categories":[6],"tags":[76,230,40],"_links":{"self":[{"href":"https:\/\/www.infokuryr.cz\/n\/wp-json\/wp\/v2\/posts\/1484"}],"collection":[{"href":"https:\/\/www.infokuryr.cz\/n\/wp-json\/wp\/v2\/posts"}],"about":[{"href":"https:\/\/www.infokuryr.cz\/n\/wp-json\/wp\/v2\/types\/post"}],"author":[{"embeddable":true,"href":"https:\/\/www.infokuryr.cz\/n\/wp-json\/wp\/v2\/users\/2"}],"replies":[{"embeddable":true,"href":"https:\/\/www.infokuryr.cz\/n\/wp-json\/wp\/v2\/comments?post=1484"}],"version-history":[{"count":0,"href":"https:\/\/www.infokuryr.cz\/n\/wp-json\/wp\/v2\/posts\/1484\/revisions"}],"wp:featuredmedia":[{"embeddable":true,"href":"https:\/\/www.infokuryr.cz\/n\/wp-json\/wp\/v2\/media\/1485"}],"wp:attachment":[{"href":"https:\/\/www.infokuryr.cz\/n\/wp-json\/wp\/v2\/media?parent=1484"}],"wp:term":[{"taxonomy":"category","embeddable":true,"href":"https:\/\/www.infokuryr.cz\/n\/wp-json\/wp\/v2\/categories?post=1484"},{"taxonomy":"post_tag","embeddable":true,"href":"https:\/\/www.infokuryr.cz\/n\/wp-json\/wp\/v2\/tags?post=1484"}],"curies":[{"name":"wp","href":"https:\/\/api.w.org\/{rel}","templated":true}]}}