{"id":1481,"date":"2021-05-08T08:05:27","date_gmt":"2021-05-08T06:05:27","guid":{"rendered":"http:\/\/www.infokuryr.cz\/n\/?p=1481"},"modified":"2021-05-08T08:05:27","modified_gmt":"2021-05-08T06:05:27","slug":"usa-se-uz-zas-chteji-s-venezuelou-kamaradit","status":"publish","type":"post","link":"https:\/\/www.infokuryr.cz\/n\/2021\/05\/08\/usa-se-uz-zas-chteji-s-venezuelou-kamaradit\/","title":{"rendered":"USA se u\u017e zas cht\u011bj\u00ed s Venezuelou kamar\u00e1dit"},"content":{"rendered":"<div id=\"fb-root\"><\/div>\n<p>Pot\u00e9, co se ani politick\u00fdm pu\u010dem ani ozbrojenou intervenc\u00ed nepoda\u0159ilo Spojen\u00fdm st\u00e1t\u016fm svrhnout prezidenta Venezuely Nicol\u00e1se Maduro, jdou na Venezuelu po-dobr\u00e9m a cht\u011bj\u00ed se s n\u00ed zas kamar\u00e1dit. Aby tak\u00e9 ne, kdy\u017e v n\u00ed s\u00edl\u00ed vliv \u010c\u00edny, Kuby, Ruska a \u00cdr\u00e1nu, kter\u00e9 maj\u00ed USA asi tak r\u00e1dy, jako vo\u0161tinu v zadku.<\/p>\n<p>A jak\u00fd postoj bude m\u00edt k Venezuele \u010cR nyn\u00ed? Zachov\u00e1 si p\u00e1te\u0159 nebo se p\u0159ekab\u00e1t\u00ed?<\/p>\n<p><a href=\"https:\/\/www.abc.es\/internacional\/abci-eeuu-abre-negociaciones-regimen-maduro-202105061919_noticia.html\">ZDROJ<\/a><\/p>\n<p>&nbsp;<\/p>\n","protected":false},"excerpt":{"rendered":"<p>Pot\u00e9, co se ani politick\u00fdm pu\u010dem ani ozbrojenou intervenc\u00ed nepoda\u0159ilo Spojen\u00fdm st\u00e1t\u016fm svrhnout prezidenta Venezuely&#8230;<\/p>\n","protected":false},"author":2,"featured_media":1482,"comment_status":"closed","ping_status":"closed","sticky":false,"template":"","format":"standard","meta":[],"categories":[7],"tags":[296,37,181],"_links":{"self":[{"href":"https:\/\/www.infokuryr.cz\/n\/wp-json\/wp\/v2\/posts\/1481"}],"collection":[{"href":"https:\/\/www.infokuryr.cz\/n\/wp-json\/wp\/v2\/posts"}],"about":[{"href":"https:\/\/www.infokuryr.cz\/n\/wp-json\/wp\/v2\/types\/post"}],"author":[{"embeddable":true,"href":"https:\/\/www.infokuryr.cz\/n\/wp-json\/wp\/v2\/users\/2"}],"replies":[{"embeddable":true,"href":"https:\/\/www.infokuryr.cz\/n\/wp-json\/wp\/v2\/comments?post=1481"}],"version-history":[{"count":0,"href":"https:\/\/www.infokuryr.cz\/n\/wp-json\/wp\/v2\/posts\/1481\/revisions"}],"wp:featuredmedia":[{"embeddable":true,"href":"https:\/\/www.infokuryr.cz\/n\/wp-json\/wp\/v2\/media\/1482"}],"wp:attachment":[{"href":"https:\/\/www.infokuryr.cz\/n\/wp-json\/wp\/v2\/media?parent=1481"}],"wp:term":[{"taxonomy":"category","embeddable":true,"href":"https:\/\/www.infokuryr.cz\/n\/wp-json\/wp\/v2\/categories?post=1481"},{"taxonomy":"post_tag","embeddable":true,"href":"https:\/\/www.infokuryr.cz\/n\/wp-json\/wp\/v2\/tags?post=1481"}],"curies":[{"name":"wp","href":"https:\/\/api.w.org\/{rel}","templated":true}]}}