{"id":1480,"date":"2021-05-08T08:01:04","date_gmt":"2021-05-08T06:01:04","guid":{"rendered":"http:\/\/www.infokuryr.cz\/n\/?p=1480"},"modified":"2021-05-08T08:01:04","modified_gmt":"2021-05-08T06:01:04","slug":"rusky-ministr-zahranicnich-veci-obvinil-usa-a-eu-z-nasazovani-totalitarismu","status":"publish","type":"post","link":"https:\/\/www.infokuryr.cz\/n\/2021\/05\/08\/rusky-ministr-zahranicnich-veci-obvinil-usa-a-eu-z-nasazovani-totalitarismu\/","title":{"rendered":"Rusk\u00fd ministr zahrani\u010dn\u00edch v\u011bc\u00ed obvinil USA a EU z nasazov\u00e1n\u00ed totalitarismu"},"content":{"rendered":"<div id=\"fb-root\"><\/div>\n<p><strong>Moskva pova\u017euje pokusy USA a EU nasadit totalitarismus do sv\u011btov\u00e9ho d\u011bn\u00ed za nep\u0159ijateln\u00e9, prohl\u00e1sil na online zased\u00e1n\u00ed Rady bezpe\u010dnosti OSN ministr zahrani\u010d\u00ed Sergej Lavrov.<\/strong><\/p>\n<p>Jako p\u0159\u00edklad takov\u00fdch akc\u00ed uvedl neleg\u00e1ln\u00ed\u00a0jednostrann\u00e9 sankce, \u201ekter\u00e9 jsou zav\u00e1d\u011bny bez jak\u00fdchkoliv mezin\u00e1rodn\u00edch pr\u00e1vn\u00edch d\u016fvod\u016f\u201c.<\/p>\n<p>\u201eV podm\u00ednk\u00e1ch pandemie takov\u00e9 restrikce ost\u0159e zu\u017euj\u00ed mo\u017enosti \u0159ady rozvojov\u00fdch zem\u00ed \u010delit \u0161\u00ed\u0159en\u00ed infekce,\u201c dodal ministr zahrani\u010dn\u00edch v\u011bc\u00ed.<\/p>\n<p>Podle jeho slov se z\u00e1padn\u00ed zem\u011b sna\u017e\u00ed zastavit vytv\u00e1\u0159en\u00ed polycentrick\u00e9ho sv\u011bta. Vysv\u011btlil, \u017ee s t\u00edmto c\u00edlem je prosazov\u00e1na koncepce takzvan\u00e9ho \u201a\u0159\u00e1du zalo\u017een\u00e9ho na pravidlech\u2018, kter\u00fd je koncipov\u00e1n jako n\u00e1hrada mezin\u00e1rodn\u00edho pr\u00e1va.<\/p>\n<p>Tato pravidla jsou vytv\u00e1\u0159ena v uzav\u0159en\u00fdch form\u00e1tech a pot\u00e9 vnucov\u00e1na v\u0161em ostatn\u00edm, zd\u016fraznil ministr zahrani\u010dn\u00edch v\u011bc\u00ed.<\/p>\n<p>\u201eRusko vyz\u00fdv\u00e1 v\u0161echny st\u00e1ty, aby p\u0159i budov\u00e1n\u00ed sv\u00e9 zahrani\u010dn\u00ed politiky bezpodm\u00edne\u010dn\u011b dodr\u017eovaly c\u00edle a z\u00e1sady Charty (OSN &#8211; pozn. red.), zaji\u0161t\u011bn\u00ed respektov\u00e1n\u00ed svrchovan\u00e9 rovnosti st\u00e1t\u016f, nezasahov\u00e1n\u00ed do jejich vnit\u0159n\u00edch z\u00e1le\u017eitost\u00ed, \u0159e\u0161en\u00ed spor\u016f politick\u00fdmi a diplomatick\u00fdmi prost\u0159edky, odm\u00edtnut\u00ed hrozby s\u00edly nebo jej\u00ed pou\u017eit\u00ed,\u201c \u0159ekl Lavrov.<\/p>\n<p>Zd\u016fraznil, \u017ee Moskva pova\u017euje za \u0161kodliv\u00e1 jak\u00e1koliv opat\u0159en\u00ed obch\u00e1zej\u00edc\u00ed Chartu OSN, jejich\u017e c\u00edlem je zmocnit se rozhodovac\u00edho procesu.<\/p>\n<p>\u201eZ\u00e1pad se ji\u017e nestar\u00e1 o normy mezin\u00e1rodn\u00edho pr\u00e1va a nyn\u00ed vy\u017eaduje, aby se v\u0161ichni \u0159\u00eddili jeho pravidly a dodr\u017eovali j\u00edm stanoven\u00fd \u0159\u00e1d,\u201c uzav\u0159el ministr.<\/p>\n<p><strong>Gener\u00e1ln\u00ed tajemn\u00edk OSN vyzval, abychom se za ka\u017edou cenu vyhnuli nov\u00e9 studen\u00e9 v\u00e1lce<\/strong><\/p>\n<p>Gener\u00e1ln\u00ed tajemn\u00edk OSN Ant\u00f3nio Guterres nal\u00e9h\u00e1, abychom se za ka\u017edou cenu vyhnuli\u00a0nov\u00e9 studen\u00e9 v\u00e1lce.<\/p>\n<p>Guterres uvedl, \u017ee varoval p\u0159ed nebezpe\u010d\u00edm nov\u00e9ho geostrategick\u00e9ho rozd\u011blen\u00ed a dysfunkc\u00ed ve vztaz\u00edch mezi mocnostmi. Podle n\u011bj by to zkomplikovalo mezin\u00e1rodn\u00ed spolupr\u00e1ci v okam\u017eiku, kdy je j\u00ed nejv\u00edce zapot\u0159eb\u00ed.<\/p>\n<p>\u201eMus\u00edme se za ka\u017edou cenu vyhnout nov\u00e9 studen\u00e9 v\u00e1lce. A mus\u00edme p\u0159ekonat fale\u0161nou propast mezi n\u00e1rodn\u00ed suverenitou a lidsk\u00fdmi pr\u00e1vy vytv\u00e1\u0159en\u00edm jednotn\u00e9ho pohledu na lidsk\u00e1 pr\u00e1va, jejich ned\u011blitelnost a univerz\u00e1lnost,\u201c \u0159ekl Guterres.<\/p>\n<p>Podle jeho slov je proti tomu v\u0161emu nejlep\u0161\u00edm protijedem o\u017eiven\u00ed spole\u010dn\u00e9ho uzn\u00e1v\u00e1n\u00ed z\u00e1kladn\u00edch hodnot. To vy\u017eaduje, aby gener\u00e1ln\u00ed tajemn\u00edk co nejl\u00e9pe vyu\u017eil sjednocuj\u00edc\u00ed schopnost OSN, zdvojn\u00e1sobil \u00fasil\u00ed k\u00a0budov\u00e1n\u00ed diplomacie\u00a0ve jm\u00e9nu m\u00edru, upevnil d\u016fv\u011bru, objevoval oblasti sbli\u017eov\u00e1n\u00ed, sv\u011bdomit\u011b vystupoval jako prost\u0159edn\u00edk a neust\u00e1le spojoval lidi, \u0159ekl gener\u00e1ln\u00ed tajemn\u00edk.<\/p>\n<p>V p\u00e1tek prob\u00edh\u00e1 na Valn\u00e9m shrom\u00e1\u017ed\u011bn\u00ed neform\u00e1ln\u00ed dialog s kandid\u00e1tem na funkci gener\u00e1ln\u00edho tajemn\u00edka organizace. Jedin\u00fdm kandid\u00e1tem je v tuto chv\u00edli Guterres. P\u011btilet\u00e9 funk\u010dn\u00ed obdob\u00ed sou\u010dasn\u00e9ho gener\u00e1ln\u00edho tajemn\u00edka OSN vypr\u0161\u00ed 31. prosince 2021. P\u0159edt\u00edm byl ofici\u00e1ln\u011b zah\u00e1jen proces jmenov\u00e1n\u00ed nov\u00e9ho gener\u00e1ln\u00edho tajemn\u00edka.<\/p>\n<p><a href=\"https:\/\/cz.sputniknews.com\/20210507\/rusky-ministr-zahranicnich-veci-obvinil-usa-a-eu-z-nasazovani-totalitarismu-14406299.html\">ZDROJ<\/a><\/p>\n<p>&nbsp;<\/p>\n","protected":false},"excerpt":{"rendered":"<p>Moskva pova\u017euje pokusy USA a EU nasadit totalitarismus do sv\u011btov\u00e9ho d\u011bn\u00ed za nep\u0159ijateln\u00e9, prohl\u00e1sil na&#8230;<\/p>\n","protected":false},"author":2,"featured_media":491,"comment_status":"closed","ping_status":"closed","sticky":false,"template":"","format":"standard","meta":[],"categories":[7],"tags":[295,189,186,22,37],"_links":{"self":[{"href":"https:\/\/www.infokuryr.cz\/n\/wp-json\/wp\/v2\/posts\/1480"}],"collection":[{"href":"https:\/\/www.infokuryr.cz\/n\/wp-json\/wp\/v2\/posts"}],"about":[{"href":"https:\/\/www.infokuryr.cz\/n\/wp-json\/wp\/v2\/types\/post"}],"author":[{"embeddable":true,"href":"https:\/\/www.infokuryr.cz\/n\/wp-json\/wp\/v2\/users\/2"}],"replies":[{"embeddable":true,"href":"https:\/\/www.infokuryr.cz\/n\/wp-json\/wp\/v2\/comments?post=1480"}],"version-history":[{"count":0,"href":"https:\/\/www.infokuryr.cz\/n\/wp-json\/wp\/v2\/posts\/1480\/revisions"}],"wp:featuredmedia":[{"embeddable":true,"href":"https:\/\/www.infokuryr.cz\/n\/wp-json\/wp\/v2\/media\/491"}],"wp:attachment":[{"href":"https:\/\/www.infokuryr.cz\/n\/wp-json\/wp\/v2\/media?parent=1480"}],"wp:term":[{"taxonomy":"category","embeddable":true,"href":"https:\/\/www.infokuryr.cz\/n\/wp-json\/wp\/v2\/categories?post=1480"},{"taxonomy":"post_tag","embeddable":true,"href":"https:\/\/www.infokuryr.cz\/n\/wp-json\/wp\/v2\/tags?post=1480"}],"curies":[{"name":"wp","href":"https:\/\/api.w.org\/{rel}","templated":true}]}}