{"id":14793,"date":"2022-09-08T17:40:38","date_gmt":"2022-09-08T15:40:38","guid":{"rendered":"http:\/\/www.infokuryr.cz\/n\/?p=14793"},"modified":"2022-09-08T17:40:38","modified_gmt":"2022-09-08T15:40:38","slug":"britska-kralovna-alzbeta-ii-umira-prijizdeji-pribuzni","status":"publish","type":"post","link":"https:\/\/www.infokuryr.cz\/n\/2022\/09\/08\/britska-kralovna-alzbeta-ii-umira-prijizdeji-pribuzni\/","title":{"rendered":"Britsk\u00e1 kr\u00e1lovna Al\u017eb\u011bta II. um\u00edr\u00e1, p\u0159ij\u00ed\u017ed\u011bj\u00ed p\u0159\u00edbuzn\u00ed"},"content":{"rendered":"<div id=\"fb-root\"><\/div>\n<p class=\"lead\"><span style=\"font-size: 18pt;\"><strong>Zdravotn\u00ed stav 96let\u00e9 britsk\u00e9 kr\u00e1lovny Al\u017eb\u011bty II. se v\u00e1\u017en\u011b zhor\u0161il.\u00a0Podle britsk\u00fdch m\u00e9di\u00ed sp\u011bchali p\u0159\u00edbuzn\u00ed do jej\u00edho s\u00eddla.<\/strong><\/span><\/p>\n<p><span>N\u00e1sledn\u00edk britsk\u00e9ho tr\u016fnu princ\u00a0<\/span><strong><span>Charles<\/span><\/strong><span>\u00a0z Walesu a jeho man\u017eelka\u00a0<strong>Camilla<\/strong><\/span><strong>\u00a0<\/strong><span>, v\u00e9vodkyn\u011b z Cornwallu\u00a0, ji\u017e dorazili na z\u00e1mek Balmoral ve Skotsku, kde je kr\u00e1lovna ubytov\u00e1na.\u00a0Vydal se tam i princ\u00a0<strong>William<\/strong>\u00a0z Cambridge , kter\u00fd je druh\u00fdm v po\u0159ad\u00ed na tr\u016fn .<\/span><\/p>\n<p><span>Dnes, po zpr\u00e1v\u00e1ch o zhor\u0161uj\u00edc\u00edm se zdravotn\u00edm stavu kr\u00e1lovny Al\u017eb\u011bty II., BBC zm\u011bnila vys\u00edlac\u00ed program a p\u0159eru\u0161ila pl\u00e1novan\u00e9 vys\u00edl\u00e1n\u00ed zpravodajsk\u00fdm po\u0159adem, ve kter\u00e9m hovo\u0159ila o zdravotn\u00edm stavu kr\u00e1lovny.\u00a0Buckinghamsk\u00fd pal\u00e1c ji\u017e d\u0159\u00edve vydal prohl\u00e1\u0161en\u00ed, \u017ee l\u00e9ka\u0159i maj\u00ed obavy o zdrav\u00ed Al\u017eb\u011bty II.<\/span><\/p>\n<p><img decoding=\"async\" loading=\"lazy\" class=\"alignnone size-full wp-image-1185\" src=\"http:\/\/www.infokuryr.cz\/n\/wp-content\/uploads\/2021\/04\/kuryr-podpis.png\" alt=\"\" width=\"84\" height=\"24\" \/><\/p>\n<p>&nbsp;<\/p>\n","protected":false},"excerpt":{"rendered":"<p>Zdravotn\u00ed stav 96let\u00e9 britsk\u00e9 kr\u00e1lovny Al\u017eb\u011bty II. se v\u00e1\u017en\u011b zhor\u0161il.\u00a0Podle britsk\u00fdch m\u00e9di\u00ed sp\u011bchali p\u0159\u00edbuzn\u00ed do&#8230;<\/p>\n","protected":false},"author":2,"featured_media":14794,"comment_status":"closed","ping_status":"closed","sticky":false,"template":"","format":"standard","meta":[],"categories":[7],"tags":[3254,3253,303,21],"_links":{"self":[{"href":"https:\/\/www.infokuryr.cz\/n\/wp-json\/wp\/v2\/posts\/14793"}],"collection":[{"href":"https:\/\/www.infokuryr.cz\/n\/wp-json\/wp\/v2\/posts"}],"about":[{"href":"https:\/\/www.infokuryr.cz\/n\/wp-json\/wp\/v2\/types\/post"}],"author":[{"embeddable":true,"href":"https:\/\/www.infokuryr.cz\/n\/wp-json\/wp\/v2\/users\/2"}],"replies":[{"embeddable":true,"href":"https:\/\/www.infokuryr.cz\/n\/wp-json\/wp\/v2\/comments?post=14793"}],"version-history":[{"count":0,"href":"https:\/\/www.infokuryr.cz\/n\/wp-json\/wp\/v2\/posts\/14793\/revisions"}],"wp:featuredmedia":[{"embeddable":true,"href":"https:\/\/www.infokuryr.cz\/n\/wp-json\/wp\/v2\/media\/14794"}],"wp:attachment":[{"href":"https:\/\/www.infokuryr.cz\/n\/wp-json\/wp\/v2\/media?parent=14793"}],"wp:term":[{"taxonomy":"category","embeddable":true,"href":"https:\/\/www.infokuryr.cz\/n\/wp-json\/wp\/v2\/categories?post=14793"},{"taxonomy":"post_tag","embeddable":true,"href":"https:\/\/www.infokuryr.cz\/n\/wp-json\/wp\/v2\/tags?post=14793"}],"curies":[{"name":"wp","href":"https:\/\/api.w.org\/{rel}","templated":true}]}}