{"id":1477,"date":"2021-05-08T07:29:08","date_gmt":"2021-05-08T05:29:08","guid":{"rendered":"http:\/\/www.infokuryr.cz\/n\/?p=1477"},"modified":"2021-05-08T07:29:08","modified_gmt":"2021-05-08T05:29:08","slug":"manipulace-a-fantazie-novinari-manipuluji-ceskou-republikou","status":"publish","type":"post","link":"https:\/\/www.infokuryr.cz\/n\/2021\/05\/08\/manipulace-a-fantazie-novinari-manipuluji-ceskou-republikou\/","title":{"rendered":"Manipulace a fantazie. Novin\u00e1\u0159i manipuluj\u00ed \u010ceskou republikou"},"content":{"rendered":"<div id=\"fb-root\"><\/div>\n<p><strong>M\u00e9dia hlavn\u00edho proudu manipuluj\u00ed na\u0161\u00ed republikou. Sta\u010d\u00ed si vymyslet p\u0159\u00edb\u011bh a kredit politika nebo cel\u00e9ho st\u00e1tu je tentam. V\u0161e se te\u010f odehr\u00e1v\u00e1 p\u0159\u00edmo p\u0159ed na\u0161imi zraky.<\/strong><\/p>\n<p>To bylo pohor\u0161en\u00ed. To bylo pozdvi\u017een\u00ed. V Poslaneck\u00e9 sn\u011bmovn\u011b novin\u00e1\u0159\u016fm rozdali novin\u00e1\u0159sk\u00e9 h\u0159\u00edchy investigavce Janka Kroupy. Dokument byl nazvan\u00fd \u201eBarometr d\u016fv\u011bryhodnosti novin\u00e1\u0159e Janka Kroupy\u201c a prvn\u00ed m\u00edstop\u0159edseda soci\u00e1ln\u00ed demokracie Roman Onderka si p\u0159isadil a p\u0159ipomn\u011bl kauzu Budi\u0161ov z roku 2006 a nez\u00e1konnou vazbu sou\u010dasn\u00e9 eurokomisa\u0159ky V\u011bry Jourov\u00e9, co\u017e byla kauza, kter\u00e1 z\u00e1sadn\u011b\u00a0po\u0161kodila\u00a0soci\u00e1ln\u00ed demokracii n\u011bkolik t\u00fddn\u016f p\u0159ed volbami.<\/p>\n<p>Vy u\u017e draz\u00ed \u010dten\u00e1\u0159i tu\u0161\u00edte, \u017ee jde o obvin\u011bn\u00ed ministra vnitra a \u0161\u00e9fa \u010cSSD\u00a0Jana Ham\u00e1\u010dka, kter\u00fd cht\u011bl \u00fadajn\u011b jet do Ruska a prezidentu Putinovi navrhnout ml\u010den\u00ed o Vrb\u011btic\u00edch v\u00fdm\u011bnou za vakc\u00ednu Sputnik V a summit rusk\u00e9ho a americk\u00e9ho prezidenta v Praze. S touto bl\u00e1hovou, ale politicky t\u0159eskutou zpr\u00e1vou, p\u0159i\u0161el pr\u00e1v\u011b novin\u00e1\u0159 Kroupa.<\/p>\n<p>Kroupovo tvrzen\u00ed nikdo nepotvrdil, ale Ham\u00e1\u010dek dostal n\u00e1lepku vlastizr\u00e1dce. A ta se s n\u00edm pot\u00e1hne do voleb a d\u00e1l. Nechceme se tu zast\u00e1vat sporn\u00e9ho \u0161\u00e9fa soci\u00e1ln\u00edch demokrat\u016f, pro\u010d by? Nebudeme kydat \u0161p\u00ednu na Kroupu, svou investigac\u00ed si s\u00e1m \u0161kod\u00ed. Jde n\u00e1m o n\u011bco jin\u00e9ho. O moc, kterou maj\u00ed novin\u00e1\u0159i hlavn\u00edho proudu a jak s n\u00ed nakl\u00e1daj\u00ed.<\/p>\n<p>V\u0161imli jste si? Novin\u00e1\u0159 hlavn\u00edho proudu dnes nepopisuje realitu, on ji aktivisticky vytv\u00e1\u0159\u00ed. Velk\u00e9 kauzy posledn\u00edch let to jen dokazuj\u00ed.<\/p>\n<p>Tak nap\u0159\u00edklad str\u017een\u00ed pomn\u00edku hrdinn\u00e9ho sov\u011btsk\u00e9ho mar\u0161\u00e1la Kon\u011bva na pra\u017esk\u00e9m n\u00e1m\u011bst\u00ed Interbrig\u00e1dy a veleben\u00ed zr\u00e1dc\u016f vlasovc\u016f. M\u00e9dia hlavn\u00edho proudu p\u0159isp\u011bla k tomu, \u017ee se z lok\u00e1ln\u00ed kauzy stalo mezin\u00e1rodn\u00ed t\u00e9ma. Pamatujete jak\u00fd prostor m\u011bli, a st\u00e1le maj\u00ed, rusofobov\u00e9, kte\u0159\u00ed plivali na pam\u00e1tku hrdinn\u00e9ho mar\u0161\u00e1la? T\u00e9matem t\u011bchto m\u00e9di\u00ed bylo zpochybn\u011bn\u00ed role Sov\u011btsk\u00e9ho svazu p\u0159i osvobozen\u00ed na\u0161\u00ed vlasti. Ta p\u0159itom byla kl\u00ed\u010dov\u00e1.<\/p>\n<p>A co ta kauza ricin? Ru\u0161t\u00ed tajn\u00ed agenti p\u0159ijeli do \u010cesk\u00e9 republiky, aby jedem ricinem sprovodili ze sv\u011bta starostu Prahy 6 Ond\u0159eje Kol\u00e1\u0159e a chaotick\u00e9ho starostu \u0158eporyj\u00ed Pavla Novotn\u00e9ho. Dopadlo to, jak to dopadlo. Zprvu komun\u00e1lov\u00e9 dostali policejn\u00ed ochranu, m\u00e9dia z nich d\u011blala \u010desk\u00e9 ob\u011bti travi\u010d\u016f ze Salisbury, a v\u00fdsledek? Kauza ricin ud\u011blala z \u010cech\u016f pitomce, jak posl\u00e9ze\u00a0napsal\u00a0t\u00fdden\u00edk Reflex.<\/p>\n<p>Popsat zasahov\u00e1n\u00ed novin\u00e1\u0159\u016f do politick\u00e9ho d\u011bn\u00ed v \u010cesk\u00e9 republice by vydalo na mimo\u0159\u00e1dn\u011b obs\u00e1hl\u00fd a veskrze smutn\u00fd \u010dl\u00e1nek. Novin\u00e1\u0159i m\u00e9di\u00ed hlavn\u00edho proudu toti\u017e nejsou hl\u00eddac\u00edmi psy demokracie, ani dobromysln\u00fdmi bernard\u00fdny. Jde o ovliv\u0148ov\u00e1n\u00ed, o vliv a nad\u0159azenost, kter\u00e1 ve v\u00fdsledku na\u0161\u00ed republice \u0161kod\u00ed.<\/p>\n<p>O nezdrav\u00e9m vlivu novin\u00e1\u0159\u016f hlavn\u00edho proudu na \u010deskou politiku a spole\u010dnost Sputnik hovo\u0159il s Janou Markovou, zakl\u00e1daj\u00edc\u00ed \u010dlenkou hnut\u00ed Trikol\u00f3ra, m\u00edstop\u0159edsedkyn\u00ed krajsk\u00e9 rady St\u0159edo\u010desk\u00e9ho kraje a soukromou podnikatelkou.<\/p>\n<p>\u201eNovin\u00e1\u0159i v \u010desk\u00fdch pom\u011brech maj\u00ed obdobnou moc, jako v\u0161ude na sv\u011bt\u011b. Sice tu nepo\u017e\u00edvaj\u00ed velk\u00e9 d\u016fv\u011bry, ale jejich moc z d\u016fv\u011bry ve\u0159ejnosti, \u010dten\u00e1\u0159\u016f, div\u00e1k\u016f a poslucha\u010d\u016f nepramen\u00ed. Jejich hlavn\u00edm trumfem, a to po cel\u00e9m sv\u011bt\u011b, nejen v \u010cesku, je, \u017ee mohou diktovat agendu. \u010cili rozhodovat o tom, o \u010dem se bude ps\u00e1t a vys\u00edlat, a o \u010dem se naopak bude ml\u010det. Rozhoduj\u00ed o tom, koho budou do sv\u00fdch po\u0159ad\u016f zv\u00e1t a koho ne, jak se bude o dan\u00e9m t\u00e9matu mluvit, co se upozad\u00ed, a co se naopak bude objevovat st\u00e1le dokola. Mistrem v tenden\u010dnosti je u n\u00e1s paradoxn\u011b \u010cesk\u00e1 televize. Je placen\u00e1 z na\u0161ich poplatk\u016f, a tak by m\u011bla b\u00fdt vzorem nez\u00e1vislosti a objektivity, ale d\u011bje se p\u0159esn\u00fd opak. Tak\u017ee ano, maj\u00ed d\u016fle\u017eit\u00fd vliv na m\u00edn\u011bn\u00ed zna\u010dn\u00e9 \u010d\u00e1sti ve\u0159ejnosti tzv. \u201e\u017e\u00e1douc\u00edm zp\u016fsobem\u201c. Cokoliv jin\u00e9ho je pak ozna\u010dov\u00e1no jako dezinformace a fake news,\u201c m\u00edn\u00ed politi\u010dka.<\/p>\n<p><strong>Jak fat\u00e1ln\u00ed dohru m\u016f\u017ee m\u00edt chyba novin\u00e1\u0159e? V\u00edme, \u017ee kv\u016fli investigativci Kroupovi sou\u010dasn\u00e1 eurokomisa\u0159ka Jourov\u00e1 sed\u011bla ve vazb\u011b\u2026<\/strong><\/p>\n<p>\u201eJak fat\u00e1ln\u00ed m\u016f\u017ee m\u00edt dohru? Zcela.\u00a0V\u011bra Jourov\u00e1\u00a0byla p\u0159ed 15 lety odsouzena v souvislosti s korup\u010dn\u00ed kauzou Budi\u0161ov, na jej\u00edm\u017e odhalen\u00ed se tehdy Janek Kroupa pod\u00edlel a cht\u011bla kv\u016fli tomu sp\u00e1chat sebevra\u017edu. Janek Kroupa tehdy dokonce v t\u00e9to kauze sv\u011bd\u010dil, ale ani obvin\u011bn\u00ed, ani sv\u011bdectv\u00ed novin\u00e1\u0159e na odsouzen\u00ed nesta\u010d\u00ed. Pokud je pravda, \u017ee k trestn\u00e9mu \u010dinu, za kter\u00fd byla tehdy sou\u010dasn\u00e1 m\u00edstop\u0159edsedkyn\u011b Evropsk\u00e9 komise Jourov\u00e1 odsouzena nedo\u0161lo, bylo jej\u00ed odsouzen\u00ed p\u0159edev\u0161\u00edm chybou soudu, kter\u00fd m\u00e1 rozhodovat o vin\u011b a nevin\u011b, p\u0159\u00edpadn\u011b o trestu. Nicm\u00e9n\u011b samoz\u0159ejm\u011b m\u00e1te pravdu, chyba novin\u00e1\u0159e m\u016f\u017ee m\u00edt a \u010dasto i m\u00e1 krut\u00e9 n\u00e1sledky. A nemus\u00ed poka\u017ed\u00e9 j\u00edt \u201epouze\u201c o posti\u017een\u00ed jednotlivce, jako se to kdysi p\u0159ihodilo V\u011b\u0159e Jourov\u00e9. Dokonce nemus\u00ed j\u00edt jen o chybu novin\u00e1\u0159e, nejednou se jedn\u00e1 sp\u00ed\u0161e o jejich z\u00e1m\u011br. Zp\u016fsobem, jak\u00fdm nastoluj\u00ed agendu, novin\u00e1\u0159i \u010dasto vytv\u00e1\u0159ej\u00ed spole\u010densko-politick\u00e9 probl\u00e9my a tlaky, stoj\u00ed u zrodu v\u00e1lek nebo t\u0159eba rasov\u00fdch nepokoj\u016f. Byli to nap\u0159\u00edklad aktivisti\u010dt\u00ed novin\u00e1\u0159i, kte\u0159\u00ed p\u0159ed 22 lety burcovali z\u00e1padn\u00ed vl\u00e1dy do v\u00e1lky proti Jugosl\u00e1vii, kdy\u017e psali o masov\u00fdch B\u011blehradem organizovan\u00fdch etnick\u00fdch \u010distk\u00e1ch, pro kter\u00e9 se nikdy nepoda\u0159ilo naj\u00edt d\u016fkazy, navzdory neskute\u010dn\u00e9 snaze. Ot\u00e1zkou samoz\u0159ejm\u011b je, co nebo kdo k tomu ty novin\u00e1\u0159e vede,\u201c \u0159\u00edk\u00e1 pan\u00ed Markov\u00e1.<\/p>\n<p><strong>Boj\u00edte se novin\u00e1\u0159\u016f? Respektive jejich moci manipulovat na\u0161\u00ed republikou?<\/strong><\/p>\n<p>\u201eNovin\u00e1\u0159i hledaj\u00ed senzace, pot\u0159ebuj\u00ed z\u00edskat pozornost, kter\u00e1 je samotn\u00e9 \u017eiv\u00ed. Na pravd\u011b z\u00e1le\u017e\u00ed a\u017e v druh\u00e9 \u0159ad\u011b, hlavn\u00ed je m\u00edt senzaci. Takhle spole\u010dnost funguje bez ohledu na to, co si o tom m\u016f\u017eeme myslet. \u010ceho se ale v t\u00e9to souvislosti boj\u00edm, je na\u0161e otup\u011blost ze v\u0161ech t\u011bch fale\u0161n\u00fdch poplach\u016f. Dnes \u010dteme v m\u00e9di\u00edch titulky o vlastizr\u00e1dc\u00edch na Hrad\u011b i ve vl\u00e1d\u011b, kter\u00e9 do ohluchnut\u00ed opakuj\u00ed politici. Jindy se stejn\u011b v\u00e1\u0161niv\u011b mluv\u00ed nap\u0159\u00edklad o pu\u010di nebo o konci demokracie. Je to inflace senza\u010dn\u00edch odhalen\u00ed a obvin\u011bn\u00ed. Jak\u00fdmi slovy nazveme vlastizr\u00e1dce, a\u017e se mezi n\u00e1mi skute\u010dn\u011b n\u011bkdo takov\u00fd objev\u00ed, abychom v\u011bd\u011bli, \u017ee tentokr\u00e1t jsme ve skute\u010dn\u00e9m nebezpe\u010d\u00ed? Dal\u0161\u00ed v\u011bc je, kdo ty novin\u00e1\u0159e plat\u00ed a v \u010d\u00edm z\u00e1jmu p\u00ed\u0161\u00ed. Leckdy jsou napojeni na lidi z r\u016fzn\u00fdch politick\u00fdch neziskovek a spolk\u016f, kdy jejich c\u00edlem nen\u00ed informovat, ale manipulovat lidmi a prosazovat jejich z\u00e1jmy. Proti tomu je nutn\u00e9 se postavit a trvat na svobod\u011b slova a projevu pro v\u0161echny, nejen pro vybran\u00e9. A ostatn\u00ed \u0161ikanovat pomoc\u00ed r\u016fzn\u00fdch udava\u010dsk\u00fdch spolk\u016f, jako jsou t\u0159eba \u010ce\u0161t\u00ed elfov\u00e9, kte\u0159\u00ed si vedou svodky na ka\u017ed\u00e9ho, kdo je jejich vid\u011bn\u00ed sv\u011bta nepohodln\u00fd. A maj\u00ed moc ho z medi\u00e1ln\u00edho prostoru v podstat\u011b vymazat,\u201c \u0159\u00edk\u00e1 zakl\u00e1daj\u00edc\u00ed \u010dlenka hnut\u00ed Trikol\u00f3ra\u00a0Jana Markov\u00e1.<\/p>\n<p>Alena Novotn\u00e1<\/p>\n<p><a href=\"https:\/\/cz.sputniknews.com\/20210507\/manipulace-a-fantazie-novinari-manipuluji-ceskou-republikou-14400482.html\">ZDROJ<\/a><\/p>\n<p>&nbsp;<\/p>\n","protected":false},"excerpt":{"rendered":"<p>M\u00e9dia hlavn\u00edho proudu manipuluj\u00ed na\u0161\u00ed republikou. Sta\u010d\u00ed si vymyslet p\u0159\u00edb\u011bh a kredit politika nebo cel\u00e9ho&#8230;<\/p>\n","protected":false},"author":2,"featured_media":1478,"comment_status":"closed","ping_status":"closed","sticky":false,"template":"","format":"standard","meta":[],"categories":[6],"tags":[76,28,158],"_links":{"self":[{"href":"https:\/\/www.infokuryr.cz\/n\/wp-json\/wp\/v2\/posts\/1477"}],"collection":[{"href":"https:\/\/www.infokuryr.cz\/n\/wp-json\/wp\/v2\/posts"}],"about":[{"href":"https:\/\/www.infokuryr.cz\/n\/wp-json\/wp\/v2\/types\/post"}],"author":[{"embeddable":true,"href":"https:\/\/www.infokuryr.cz\/n\/wp-json\/wp\/v2\/users\/2"}],"replies":[{"embeddable":true,"href":"https:\/\/www.infokuryr.cz\/n\/wp-json\/wp\/v2\/comments?post=1477"}],"version-history":[{"count":0,"href":"https:\/\/www.infokuryr.cz\/n\/wp-json\/wp\/v2\/posts\/1477\/revisions"}],"wp:featuredmedia":[{"embeddable":true,"href":"https:\/\/www.infokuryr.cz\/n\/wp-json\/wp\/v2\/media\/1478"}],"wp:attachment":[{"href":"https:\/\/www.infokuryr.cz\/n\/wp-json\/wp\/v2\/media?parent=1477"}],"wp:term":[{"taxonomy":"category","embeddable":true,"href":"https:\/\/www.infokuryr.cz\/n\/wp-json\/wp\/v2\/categories?post=1477"},{"taxonomy":"post_tag","embeddable":true,"href":"https:\/\/www.infokuryr.cz\/n\/wp-json\/wp\/v2\/tags?post=1477"}],"curies":[{"name":"wp","href":"https:\/\/api.w.org\/{rel}","templated":true}]}}