{"id":14755,"date":"2022-09-08T04:36:05","date_gmt":"2022-09-08T02:36:05","guid":{"rendered":"http:\/\/www.infokuryr.cz\/n\/?p=14755"},"modified":"2022-09-08T06:37:08","modified_gmt":"2022-09-08T04:37:08","slug":"zatimco-se-evropa-trapi-nedostatkem-plynu-vypocitavost-spojenych-statu-je-opet-v-pohybu","status":"publish","type":"post","link":"https:\/\/www.infokuryr.cz\/n\/2022\/09\/08\/zatimco-se-evropa-trapi-nedostatkem-plynu-vypocitavost-spojenych-statu-je-opet-v-pohybu\/","title":{"rendered":"Zat\u00edmco se Evropa tr\u00e1p\u00ed \u201enedostatkem plynu\u201c, vypo\u010d\u00edtavost Spojen\u00fdch st\u00e1t\u016f je op\u011bt v pohybu"},"content":{"rendered":"<div id=\"fb-root\"><\/div>\n<p><span data-spm-anchor-id=\"C01140752918.Pq1poEUXqS9i.0.i1\">\u201eNa za\u010d\u00e1tku roku 2022 tvo\u0159il 25 procent energie EU zemn\u00ed plyn, z \u010deho\u017e 50 procent poch\u00e1zelo z Ruska, a nyn\u00ed Rusko p\u0159edstavuje pouze 9 procent dovozu zemn\u00edho plynu do Evropy.\u201c Francouzsk\u00fd prezident Emmanuel Macron 5. z\u00e1\u0159\u00ed m\u00edstn\u00edho \u010dasu vyzval Francouze k \u00faspo\u0159e energie, v\u010detn\u011b sn\u00ed\u017een\u00ed teploty klimatizace, sn\u00ed\u017een\u00ed teploty vnit\u0159n\u00edho vyt\u00e1p\u011bn\u00ed na 19 stup\u0148\u016f v zim\u011b a tak d\u00e1le.<\/span><\/p>\n<p>V sou\u010dasn\u00e9 dob\u011b jsou evropsk\u00e9 zem\u011b znepokojeny \u201enedostatkem plynu\u201c, ale v\u011bt\u0161\u00ed dilema je st\u00e1le p\u0159ed nimi: Rusko ned\u00e1vno uvedlo, \u017ee kv\u016fli v\u00edcen\u00e1sobn\u00fdm poruch\u00e1m plynovod \u201eNord Stream 1\u201c zcela zastav\u00ed p\u0159epravu plynu a\u017e do vy\u0159e\u0161en\u00ed poruch. P\u0159edt\u00edm byla p\u0159eprava plynu plynovodem \u201eNord Stream 1\u201c do Evropy mnohokr\u00e1t omezena. Vzhledem k tomu, \u017ee tento plynovod p\u0159edstavoval v lo\u0148sk\u00e9m roce 40 procent rusk\u00e9ho v\u00fdvozu zemn\u00edho plynu do Evropy, lze si p\u0159edstavit, co bude pro Evropu znamenat jeho \u00fapln\u00e9 odstaven\u00ed.<\/p>\n<p>Druhou str\u00e1nkou \u201enedostatku plynu\u201c je prudce rostouc\u00ed cena energie, jako je zemn\u00ed plyn. V minul\u00e9m srpnu vzrostly ceny energi\u00ed v euroz\u00f3n\u011b a\u017e o 38,3 procenta, a staly se tak hlavn\u00edm faktorem, kter\u00fd zvy\u0161oval inflaci. V tomto m\u011bs\u00edci m\u00edra inflace v euroz\u00f3n\u011b dos\u00e1hla 9,1 procenta. Britsk\u00e1 m\u00e9dia uvedla, \u017ee tyto \u00fadaje jsou nejvy\u0161\u0161\u00ed od zaveden\u00ed eura.<\/p>\n<p>N\u011bmci se dokonce z\u00e1sobuj\u00ed palivov\u00fdm d\u0159\u00edv\u00edm, aby p\u0159e\u017eili chladnou zimu starom\u00f3dn\u00edm zp\u016fsobem topen\u00edm d\u0159evem. Lid\u00e9 v \u010cesku, Francii a dal\u0161\u00edch zem\u00edch vy\u0161li do ulic protestovat a po\u017eadovali, aby vl\u00e1da zru\u0161ila sankce v\u016f\u010di Rusku a zlep\u0161ila \u017eivobyt\u00ed lid\u00ed.<\/p>\n<p>\u201eThe Economist\u201c ned\u00e1vno zve\u0159ejnil \u010dl\u00e1nek, \u017ee prudce rostouc\u00ed ceny energi\u00ed a elekt\u0159iny zhor\u0161\u00ed rozsah evropsk\u00e9 hospod\u00e1\u0159sk\u00e9 recese. Mnoho analytik\u016f se domn\u00edv\u00e1, \u017ee tato energetick\u00e1 krize spustila \u0159adu \u0159et\u011bzov\u00fdch reakc\u00ed: Evropa pot\u0159ebuje nejen \u010das a obrovsk\u00e9 n\u00e1klady na zm\u011bnu sou\u010dasn\u00e9 energetick\u00e9 struktury, ale mohou n\u00e1sledovat i soci\u00e1ln\u00ed nepokoje.<\/p>\n<p>Energetick\u00e1 krize, kter\u00e1 su\u017euje Evropu, je z velk\u00e9 \u010d\u00e1sti d\u016fsledkem toho, \u017ee Evropa n\u00e1sledovala n\u011bkolik kol americk\u00fdch sankc\u00ed v\u016f\u010di Rusku. Ale pot\u00e9, co USA letos v b\u0159eznu vydaly energetick\u00fd z\u00e1kaz pro Rusko, nastavily dom\u00e1c\u00edm spole\u010dnostem \u201en\u00e1razn\u00edkov\u00e9 obdob\u00ed\u201c na n\u00e1kup rusk\u00e9 ropy ve velk\u00e9m. Podle zpr\u00e1v m\u00e9di\u00ed od vypuknut\u00ed rusko-ukrajinsk\u00e9 krize Spojen\u00e9 st\u00e1ty nep\u0159etr\u017eit\u011b dov\u00e1\u017eej\u00ed hlavn\u00ed rusk\u00e9 suroviny, v\u010detn\u011b ropy. Na druhou stranu, aby uklidnily evropsk\u00e9 spojence, Spojen\u00e9 st\u00e1ty se zav\u00e1zaly zaplnit pro n\u011b mezeru v z\u00e1sobov\u00e1n\u00ed energi\u00ed. To ale nen\u00ed charita, ale byznys.<\/p>\n<p data-spm-anchor-id=\"C01140752918.Pq1poEUXqS9i.0.i2\">Podle americk\u00e9ho webu Business Insider mohou americk\u00e9 spole\u010dnosti vyd\u011blat v pr\u016fm\u011bru v\u00edce ne\u017e 100 milion\u016f dolar\u016f zisku na lo\u010f s\u00a0n\u00e1kladem zkapaln\u011bn\u00e9ho zemn\u00edho plynu sm\u011b\u0159uj\u00edc\u00ed do Evropy. N\u011bkter\u00e1 evropsk\u00e1 m\u00e9dia komentovala, \u017ee Spojen\u00e9 st\u00e1ty p\u0159edst\u00edraj\u00ed, \u017ee jsou zachr\u00e1nci, zat\u00edmco vyd\u011bl\u00e1vaj\u00ed obrovsk\u00e9 zisky z prodeje zemn\u00edho plynu do evropsk\u00fdch zem\u00ed. S bl\u00ed\u017e\u00edc\u00edmi se volbami v polovin\u011b obdob\u00ed za\u010dala americk\u00e1 vl\u00e1da teatr\u00e1ln\u00edm zp\u016fsobem omezovat v\u00fdvoz energie, aby omezila inflaci a naklonila si ve\u0159ejn\u00e9 m\u00edn\u011bn\u00ed. Pokud jde o to, co si mysl\u00ed Evropan\u00e9, to je Americe \u00fapln\u011b jedno.<\/p>\n<p data-spm-anchor-id=\"C01140752918.Pq1poEUXqS9i.0.i2\"><img decoding=\"async\" loading=\"lazy\" class=\"alignnone size-full wp-image-1185\" src=\"http:\/\/www.infokuryr.cz\/n\/wp-content\/uploads\/2021\/04\/kuryr-podpis.png\" alt=\"\" width=\"84\" height=\"24\" \/><\/p>\n<p data-spm-anchor-id=\"C01140752918.Pq1poEUXqS9i.0.i2\">\n","protected":false},"excerpt":{"rendered":"<p>\u201eNa za\u010d\u00e1tku roku 2022 tvo\u0159il 25 procent energie EU zemn\u00ed plyn, z \u010deho\u017e 50 procent&#8230;<\/p>\n","protected":false},"author":2,"featured_media":14528,"comment_status":"closed","ping_status":"closed","sticky":false,"template":"","format":"standard","meta":[],"categories":[7],"tags":[41,1008,37],"_links":{"self":[{"href":"https:\/\/www.infokuryr.cz\/n\/wp-json\/wp\/v2\/posts\/14755"}],"collection":[{"href":"https:\/\/www.infokuryr.cz\/n\/wp-json\/wp\/v2\/posts"}],"about":[{"href":"https:\/\/www.infokuryr.cz\/n\/wp-json\/wp\/v2\/types\/post"}],"author":[{"embeddable":true,"href":"https:\/\/www.infokuryr.cz\/n\/wp-json\/wp\/v2\/users\/2"}],"replies":[{"embeddable":true,"href":"https:\/\/www.infokuryr.cz\/n\/wp-json\/wp\/v2\/comments?post=14755"}],"version-history":[{"count":0,"href":"https:\/\/www.infokuryr.cz\/n\/wp-json\/wp\/v2\/posts\/14755\/revisions"}],"wp:featuredmedia":[{"embeddable":true,"href":"https:\/\/www.infokuryr.cz\/n\/wp-json\/wp\/v2\/media\/14528"}],"wp:attachment":[{"href":"https:\/\/www.infokuryr.cz\/n\/wp-json\/wp\/v2\/media?parent=14755"}],"wp:term":[{"taxonomy":"category","embeddable":true,"href":"https:\/\/www.infokuryr.cz\/n\/wp-json\/wp\/v2\/categories?post=14755"},{"taxonomy":"post_tag","embeddable":true,"href":"https:\/\/www.infokuryr.cz\/n\/wp-json\/wp\/v2\/tags?post=14755"}],"curies":[{"name":"wp","href":"https:\/\/api.w.org\/{rel}","templated":true}]}}