{"id":14742,"date":"2022-09-08T01:11:13","date_gmt":"2022-09-07T23:11:13","guid":{"rendered":"http:\/\/www.infokuryr.cz\/n\/?p=14742"},"modified":"2022-09-07T20:22:38","modified_gmt":"2022-09-07T18:22:38","slug":"albanie-prerusila-diplomaticke-styky-s-iranem","status":"publish","type":"post","link":"https:\/\/www.infokuryr.cz\/n\/2022\/09\/08\/albanie-prerusila-diplomaticke-styky-s-iranem\/","title":{"rendered":"Alb\u00e1nie p\u0159eru\u0161ila diplomatick\u00e9 styky s \u00cdr\u00e1nem"},"content":{"rendered":"<div id=\"fb-root\"><\/div>\n<p><span style=\"font-size: 18pt;\"><strong>Alb\u00e1nie se rozhodla p\u0159eru\u0161it vztahy v reakci na \u00fadajn\u00fd kybernetick\u00fd \u00fatok Teher\u00e1nu, \u0159ekl n\u00e1rodn\u00ed premi\u00e9r<\/strong><\/span><\/p>\n<p><span>Alb\u00e1nie p\u0159eru\u0161ila diplomatick\u00e9 styky s \u00cdr\u00e1nem kv\u016fli \u00fadajn\u00e9mu kybernetick\u00e9mu \u00fatoku na n\u00e1rodn\u00ed digit\u00e1ln\u00ed infrastrukturu a na\u0159\u00eddila v\u0161em diplomatick\u00fdm zam\u011bstnanc\u016fm Teher\u00e1nu odej\u00edt do 24 hodin, \u0159ekl ve st\u0159edu alb\u00e1nsk\u00fd premi\u00e9r Edi Rama.<\/span><\/p>\n<p><span>Ve video prohl\u00e1\u0161en\u00ed Rama poznamenal, \u017ee\u00a0<\/span><em><span>\u201etato extr\u00e9mn\u00ed reakce je pln\u011b \u00fam\u011brn\u00e1 z\u00e1va\u017enosti a riziku kybernetick\u00e9ho \u00fatoku\u201c<\/span><\/em><span>\u00a0, kter\u00fd ned\u00e1vno ohro\u017eoval ve\u0159ejn\u00e9 slu\u017eby a vyvolal chaos a nejistotu v balk\u00e1nsk\u00e9 zemi.\u00a0<\/span><\/p>\n<p><span>Premi\u00e9r d\u00e1le uvedl, \u017ee \u00fatok, ke kter\u00e9mu do\u0161lo v polovin\u011b \u010dervence,\u00a0<\/span><em><span>\u201enesplnil sv\u016fj \u00fa\u010del\u201c,<\/span><\/em><span>\u00a0p\u0159i\u010dem\u017e \u0161kody byly minim\u00e1ln\u00ed.\u00a0Podle jeho n\u00e1zoru se v\u0161ak tiransk\u00fdm org\u00e1n\u016fm \u010dinn\u00fdm v trestn\u00edm \u0159\u00edzen\u00ed poda\u0159ilo\u00a0<\/span><em><span>\u201ebez st\u00ednu pochybnost\u00ed ur\u010dit\u201c<\/span><\/em><span>\u00a0vin\u00edka za pokusem o hackersk\u00fd \u00fatok.<\/span><\/p>\n<p><em><span>\u201eD\u016fkladn\u00e9 vy\u0161et\u0159ov\u00e1n\u00ed n\u00e1m poskytlo nezpochybniteln\u00e9 d\u016fkazy, \u017ee kybernetick\u00fd \u00fatok proti na\u0161\u00ed zemi byl zorganizov\u00e1n a sponzorov\u00e1n \u00cdr\u00e1nskou isl\u00e1mskou republikou,\u201c<\/span><\/em><span>\u00a0uvedl Rama a dodal, \u017ee \u0161lo o spole\u010dn\u00e9 \u00fasil\u00ed \u010dty\u0159 skupin, p\u0159i\u010dem\u017e jedna z nich se zjevn\u011b zvedla. podobn\u00e9 \u00fatoky na Izrael, Sa\u00fadskou Ar\u00e1bii, Spojen\u00e9 arabsk\u00e9 emir\u00e1ty, Jord\u00e1nsko, Kuvajt a Kypr.<\/span><\/p>\n<p><span>Spojen\u00e9 st\u00e1ty tak\u00e9 zv\u00e1\u017eily, kdy\u017e mluv\u010d\u00ed Rady n\u00e1rodn\u00ed bezpe\u010dnosti Adrienne Watson \u0159ekla, \u017ee Washington\u00a0<\/span><em><span>\u201ed\u016frazn\u011b odsuzuje \u00edr\u00e1nsk\u00fd kybernetick\u00fd \u00fatok\u201c<\/span><\/em><span>\u00a0a podporuje Tiranu v jej\u00edm \u00fasil\u00ed pohnat Teher\u00e1n k odpov\u011bdnosti.\u00a0<\/span><\/p>\n<p><span>Poznamenala tak\u00e9, \u017ee ameri\u010dt\u00ed kyberneti\u010dt\u00ed experti byli zapojeni do vy\u0161et\u0159ov\u00e1n\u00ed hackingu a dosp\u011bla k z\u00e1v\u011bru, \u017ee to byl \u00cdr\u00e1n, kdo\u00a0<\/span><em><span>\u201eprovedl tento bezohledn\u00fd a nezodpov\u011bdn\u00fd kybernetick\u00fd \u00fatok\u201c.<\/span><\/em><\/p>\n<p><span>Nap\u011bt\u00ed mezi Alb\u00e1ni\u00ed a \u00cdr\u00e1nem je ji\u017e del\u0161\u00ed dobu vysok\u00e9.\u00a0V roce 2018 Tirana s odkazem na americk\u00e9 \u00fa\u0159edn\u00edky obvinila Teher\u00e1n z p\u0159\u00edpravy\u00a0<\/span><em><span>\u201eteroristick\u00fdch \u00fatok\u016f\u201c<\/span><\/em><span>\u00a0v t\u00e9to balk\u00e1nsk\u00e9 zemi a vyho\u0161t\u011bn\u00ed dvou \u00edr\u00e1nsk\u00fdch diplomat\u016f ze zem\u011b, v\u010detn\u011b velvyslance.\u00a0\u00cdr\u00e1n tehdy rozhodnut\u00ed odsoudil s t\u00edm, \u017ee bylo zalo\u017eeno na\u00a0<\/span><em><span>\u201evymy\u0161len\u00fdch zpravodajsk\u00fdch informac\u00edch\u201c<\/span><\/em><span>\u00a0a p\u0159ijato pod tlakem Washingtonu.<\/span><\/p>\n<p><span>Alb\u00e1nie je tak\u00e9 po l\u00e9ta domovem Mujahedin-e-Khalq Organization (MEK), skupiny \u00edr\u00e1nsk\u00fdch disident\u016f, kter\u00e9 Teher\u00e1n obvi\u0148uje ze zabit\u00ed v\u00edce ne\u017e 12 000 \u00edr\u00e1nsk\u00fdch civilist\u016f a \u00fa\u0159ad\u016f od isl\u00e1msk\u00e9 revoluce v roce 1979.<\/span><\/p>\n<p><img decoding=\"async\" loading=\"lazy\" class=\"alignnone size-full wp-image-1185\" src=\"http:\/\/www.infokuryr.cz\/n\/wp-content\/uploads\/2021\/04\/kuryr-podpis.png\" alt=\"\" width=\"84\" height=\"24\" \/><\/p>\n<p>&nbsp;<\/p>\n","protected":false},"excerpt":{"rendered":"<p>Alb\u00e1nie se rozhodla p\u0159eru\u0161it vztahy v reakci na \u00fadajn\u00fd kybernetick\u00fd \u00fatok Teher\u00e1nu, \u0159ekl n\u00e1rodn\u00ed premi\u00e9r&#8230;<\/p>\n","protected":false},"author":2,"featured_media":14743,"comment_status":"closed","ping_status":"closed","sticky":false,"template":"","format":"standard","meta":[],"categories":[7],"tags":[821,3086,38],"_links":{"self":[{"href":"https:\/\/www.infokuryr.cz\/n\/wp-json\/wp\/v2\/posts\/14742"}],"collection":[{"href":"https:\/\/www.infokuryr.cz\/n\/wp-json\/wp\/v2\/posts"}],"about":[{"href":"https:\/\/www.infokuryr.cz\/n\/wp-json\/wp\/v2\/types\/post"}],"author":[{"embeddable":true,"href":"https:\/\/www.infokuryr.cz\/n\/wp-json\/wp\/v2\/users\/2"}],"replies":[{"embeddable":true,"href":"https:\/\/www.infokuryr.cz\/n\/wp-json\/wp\/v2\/comments?post=14742"}],"version-history":[{"count":1,"href":"https:\/\/www.infokuryr.cz\/n\/wp-json\/wp\/v2\/posts\/14742\/revisions"}],"predecessor-version":[{"id":14744,"href":"https:\/\/www.infokuryr.cz\/n\/wp-json\/wp\/v2\/posts\/14742\/revisions\/14744"}],"wp:featuredmedia":[{"embeddable":true,"href":"https:\/\/www.infokuryr.cz\/n\/wp-json\/wp\/v2\/media\/14743"}],"wp:attachment":[{"href":"https:\/\/www.infokuryr.cz\/n\/wp-json\/wp\/v2\/media?parent=14742"}],"wp:term":[{"taxonomy":"category","embeddable":true,"href":"https:\/\/www.infokuryr.cz\/n\/wp-json\/wp\/v2\/categories?post=14742"},{"taxonomy":"post_tag","embeddable":true,"href":"https:\/\/www.infokuryr.cz\/n\/wp-json\/wp\/v2\/tags?post=14742"}],"curies":[{"name":"wp","href":"https:\/\/api.w.org\/{rel}","templated":true}]}}