{"id":14740,"date":"2022-09-08T01:10:37","date_gmt":"2022-09-07T23:10:37","guid":{"rendered":"http:\/\/www.infokuryr.cz\/n\/?p=14740"},"modified":"2022-09-07T20:17:23","modified_gmt":"2022-09-07T18:17:23","slug":"nigerie-pet-muslimu-s-macetami-zavrazdilo-prislusnika-krestanskeho-narodniho-sboru-pro-mladez","status":"publish","type":"post","link":"https:\/\/www.infokuryr.cz\/n\/2022\/09\/08\/nigerie-pet-muslimu-s-macetami-zavrazdilo-prislusnika-krestanskeho-narodniho-sboru-pro-mladez\/","title":{"rendered":"Nig\u00e9rie: P\u011bt muslim\u016f s ma\u010detami zavra\u017edilo p\u0159\u00edslu\u0161n\u00edka K\u0159es\u0165ansk\u00e9ho n\u00e1rodn\u00edho sboru pro ml\u00e1de\u017e"},"content":{"rendered":"<div id=\"fb-root\"><\/div>\n<p><strong>P\u0159edstavte si mezin\u00e1rodn\u00ed titulky, kdyby se role obr\u00e1tily, co\u017e by nebylo a nem\u011blo by b\u00fdt.\u00a0To se ale nedo\u010dk\u00e1 \u017e\u00e1dn\u00e9ho upozorn\u011bn\u00ed.\u00a0Nezapad\u00e1 to do medi\u00e1ln\u00edho vypr\u00e1v\u011bn\u00ed establishmentu, ve kter\u00e9m jsou muslimov\u00e9 v\u017edy a v ka\u017ed\u00e9m p\u0159\u00edpad\u011b ob\u011bt\u00ed.<\/strong><\/p>\n<p><span>\u201e\u010clen Christian Youth Corps zabit ve st\u00e1t\u011b Adamawa, Nig\u00e9rie,\u201c\u00a0<\/span><a href=\"https:\/\/morningstarnews.org\/2022\/09\/christian-youth-corps-member-killed-in-adamawa-state-nigeria\/\" target=\"_blank\" rel=\"noreferrer noopener\"><span>Morning Star News<\/span><\/a><span>\u00a0, 2. z\u00e1\u0159\u00ed 2022:<\/span><\/p>\n<p><span>ABUJA, Nig\u00e9rie (Morning Star News) \u2013 K\u0159es\u0165an vyslan\u00fd do Yola na severov\u00fdchod\u011b Nig\u00e9rie v r\u00e1mci sv\u00e9 slu\u017eby ve sboru ml\u00e1de\u017ee byl zabit 26. srpna p\u0159i podez\u0159en\u00ed z c\u00edlen\u00e9ho \u00fatoku, uvedly zdroje.<\/span><\/p>\n<p><span>Samaila Sabo Awudu byla napadena nejm\u00e9n\u011b p\u011bti mu\u017ei s ma\u010detami kolem 1:30 v jeho pokoji v obytn\u00fdch m\u00edstnostech pro \u010dleny National Youth Service Corps (NYSC) v hlavn\u00edm m\u011bst\u011b st\u00e1tu Adamawa.\u00a0Bylo mu 28.<\/span><\/p>\n<p><span>Absolventi univerzit a polytechniky v Nig\u00e9rii jsou povinni poskytovat jeden rok n\u00e1rodn\u00ed rozvojov\u00e9 slu\u017eby s NYSC a Awudu, obyvatel st\u00e1tu Taraba, slou\u017eil na Elkanemi College of Islamic Theology v Yole, \u0159ekl jeho bratr.<\/span><\/p>\n<p><span>\u010clenov\u00e9 NYSC byli ter\u010dem n\u00e1siln\u00fdch zlo\u010din\u016f v r\u016fzn\u00fdch \u010d\u00e1stech Nig\u00e9rie, ale v p\u0159\u00edpad\u011b Awudu vrazi n\u011bjak \u00fadajn\u011b zamkli dve\u0159e ostatn\u00edch \u010dlen\u016f sboru, ne\u017e ho napadli ma\u010detami a nechali ho mrtv\u00e9ho.<\/span><\/p>\n<p><span>Awudu\u016fv bratr, Ephraim Haruna Sabo, tento t\u00fdden \u0159ekl sympatizant\u016fm na poh\u0159bu v rodinn\u00e9m are\u00e1lu v Gindin Dorowa v okrese Wukari ve st\u00e1t\u011b Taraba, \u017ee \u010dlenov\u00e9 sboru o \u00fatoku \u0159ekli rodinn\u00fdm p\u0159\u00edslu\u0161n\u00edk\u016fm, podle textov\u00e9 zpr\u00e1vy Morning Star News, kterou obdr\u017eel od m\u00edstn\u00edho obyvatele. Benita John, kter\u00e1 byla p\u0159\u00edtomna v jejich dom\u011b na bohoslu\u017eb\u011b.<\/span><\/p>\n<p><span>&#8222;N\u011bkte\u0159\u00ed jeho kolegov\u00e9, \u010dlenov\u00e9 sboru, n\u00e1m \u0159ekli, \u017ee skupina p\u011bti ozbrojen\u00fdch muslim\u016f na n\u011bj za\u00fato\u010dila, kdy\u017e se vloupali do jeho rezidence v NYSC lodge v Yole a po\u0159ezali ho ma\u010detami,&#8220; \u0159ekl podle Johna Sabo sympatizant\u016fm.\u00a0&#8222;Odvezli ho n\u00e1sledn\u011b policist\u00e9, kte\u0159\u00ed tam p\u0159ijeli do Federal Medical Center, Yola, kde zem\u0159el.&#8220;<\/span><\/p>\n<p><span>Awudu vystudoval feder\u00e1ln\u00ed univerzitu ve Wukari ve st\u00e1t\u011b Taraba s titulem biochemie, \u0159ekl Sabo\u2026.<\/span><\/p>\n<p><span>Ve World Watch List pro rok 2022 zem\u00ed, kde je nejt\u011b\u017e\u0161\u00ed b\u00fdt k\u0159es\u0165anem, posko\u010dila Nig\u00e9rie na sedm\u00e9 m\u00edsto, co\u017e je v\u016fbec nejvy\u0161\u0161\u00ed hodnocen\u00ed, z 9. m\u00edsta v p\u0159edchoz\u00edm roce.<\/span><\/p>\n<p><img decoding=\"async\" loading=\"lazy\" class=\"alignnone size-full wp-image-1185\" src=\"http:\/\/www.infokuryr.cz\/n\/wp-content\/uploads\/2021\/04\/kuryr-podpis.png\" alt=\"\" width=\"84\" height=\"24\" \/><\/p>\n<p>&nbsp;<\/p>\n","protected":false},"excerpt":{"rendered":"<p>P\u0159edstavte si mezin\u00e1rodn\u00ed titulky, kdyby se role obr\u00e1tily, co\u017e by nebylo a nem\u011blo by b\u00fdt.\u00a0To&#8230;<\/p>\n","protected":false},"author":2,"featured_media":14741,"comment_status":"closed","ping_status":"closed","sticky":false,"template":"","format":"standard","meta":[],"categories":[7],"tags":[167,44,964,184],"_links":{"self":[{"href":"https:\/\/www.infokuryr.cz\/n\/wp-json\/wp\/v2\/posts\/14740"}],"collection":[{"href":"https:\/\/www.infokuryr.cz\/n\/wp-json\/wp\/v2\/posts"}],"about":[{"href":"https:\/\/www.infokuryr.cz\/n\/wp-json\/wp\/v2\/types\/post"}],"author":[{"embeddable":true,"href":"https:\/\/www.infokuryr.cz\/n\/wp-json\/wp\/v2\/users\/2"}],"replies":[{"embeddable":true,"href":"https:\/\/www.infokuryr.cz\/n\/wp-json\/wp\/v2\/comments?post=14740"}],"version-history":[{"count":0,"href":"https:\/\/www.infokuryr.cz\/n\/wp-json\/wp\/v2\/posts\/14740\/revisions"}],"wp:featuredmedia":[{"embeddable":true,"href":"https:\/\/www.infokuryr.cz\/n\/wp-json\/wp\/v2\/media\/14741"}],"wp:attachment":[{"href":"https:\/\/www.infokuryr.cz\/n\/wp-json\/wp\/v2\/media?parent=14740"}],"wp:term":[{"taxonomy":"category","embeddable":true,"href":"https:\/\/www.infokuryr.cz\/n\/wp-json\/wp\/v2\/categories?post=14740"},{"taxonomy":"post_tag","embeddable":true,"href":"https:\/\/www.infokuryr.cz\/n\/wp-json\/wp\/v2\/tags?post=14740"}],"curies":[{"name":"wp","href":"https:\/\/api.w.org\/{rel}","templated":true}]}}