{"id":14737,"date":"2022-09-08T01:09:51","date_gmt":"2022-09-07T23:09:51","guid":{"rendered":"http:\/\/www.infokuryr.cz\/n\/?p=14737"},"modified":"2022-09-07T20:08:32","modified_gmt":"2022-09-07T18:08:32","slug":"egypt-muslimove-zavrazdili-dva-koptske-krestany-na-sinaji","status":"publish","type":"post","link":"https:\/\/www.infokuryr.cz\/n\/2022\/09\/08\/egypt-muslimove-zavrazdili-dva-koptske-krestany-na-sinaji\/","title":{"rendered":"Egypt: Muslimov\u00e9 zavra\u017edili dva koptsk\u00e9 k\u0159es\u0165any na Sinaji"},"content":{"rendered":"<div id=\"fb-root\"><\/div>\n<p><strong>Isl\u00e1msk\u00fd st\u00e1t (ISIS) p\u016fsob\u00ed na Sinaji ji\u017e pom\u011brn\u011b dlouho.\u00a0Egyptsk\u00e1 vl\u00e1da s t\u00edm bu\u010f nic neud\u011bl\u00e1, nebo nem\u016f\u017ee.\u00a0Salama Moussa Waheeb a jeho syn Hany byli zavra\u017ed\u011bni, proto\u017ee byli k\u0159es\u0165an\u00e9.\u00a0Proto\u017ee se to nehod\u00ed do \u017e\u00e1dn\u00e9ho medi\u00e1ln\u00edho vypr\u00e1v\u011bn\u00ed, usly\u0161\u00edte o tom pouze zde na na\u0161em webu.<\/strong><\/p>\n<p><span>\u201eDva Koptov\u00e9 zast\u0159eleni na Sinaji islamistick\u00fdmi d\u017eih\u00e1disty,\u201c napsal Nader Shukry,\u00a0<\/span><a href=\"https:\/\/en.wataninet.com\/coptic-affairs-coptic-affairs\/coptic-affairs\/two-copts-shot-dead-in-sinai-by-islamist-jihadis\/39580\/\" target=\"_blank\" rel=\"noreferrer noopener\"><span>Wataninent<\/span><\/a><span>\u00a0, 30. srpna 2022:<\/span><\/p>\n<p><em>Dva kopt\u0161t\u00ed mu\u017ei: Salama Moussa Waheeb a jeho syn Hany byli dnes zast\u0159eleni rukou Isl\u00e1msk\u00e9ho d\u017eih\u00e1disty, b\u011b\u017en\u011b naz\u00fdvan\u00e9ho Daesh (Isl\u00e1msk\u00fd st\u00e1t IS), jak tvrd\u00ed p\u0159\u00edbuzn\u00ed ob\u011bt\u00ed.<\/em><\/p>\n<p><em>Ke st\u0159elb\u011b do\u0161lo v oblasti Gelbana v al-Qantara Sharq na st\u0159edoz\u00e1pad\u011b Sinaje.\u00a0P\u0159\u00edbuzn\u00ed ob\u011bt\u00ed uvedli, \u017ee oba Waheebov\u00e9 pracovali na sv\u00fdch pol\u00edch na zem\u011bd\u011blsk\u00e9 p\u016fd\u011b, kterou vlastn\u00ed v Gelban\u011b.<\/em><\/p>\n<p><em>Rodina \u010dek\u00e1 na zpr\u00e1vu nemocnice a policie, aby mohla oba mu\u017ee poh\u0159b\u00edt.<\/em><\/p>\n<p><em>Star\u0161\u00ed Waheeb je otcem p\u011bti d\u011bt\u00ed, dvou syn\u016f a t\u0159\u00ed dcer.\u00a0Hanymu, kter\u00fd p\u0159i\u0161el o \u017eivot se sv\u00fdm otcem, je 40 let a zanechal po sob\u011b man\u017eelku a dv\u011b dcery.<\/em><\/p>\n<p><em>V letech 2013 \u2013 2018 do\u0161lo k za\u010darovan\u00e9mu konfliktu mezi egyptskou arm\u00e1dou a ozbrojen\u00fdmi isl\u00e1msk\u00fdmi d\u017eih\u00e1disty, kte\u0159\u00ed se zabarik\u00e1dovali v poho\u0159\u00ed Severn\u00ed Sinaj b\u011bhem vl\u00e1dy Muslimsk\u00e9ho bratrstva po arabsk\u00e9m jaru v letech 2011 \u2013 2013\u2026<\/em><\/p>\n<p><img decoding=\"async\" loading=\"lazy\" class=\"alignnone size-full wp-image-1185\" src=\"http:\/\/www.infokuryr.cz\/n\/wp-content\/uploads\/2021\/04\/kuryr-podpis.png\" alt=\"\" width=\"84\" height=\"24\" \/><\/p>\n<p>&nbsp;<\/p>\n","protected":false},"excerpt":{"rendered":"<p>Isl\u00e1msk\u00fd st\u00e1t (ISIS) p\u016fsob\u00ed na Sinaji ji\u017e pom\u011brn\u011b dlouho.\u00a0Egyptsk\u00e1 vl\u00e1da s t\u00edm bu\u010f nic neud\u011bl\u00e1,&#8230;<\/p>\n","protected":false},"author":2,"featured_media":14738,"comment_status":"closed","ping_status":"closed","sticky":false,"template":"","format":"standard","meta":[],"categories":[7],"tags":[3245,3246,167,44,1205],"_links":{"self":[{"href":"https:\/\/www.infokuryr.cz\/n\/wp-json\/wp\/v2\/posts\/14737"}],"collection":[{"href":"https:\/\/www.infokuryr.cz\/n\/wp-json\/wp\/v2\/posts"}],"about":[{"href":"https:\/\/www.infokuryr.cz\/n\/wp-json\/wp\/v2\/types\/post"}],"author":[{"embeddable":true,"href":"https:\/\/www.infokuryr.cz\/n\/wp-json\/wp\/v2\/users\/2"}],"replies":[{"embeddable":true,"href":"https:\/\/www.infokuryr.cz\/n\/wp-json\/wp\/v2\/comments?post=14737"}],"version-history":[{"count":1,"href":"https:\/\/www.infokuryr.cz\/n\/wp-json\/wp\/v2\/posts\/14737\/revisions"}],"predecessor-version":[{"id":14739,"href":"https:\/\/www.infokuryr.cz\/n\/wp-json\/wp\/v2\/posts\/14737\/revisions\/14739"}],"wp:featuredmedia":[{"embeddable":true,"href":"https:\/\/www.infokuryr.cz\/n\/wp-json\/wp\/v2\/media\/14738"}],"wp:attachment":[{"href":"https:\/\/www.infokuryr.cz\/n\/wp-json\/wp\/v2\/media?parent=14737"}],"wp:term":[{"taxonomy":"category","embeddable":true,"href":"https:\/\/www.infokuryr.cz\/n\/wp-json\/wp\/v2\/categories?post=14737"},{"taxonomy":"post_tag","embeddable":true,"href":"https:\/\/www.infokuryr.cz\/n\/wp-json\/wp\/v2\/tags?post=14737"}],"curies":[{"name":"wp","href":"https:\/\/api.w.org\/{rel}","templated":true}]}}