{"id":14722,"date":"2022-09-08T01:02:22","date_gmt":"2022-09-07T23:02:22","guid":{"rendered":"http:\/\/www.infokuryr.cz\/n\/?p=14722"},"modified":"2022-09-07T19:02:07","modified_gmt":"2022-09-07T17:02:07","slug":"trussova-chce-rozmanity-kabinet-na-nejvyssich-postech-nebude-ani-jeden-bily-muz","status":"publish","type":"post","link":"https:\/\/www.infokuryr.cz\/n\/2022\/09\/08\/trussova-chce-rozmanity-kabinet-na-nejvyssich-postech-nebude-ani-jeden-bily-muz\/","title":{"rendered":"Trussov\u00e1 chce rozmanit\u00fd kabinet \u2013 na nejvy\u0161\u0161\u00edch postech nebude ani jeden b\u00edl\u00fd mu\u017e"},"content":{"rendered":"<div id=\"fb-root\"><\/div>\n<p>Nov\u00e1 britsk\u00e1 premi\u00e9rka, u ob\u010dan\u016f neobl\u00edben\u00e1, ji\u017e pln\u011b naj\u00ed\u017ed\u00ed na politiku, kterou podporuje i EU.\u00a0 A to nejen ohledn\u011b sv\u00e9ho v\u00e1le\u010dn\u00e9ho \u0161tv\u00e1\u010dstv\u00ed, kdy se neost\u00fdchala nazna\u010dit, \u017ee by se neob\u00e1vala ani pou\u017eit\u00ed jadern\u00fdch zbran\u00ed proti Rusku.<\/p>\n<p>Nikdo nyn\u00ed nev\u00ed, co od n\u00ed o\u010dek\u00e1vat, je dost dob\u0159e mo\u017en\u00e9, \u017ee by mohla n\u00e1hle oto\u010dit a vr\u00e1tit se k jej\u00edmu p\u016fvodn\u00edmu n\u00e1zoru na Brexit. Pat\u0159ila toti\u017e k nejfanati\u010dt\u011bj\u0161\u00edm zast\u00e1nc\u016fm setrv\u00e1n\u00ed Brit\u00e1nie v EU, aby z\u00e1hy po referendu o Brexitu oto\u010dila. Jen\u017ee zd\u00e1 se, \u017ee i dal\u0161\u00ed n\u00e1zory po sv\u00e9m zvolen\u00ed pon\u011bkud \u201ep\u0159ehodnotila.\u201c Ka\u017edop\u00e1dn\u011b politika Trussov\u00e9 bude velmi podobn\u00e1 politice Bidenov\u00fdch USA nebo EU\u2026<\/p>\n<p><a href=\"https:\/\/www.fdesouche.com\/2022\/09\/07\/liz-trusss-cabinet-is-britains-first-without-white-man-in-top-jobs\/\">Nov\u00e1 britsk<\/a>\u00e1 premi\u00e9rka Liz Trussov\u00e1 si vybrala kabinet, kde poprv\u00e9 v historii nebude b\u00edl\u00fd mu\u017e\u00a0 zast\u00e1vat ani jednu ze \u010dty\u0159 nejd\u016fle\u017eit\u011bj\u0161\u00edch ministersk\u00fdch pozic v zemi.<\/p>\n<p>Trussov\u00e1 jmenovala Kwasi Kwartenga \u2013 jeho\u017e rodi\u010de p\u0159i\u0161li z Ghany v roce 1960 \u2013 prvn\u00edm britsk\u00fdm \u010derno\u0161sk\u00fdm ministrem financ\u00ed, zat\u00edmco James Cleverly je prvn\u00edm britsk\u00fdm \u010derno\u0161sk\u00fdm ministrem zahrani\u010d\u00ed.<\/p>\n<p>Cleverly, jeho\u017e matka poch\u00e1z\u00ed ze Sierry Leone a jeho\u017e otec je b\u011bloch, v minulosti mluvil o tom, \u017ee je \u0161ikanov\u00e1n jako d\u00edt\u011b sm\u00ed\u0161en\u00e9 rasy a \u0159ekl, \u017ee strana mus\u00ed ud\u011blat v\u00edce, aby p\u0159il\u00e1kala \u010dern\u00e9 voli\u010de.<\/p>\n<p>Suella Bravermanov\u00e1, jej\u00ed\u017e rodi\u010de p\u0159i\u0161li do Brit\u00e1nie z Keni a Mauricia p\u0159ed \u0161esti des\u00edtkami let, nahrad\u00ed Priti Patelovou ve funkci druh\u00e9 ministryn\u011b vnitra pro etnick\u00e9 men\u0161iny nebo ministryn\u011b vnitra, kde bude zodpov\u011bdn\u00e1 za policii a imigraci.<\/p>\n<p>Rostouc\u00ed rozmanitost je \u010d\u00e1ste\u010dn\u011b zp\u016fsobena n\u00e1r\u016fstem Konzervativn\u00ed strany v posledn\u00edch letech, kter\u00e1 p\u0159edstavila rozmanit\u011bj\u0161\u00ed skupinu kandid\u00e1t\u016f do parlamentu.<\/p>\n<p>Je\u0161t\u011b p\u0159ed n\u011bkolika des\u00edtkami let se britsk\u00e9 vl\u00e1dy skl\u00e1daly p\u0159ev\u00e1\u017en\u011b z b\u00edl\u00fdch mu\u017e\u016f. Teprve v roce 2002 jmenovala Brit\u00e1nie sv\u00e9ho prvn\u00edho ministra z etnick\u00e9 men\u0161iny, kdy\u017e byl Paul Boateng jmenov\u00e1n\u00a0 ministrem financ\u00ed.<\/p>\n<p>Rishi Sunak, jeho\u017e rodi\u010de poch\u00e1zej\u00ed z Indie, byl Kwartengov\u00fdm p\u0159edch\u016fdcem v oblasti financ\u00ed.<\/p>\n<p>\u201ePolitika ud\u00e1vala t\u00f3n. Nyn\u00ed s touto rozmanitost\u00ed zach\u00e1z\u00edme jako s norm\u00e1ln\u00ed,\u201c \u0159ekl Sunder Katwala, \u0159editel nestranick\u00e9ho think tanku British Future, kter\u00fd se zam\u011b\u0159uje na migraci a identitu. \u201eTempo zm\u011bn je mimo\u0159\u00e1dn\u00e9.\u201c<\/p>\n<p>Horn\u00ed vrstvy obchodu, soudnictv\u00ed, st\u00e1tn\u00ed spr\u00e1vy a arm\u00e1dy jsou v\u0161ak st\u00e1le p\u0159ev\u00e1\u017en\u011b b\u00edl\u00e9.<\/p>\n<p>A navzdory kampani strany za rozmanitost tvo\u0159\u00ed \u017eeny pouze \u010dtvrtinu konzervativn\u00edch poslanc\u016f a 6 % men\u0161in.<\/p>\n<p>I ohledn\u011b migrace se zd\u00e1, \u017ee bude politika Trussov\u00e9 bl\u00edzk\u00e1 politice EU, nebo\u0165 odm\u00edt\u00e1 p\u0159edchoz\u00edm kabinetem navr\u017een\u00fd z\u00e1kon, podle n\u011bho\u017e by bylo mo\u017en\u00e9 \u2013 i p\u0159es odpor ESLP \u2013 p\u0159ev\u00e1\u017eet \u017eadatele o azyl do Rwandy. V\u0161e sice bylo dohodnuto s rwandskou vl\u00e1dou, Trussov\u00e1 v\u0161ak nyn\u00ed cel\u00fd n\u00e1vrh smetla ze stolu.<\/p>\n<p><a href=\"https:\/\/www.fdesouche.com\/2022\/09\/07\/grande-bretagne-boris-johnson-veut-delocaliser-la-gestion-des-demandeurs-dasile-et-leur-installation-au-rwanda\/\">Britsk\u00e1<\/a>\u00a0vl\u00e1da p\u0159edlo\u017eila 22. \u010dervna v parlamentu n\u00e1vrh z\u00e1kona, kter\u00fd by j\u00ed umo\u017enil ignorovat n\u011bkter\u00e9 p\u0159\u00edkazy Evropsk\u00e9ho soudu pro lidsk\u00e1 pr\u00e1va pot\u00e9, co tento org\u00e1n zablokoval vyho\u0161t\u011bn\u00ed migrant\u016f do Rwandy.<\/p>\n<p>Jako jurisdikce Rady Evropy dohl\u00ed\u017eej\u00edc\u00ed na dodr\u017eov\u00e1n\u00ed Evropsk\u00e9 \u00famluvy o lidsk\u00fdch pr\u00e1vech se soud postavil proti kontroverzn\u00ed deportaci migrant\u016f, kte\u0159\u00ed neleg\u00e1ln\u011b p\u0159ilet\u011bli do Spojen\u00e9ho kr\u00e1lovstv\u00ed, do Rwandy a kr\u00e1tce p\u0159ed startem z britsk\u00e9 vojensk\u00e9 z\u00e1kladny 14. \u010dervna nepropustil speci\u00e1ln\u011b pronajat\u00e9 letadlo.<\/p>\n<p>ESLP se s\u00eddlem ve \u0160trasburku m\u011bl za to, \u017ee britsk\u00e1 justice mus\u00ed p\u0159ed zah\u00e1jen\u00edm vyho\u0161t\u011bn\u00ed podrobn\u011b p\u0159ezkoumat z\u00e1konnost t\u011bchto transport\u016f.<\/p>\n<p>Po tomto rozhodnut\u00ed vl\u00e1da zopakovala sv\u016fj z\u00e1m\u011br reformovat legislativu v oblasti lidsk\u00fdch pr\u00e1v a\u00a0 p\u0159edstavila novou \u201eListinu pr\u00e1v\u201c, kter\u00e1 by zajistila, \u017ee vl\u00e1da bude moci ignorovat takov\u00e1 rozhodnut\u00ed ESLP. \u201eTato Listina pr\u00e1v pos\u00edl\u00ed na\u0161i britskou tradici svobody a z\u00e1rove\u0148 do syst\u00e9mu vnese zdravou d\u00e1vku zdrav\u00e9ho rozumu,\u201c \u0159ekl ministr spravedlnosti Dominic Raab. Nahradila by z\u00e1kon o lidsk\u00fdch pr\u00e1vech, kter\u00fd za\u010dle\u0148uje Evropskou \u00famluvu o lidsk\u00fdch pr\u00e1vech do britsk\u00e9ho pr\u00e1va.<\/p>\n<p>Po jmenov\u00e1n\u00ed Trussov\u00e9 v\u0161ak byl nyn\u00ed n\u00e1vrh pozastaven. Trussov\u00e1 p\u0159itom tvrdila, \u017ee nastol\u00ed tvrdou migra\u010dn\u00ed politiku, zat\u00edm se v\u0161ak zd\u00e1, \u017ee to bude p\u0159esn\u011b naopak\u2026<\/p>\n<p><a href=\"https:\/\/necenzurovanapravda.cz\/2022\/09\/trussova-chce-rozmanity-kabinet-na-nejvyssich-postech-nebude-ani-jeden-bily-muz\/\">Slovanka<\/a><\/p>\n<p>&nbsp;<\/p>\n","protected":false},"excerpt":{"rendered":"<p>Nov\u00e1 britsk\u00e1 premi\u00e9rka, u ob\u010dan\u016f neobl\u00edben\u00e1, ji\u017e pln\u011b naj\u00ed\u017ed\u00ed na politiku, kterou podporuje i EU.\u00a0&#8230;<\/p>\n","protected":false},"author":2,"featured_media":14725,"comment_status":"closed","ping_status":"closed","sticky":false,"template":"","format":"standard","meta":[],"categories":[7],"tags":[3233,303,99],"_links":{"self":[{"href":"https:\/\/www.infokuryr.cz\/n\/wp-json\/wp\/v2\/posts\/14722"}],"collection":[{"href":"https:\/\/www.infokuryr.cz\/n\/wp-json\/wp\/v2\/posts"}],"about":[{"href":"https:\/\/www.infokuryr.cz\/n\/wp-json\/wp\/v2\/types\/post"}],"author":[{"embeddable":true,"href":"https:\/\/www.infokuryr.cz\/n\/wp-json\/wp\/v2\/users\/2"}],"replies":[{"embeddable":true,"href":"https:\/\/www.infokuryr.cz\/n\/wp-json\/wp\/v2\/comments?post=14722"}],"version-history":[{"count":1,"href":"https:\/\/www.infokuryr.cz\/n\/wp-json\/wp\/v2\/posts\/14722\/revisions"}],"predecessor-version":[{"id":14724,"href":"https:\/\/www.infokuryr.cz\/n\/wp-json\/wp\/v2\/posts\/14722\/revisions\/14724"}],"wp:featuredmedia":[{"embeddable":true,"href":"https:\/\/www.infokuryr.cz\/n\/wp-json\/wp\/v2\/media\/14725"}],"wp:attachment":[{"href":"https:\/\/www.infokuryr.cz\/n\/wp-json\/wp\/v2\/media?parent=14722"}],"wp:term":[{"taxonomy":"category","embeddable":true,"href":"https:\/\/www.infokuryr.cz\/n\/wp-json\/wp\/v2\/categories?post=14722"},{"taxonomy":"post_tag","embeddable":true,"href":"https:\/\/www.infokuryr.cz\/n\/wp-json\/wp\/v2\/tags?post=14722"}],"curies":[{"name":"wp","href":"https:\/\/api.w.org\/{rel}","templated":true}]}}