{"id":14691,"date":"2022-09-07T01:03:40","date_gmt":"2022-09-06T23:03:40","guid":{"rendered":"http:\/\/www.infokuryr.cz\/n\/?p=14691"},"modified":"2022-09-06T13:11:57","modified_gmt":"2022-09-06T11:11:57","slug":"rusko-varuje-pred-odvetnymi-opatrenimi-proti-cenovemu-stropu-ropy-g7-coz-vyzene-svetove-ceny-nahoru","status":"publish","type":"post","link":"https:\/\/www.infokuryr.cz\/n\/2022\/09\/07\/rusko-varuje-pred-odvetnymi-opatrenimi-proti-cenovemu-stropu-ropy-g7-coz-vyzene-svetove-ceny-nahoru\/","title":{"rendered":"Rusko varuje p\u0159ed odvetn\u00fdmi opat\u0159en\u00edmi proti cenov\u00e9mu stropu ropy G7 \u2013 co\u017e vy\u017eene sv\u011btov\u00e9 ceny nahoru"},"content":{"rendered":"<div id=\"fb-root\"><\/div>\n<div class=\"elementor-element elementor-element-1fb4c2c elementor-widget elementor-widget-theme-post-content\" data-id=\"1fb4c2c\" data-element_type=\"widget\" data-widget_type=\"theme-post-content.default\">\n<div class=\"elementor-widget-container\">\n<p><span>Pokud Moskva jako odvetu omez\u00ed t\u011b\u017ebu ropy, povede to k prudk\u00e9mu vzestupu sv\u011btov\u00fdch cen<\/span><\/p>\n<p><span>Rusko v pond\u011bl\u00ed varovalo p\u0159ed odvetn\u00fdmi opat\u0159en\u00edmi proti cenov\u00e9mu stropu pro ruskou ropu, o kter\u00e9m rozhodly zem\u011b G7.<\/span><\/p>\n<p><span>&#8222;M\u016f\u017ee doj\u00edt pouze k odvet\u011b,&#8220; \u0159ekl podle Reuters novin\u00e1\u0159\u016fm mluv\u010d\u00ed Kremlu Dmitrij Peskov.<\/span><\/p>\n<p><span>Ministryn\u011b financ\u00ed Janet Yellenov\u00e1 a dal\u0161\u00ed minist\u0159i financ\u00ed G-7 v p\u00e1tek ozn\u00e1mili sv\u016fj z\u00e1m\u011br zav\u00e9st cenov\u00fd strop na ruskou ropu.\u00a0Pl\u00e1n v\u0161ak vy\u017eaduje spolupr\u00e1ci s Moskvou a ru\u0161t\u00ed p\u0159edstavitel\u00e9 dali jasn\u011b najevo, \u017ee ho nespln\u00ed.<\/span><\/p>\n<p><span>&#8222;Prost\u011b nebudeme dod\u00e1vat ropu a ropn\u00e9 produkty takov\u00fdm spole\u010dnostem nebo st\u00e1t\u016fm, kter\u00e9 ukl\u00e1daj\u00ed omezen\u00ed, proto\u017ee nebudeme p\u016fsobit protisout\u011b\u017en\u00edm zp\u016fsobem,&#8220; \u0159ekl minul\u00fd t\u00fdden rusk\u00fd vicepremi\u00e9r Alexander Novak.<\/span><\/p>\n<p><strong><span>Pokud by Rusko reagovalo omezen\u00edm t\u011b\u017eby ropy, mohly by ceny na sv\u011btov\u00e9m trhu vyl\u00e9tnout do astronomick\u00fdch v\u00fd\u0161ek<\/span><\/strong><span>\u00a0, \u0159\u00edkaj\u00ed odborn\u00edci a analytici.\u00a0Analytici z JPMorgan Chase uvedli, \u017ee sn\u00ed\u017een\u00ed rusk\u00e9 produkce ropy o 3 miliony barel\u016f denn\u011b by posunulo ceny na 190 dolar\u016f za barel.\u00a0<\/span><strong><span>V nejhor\u0161\u00edm p\u0159\u00edpad\u011b by Rusko sn\u00ed\u017eilo t\u011b\u017ebu o 5 milion\u016f barel\u016f, co\u017e by vytla\u010dilo ceny a\u017e na 380 dolar\u016f za barel.<\/span><\/strong><\/p>\n<p><span>Jak hodl\u00e1 G7 detailn\u011b implementovat cenov\u00fd strop, nen\u00ed jasn\u00e9.\u00a0Minist\u0159i G7 v prohl\u00e1\u0161en\u00ed uvedli, \u017ee cenu stanov\u00ed \u201e\u0161irok\u00e1 koalice\u201c\u00a0<\/span><strong><span>a \u017ee strop bude zaveden spolu s dal\u0161\u00edm kolem sankc\u00ed EU<\/span><\/strong><span>\u00a0, kter\u00e9 maj\u00ed vstoupit v platnost v prosinci.<\/span><\/p>\n<p><span>Sankce EU zakazuj\u00ed a\u017e na v\u00fdjimky dovoz rusk\u00e9 ropy a tak\u00e9 zakazuj\u00ed poji\u0161t\u011bn\u00ed pro n\u00e1mo\u0159n\u00ed p\u0159epravu rusk\u00e9 ropy.\u00a0Rusko spol\u00e9h\u00e1 na Evropu, pokud jde o n\u00e1mo\u0159n\u00ed poji\u0161t\u011bn\u00ed, a p\u0159esto\u017ee m\u016f\u017ee naj\u00edt alternativy, prvn\u00ed \u0161ok by mohl poslat ceny ropy nahoru.<\/span><\/p>\n<p><span>Pl\u00e1n po\u010d\u00edt\u00e1 s t\u00edm, \u017ee v p\u0159\u00edpad\u011b prodeje ropy za ur\u010ditou cenu bude v EU zru\u0161en z\u00e1kaz poji\u0161t\u011bn\u00ed.\u00a0Pl\u00e1n v\u0161ak z\u00e1vis\u00ed tak\u00e9 na spolupr\u00e1ci rusk\u00fdch odb\u011bratel\u016f ropy, v\u010detn\u011b \u010c\u00edny a Indie, kter\u00e9 ji\u017e nyn\u00ed nakupuj\u00ed ruskou ropu se slevou a nemaj\u00ed moc d\u016fvod\u016f ohrozit svou dohodu s Moskvou.<\/span><\/p>\n<\/div>\n<\/div>\n<div class=\"elementor-element elementor-element-8c57238 quelle dc-has-condition dc-condition-empty elementor-widget elementor-widget-heading\" data-id=\"8c57238\" data-element_type=\"widget\" data-widget_type=\"heading.default\">\n<div class=\"elementor-widget-container\">\n<h3 class=\"elementor-heading-title elementor-size-default\"><span style=\"font-size: 8pt;\"><a href=\"https:\/\/news.antiwar.com\/2022\/09\/05\/russia-warns-it-will-retaliate-to-g7-oil-price-cap\/\" target=\"_blank\" rel=\"nofollow noopener\">ZDROJ<\/a><\/span><\/h3>\n<p>&nbsp;<\/p>\n<\/div>\n<\/div>\n","protected":false},"excerpt":{"rendered":"<p>Pokud Moskva jako odvetu omez\u00ed t\u011b\u017ebu ropy, povede to k prudk\u00e9mu vzestupu sv\u011btov\u00fdch cen Rusko&#8230;<\/p>\n","protected":false},"author":2,"featured_media":10296,"comment_status":"closed","ping_status":"closed","sticky":false,"template":"","format":"standard","meta":[],"categories":[7],"tags":[1872,283,323,310,22],"_links":{"self":[{"href":"https:\/\/www.infokuryr.cz\/n\/wp-json\/wp\/v2\/posts\/14691"}],"collection":[{"href":"https:\/\/www.infokuryr.cz\/n\/wp-json\/wp\/v2\/posts"}],"about":[{"href":"https:\/\/www.infokuryr.cz\/n\/wp-json\/wp\/v2\/types\/post"}],"author":[{"embeddable":true,"href":"https:\/\/www.infokuryr.cz\/n\/wp-json\/wp\/v2\/users\/2"}],"replies":[{"embeddable":true,"href":"https:\/\/www.infokuryr.cz\/n\/wp-json\/wp\/v2\/comments?post=14691"}],"version-history":[{"count":0,"href":"https:\/\/www.infokuryr.cz\/n\/wp-json\/wp\/v2\/posts\/14691\/revisions"}],"wp:featuredmedia":[{"embeddable":true,"href":"https:\/\/www.infokuryr.cz\/n\/wp-json\/wp\/v2\/media\/10296"}],"wp:attachment":[{"href":"https:\/\/www.infokuryr.cz\/n\/wp-json\/wp\/v2\/media?parent=14691"}],"wp:term":[{"taxonomy":"category","embeddable":true,"href":"https:\/\/www.infokuryr.cz\/n\/wp-json\/wp\/v2\/categories?post=14691"},{"taxonomy":"post_tag","embeddable":true,"href":"https:\/\/www.infokuryr.cz\/n\/wp-json\/wp\/v2\/tags?post=14691"}],"curies":[{"name":"wp","href":"https:\/\/api.w.org\/{rel}","templated":true}]}}