{"id":14667,"date":"2022-09-06T04:07:55","date_gmt":"2022-09-06T02:07:55","guid":{"rendered":"http:\/\/www.infokuryr.cz\/n\/?p=14667"},"modified":"2022-09-06T04:37:34","modified_gmt":"2022-09-06T02:37:34","slug":"lubomir-volny-nesmel-dokoncit-projev-na-demonstraci-v-praze-stejne-jako-mu-nedovolovali-dokoncovat-projevy-v-poslanecke-snemovne","status":"publish","type":"post","link":"https:\/\/www.infokuryr.cz\/n\/2022\/09\/06\/lubomir-volny-nesmel-dokoncit-projev-na-demonstraci-v-praze-stejne-jako-mu-nedovolovali-dokoncovat-projevy-v-poslanecke-snemovne\/","title":{"rendered":"Lubom\u00edr Voln\u00fd nesm\u011bl dokon\u010dit projev na demonstraci v Praze stejn\u011b, jako mu nedovolovali dokon\u010dovat projevy v Poslaneck\u00e9 sn\u011bmovn\u011b!"},"content":{"rendered":"<div id=\"fb-root\"><\/div>\n<h4>Lubom\u00edr Voln\u00fd nesm\u011bl dokon\u010dit projev na demonstraci v Praze stejn\u011b, jako mu nedovolovali dokon\u010dovat projevy v Poslaneck\u00e9 sn\u011bmovn\u011b! Nen\u00ed to zvl\u00e1\u0161tn\u00ed? Lid\u00e9 jsou za to na po\u0159adatele na\u0161tvan\u00ed, proto\u017ee n\u011bkte\u0159\u00ed jin\u00ed host\u00e9 dostali dvojn\u00e1sobek \u010dasu k projevu! Aeronet p\u0159in\u00e1\u0161\u00ed pln\u00e9 zn\u011bn\u00ed nedopov\u011bzen\u00e9ho projevu, kter\u00fd m\u011bl zazn\u00edt! A Rusko v pond\u011bl\u00ed definitivn\u011b a natrvalo zastavilo dod\u00e1vky plynu do Evropy p\u0159es Nord Stream 1 a\u017e do chv\u00edle, ne\u017e Evropsk\u00e1 unie zru\u0161\u00ed ve\u0161ker\u00e9 sankce proti Rusku!<\/h4>\n<p>Do redakce dost\u00e1v\u00e1me ji\u017e od soboty doslova z\u00e1plavu email\u016f z cel\u00e9 republiky a od \u00fa\u010dastn\u00edk\u016f sobotn\u00ed demonstrace s n\u00e1zvem\u00a0<em>\u010cR Na prvn\u00edm m\u00edst\u011b<\/em>, kter\u00e1 na V\u00e1clavsk\u00e9 n\u00e1m\u011bst\u00ed p\u0159il\u00e1kala podle odhad\u016f 70 a\u017e 100 tis\u00edc lid\u00ed a jednalo se o jednu v\u016fbec z nejv\u011bt\u0161\u00edch demonstrac\u00ed v posledn\u00ed dob\u011b. T\u00e9m\u011b\u0159 v\u0161ichni lid\u00e9 na alternativ\u011b jsou nad\u0161eni, \u017ee se kone\u010dn\u011b pohnuly ledy a za\u010d\u00edn\u00e1 se n\u011bco d\u00edt, \u017ee se kone\u010dn\u011b na\u0161lo dost lid\u00ed na to, aby vy\u0161li do ulic.\u00a0<strong>Ti lid\u00e9 vy\u0161li do ulic kv\u016fli tomu, \u017ee politika vl\u00e1dy Petra Fialy za\u010d\u00edn\u00e1 ohro\u017eovat soci\u00e1ln\u00ed bezpe\u010dnost ob\u010dan\u016f \u010cesk\u00e9 republiky a p\u0159edev\u0161\u00edm jejich rodin.<\/strong><\/p>\n<p>Neschopnost platit faktury za plyn a elekt\u0159inu toti\u017e ohro\u017euje v rodin\u00e1ch jeden ze z\u00e1kladn\u00edch pil\u00ed\u0159\u016f soci\u00e1ln\u00ed bezpe\u010dnosti, o kter\u00e9 bohu\u017eel na demonstraci nezazn\u011blo ani slovo, proto\u017ee se mluvilo jen o ekonomice. O koncepci soci\u00e1ln\u00ed bezpe\u010dnosti nepadlo ani slovo. Mo\u017en\u00e1 je to t\u00edm, \u017ee mezi ekonomi\u00ed a soci\u00e1ln\u00ed bezpe\u010dnost\u00ed se ned\u011bl\u00e1 rozd\u00edl a cel\u00e9 se to redukuje na tezi, \u017ee kdy\u017e jsou dostupn\u00e9 energie, je soci\u00e1ln\u00ed bezpe\u010dnost zaji\u0161t\u011bna. A obr\u00e1cen\u011b. Nicm\u00e9n\u011b konceptu\u00e1ln\u00ed gramotnost n\u00e1m vel\u00ed setrv\u00e1vat v pozoru a v ostra\u017eitosti, proto\u017ee demonstrace se opravdu v mnoha ohledech li\u0161ila od v\u0161ech p\u0159edchoz\u00edch.<\/p>\n<figure id=\"attachment_53075\" class=\"wp-caption aligncenter\" style=\"width: 679px;\"><a href=\"https:\/\/aeronet.news\/wp-content\/uploads\/Demo030922_AerialDrone.jpg\"><img decoding=\"async\" loading=\"lazy\" class=\"wp-image-53075 \" src=\"https:\/\/aeronet.news\/wp-content\/uploads\/Demo030922_AerialDrone.jpg\" sizes=\"(max-width: 700px) 100vw, 700px\" srcset=\"https:\/\/aeronet.news\/wp-content\/uploads\/Demo030922_AerialDrone.jpg 700w, https:\/\/aeronet.news\/wp-content\/uploads\/Demo030922_AerialDrone-150x150.jpg 150w, https:\/\/aeronet.news\/wp-content\/uploads\/Demo030922_AerialDrone-300x300.jpg 300w, https:\/\/aeronet.news\/wp-content\/uploads\/Demo030922_AerialDrone-357x357.jpg 357w, https:\/\/aeronet.news\/wp-content\/uploads\/Demo030922_AerialDrone-483x483.jpg 483w, https:\/\/aeronet.news\/wp-content\/uploads\/Demo030922_AerialDrone-210x210.jpg 210w\" alt=\"\" width=\"679\" height=\"679\" \/><\/a><figcaption class=\"wp-caption-text\">Demonstrace \u010cR Na prvn\u00edm m\u00edst\u011b, Praha, 03. 09. 2022<\/figcaption><\/figure>\n<p>Demonstraci p\u0159ekvapiv\u011b nikdo nenaru\u0161oval a nerozb\u00edjel. Nikde nezn\u011bly vuvuzely a policie uk\u00e1zkov\u011b odd\u011blovala p\u0159\u00edznivce NATO a EU na schodech\u00a0<strong>Ukrajinsk\u00e9ho muzea<\/strong>, to je ta budova s ukrajinskou vlajkou naho\u0159e nad magistr\u00e1lou. V\u016fbec snad poprv\u00e9 v historii p\u0159enos a \u017eiv\u00e9 vys\u00edl\u00e1n\u00ed zaji\u0161\u0165ovaly velk\u00e9 mainstreamov\u00e9 servery jako jsou Seznam Zpr\u00e1vy nebo Novinky, medi\u00e1ln\u00ed podporu demonstraci zajistily i den\u00edky Metro a iDNES.CZ z konsorcia Agrofertu.<\/p>\n<p>V\u0161ichni lid\u00e9, kte\u0159\u00ed na podobn\u00e9 demonstrace chod\u00ed pravideln\u011b, prakticky toto\u017en\u011b tvrd\u00ed, \u017ee demonstrace tohoto typu je\u0161t\u011b neza\u017eili. Organizace a svol\u00e1n\u00ed lid\u00ed prob\u00edhalo na soci\u00e1ln\u00edch s\u00edt\u00edch v r\u00e1mci projektu, o kter\u00e9m jste ale asi nikdy nesly\u0161eli. Mo\u017en\u00e1 ano, mo\u017en\u00e1 ne. Mus\u00edme si vysv\u011btlit pozad\u00ed organizace. Navzdory m\u00e9mu myln\u00e9mu prvotn\u00edmu p\u0159esv\u011bd\u010den\u00ed se zd\u00e1, \u017ee stopy organizace pra\u017esk\u00e9 demonstrace mo\u017en\u00e1 vedou do zahrani\u010d\u00ed, konkr\u00e9tn\u011b do Melbourne a rovn\u011b\u017e do Lond\u00fdna.<\/p>\n<h6><span style=\"font-size: 18pt;\">\u010cesk\u00e1 demonstrace, jej\u00ed\u017e organiza\u010dn\u00ed stopy vedou a\u017e do Austr\u00e1lie k projektu Global Walkout. Je to dob\u0159e nebo a\u017e tak zase ne?<\/span><\/h6>\n<p>Demonstraci zorganizovali ve\u0159ejnosti prakticky nezn\u00e1m\u00ed p\u00e1nov\u00e9 Ladislav Vrabel a Ji\u0159\u00ed Havel\u00a0<strong>[<a href=\"https:\/\/href.li\/?https:\/\/www.youtube.com\/watch?v=wFgoPPZr31k\" target=\"_blank\" rel=\"nofollow noopener\">1<\/a>]<\/strong>. Cel\u00e1 akce s n\u00e1zvem\u00a0<em><strong>\u010cesk\u00e1 republika na prvn\u00edm m\u00edst\u011b<\/strong><\/em>\u00a0m\u00e1 svoji vlastn\u00ed webovou prezentaci\u00a0<strong>[<a href=\"https:\/\/href.li\/?https:\/\/www.naprvnimmiste.cz\/\" target=\"_blank\" rel=\"nofollow noopener\">2<\/a>]<\/strong>\u00a0a na prvn\u00ed pohled si v\u0161imnete, \u017ee jde o klasickou webovou str\u00e1nku se seznamem protestn\u00edch po\u017eadavk\u016f. Co trochu p\u0159ekvap\u00ed, to je zp\u016fsob financov\u00e1n\u00ed. Organiz\u00e1to\u0159i pou\u017e\u00edvaj\u00ed priv\u00e1tn\u00ed netransparentn\u00ed \u00fa\u010det a p\u0159ijat\u00e9 p\u0159\u00edsp\u011bvky zve\u0159ej\u0148uj\u00ed s t\u00edm, \u017ee kdo chce, tak do zpr\u00e1vy pro bankovn\u00ed p\u0159evod m\u016f\u017ee napsat pozn\u00e1mku, aby jeho jm\u00e9no nebylo zve\u0159ej\u0148ov\u00e1no.<\/p>\n<p>Na jedn\u00e9 stran\u011b se tomu nelze divit, proto\u017ee lid\u00e9 cht\u011bj\u00ed soukrom\u00ed a necht\u011bj\u00ed, aby na n\u011bjak\u00e9m transparentn\u00edm \u00fa\u010dtu figurovalo jejich jm\u00e9no na zdivu lidu, zejm\u00e9na v situaci, kdy \u0161tvav\u00e1 m\u00e9dia ozna\u010duj\u00ed demonstranty proti vysok\u00fdm cen\u00e1m energi\u00ed za prorusk\u00e9 \u0161v\u00e1by a mnoho lid\u00ed by se mohlo st\u00e1t i ter\u010dem nen\u00e1visti a \u00fatok\u016f. Tak\u017ee zvolen\u00ed netransparentn\u00edho \u00fa\u010dtu je logick\u00fd a spr\u00e1vn\u00fd krok.\u00a0<strong>Na stran\u011b druh\u00e9 to ale vyvol\u00e1v\u00e1 obavy, kdo v\u0161echno m\u016f\u017ee a nemus\u00ed st\u00e1t za financov\u00e1n\u00edm takov\u00e9ho projektu.<\/strong>\u00a0A ty ot\u00e1zky tohoto typu se postupn\u011b s dal\u0161\u00edmi a dal\u0161\u00edmi demonstracemi, kter\u00e9 jsou pr\u00fd v pl\u00e1nu, budou p\u0159ib\u00fdvat. S t\u00edm mus\u00ed organiz\u00e1to\u0159i po\u010d\u00edtat.<\/p>\n<figure id=\"attachment_53076\" class=\"wp-caption aligncenter\" style=\"width: 685px;\"><a href=\"https:\/\/aeronet.news\/wp-content\/uploads\/GlobalWalkout.jpg\"><img decoding=\"async\" loading=\"lazy\" class=\"wp-image-53076 \" src=\"https:\/\/aeronet.news\/wp-content\/uploads\/GlobalWalkout-1024x471.jpg\" sizes=\"(max-width: 700px) 100vw, 700px\" srcset=\"https:\/\/aeronet.news\/wp-content\/uploads\/GlobalWalkout-1024x471.jpg 1024w, https:\/\/aeronet.news\/wp-content\/uploads\/GlobalWalkout-300x138.jpg 300w, https:\/\/aeronet.news\/wp-content\/uploads\/GlobalWalkout-768x353.jpg 768w, https:\/\/aeronet.news\/wp-content\/uploads\/GlobalWalkout-700x322.jpg 700w, https:\/\/aeronet.news\/wp-content\/uploads\/GlobalWalkout-776x357.jpg 776w, https:\/\/aeronet.news\/wp-content\/uploads\/GlobalWalkout-1050x483.jpg 1050w, https:\/\/aeronet.news\/wp-content\/uploads\/GlobalWalkout.jpg 1520w\" alt=\"\" width=\"685\" height=\"315\" \/><\/a><figcaption class=\"wp-caption-text\">Iniciativa Global Walkout<\/figcaption><\/figure>\n<p>Co mn\u011b ale osobn\u011b trochu zarazilo, to je informace v tzv.\u00a0<em>footeru<\/em>\u00a0(pati\u010dce) jejich webu, kde je informace o tom, \u017ee\u00a0<strong>organiz\u00e1to\u0159i protestu nav\u00e1zali spolupr\u00e1ci s organizac\u00ed Reignite World Freedom [<a href=\"https:\/\/href.li\/?https:\/\/reignitefreedom.com\/\" target=\"_blank\" rel=\"nofollow noopener\">3<\/a>]<\/strong>. Poda\u0159ilo se n\u00e1m vyp\u00e1trat, \u017ee se jedn\u00e1 o australskou esero\u010dku, konkr\u00e9tn\u011b spole\u010dnost REIGNITE WORLD FREEDOM PTY LTD, kter\u00e1 byla zalo\u017eena 19. 03. 2022 a zaps\u00e1na u australsk\u00e9 komise pro cenn\u00e9 pap\u00edry\u00a0<strong>[<a href=\"https:\/\/href.li\/?https:\/\/opengovau.com\/company\/658156962\" target=\"_blank\" rel=\"nofollow noopener\">4<\/a>]<\/strong>. Na webu organizace najdeme k velk\u00e9mu p\u0159ekvapen\u00ed tzv. organiza\u010dn\u00ed slo\u017eku s n\u00e1zvem\u00a0<strong>Global Walkout<\/strong>\u00a0(Glob\u00e1ln\u00ed odchod) a\u00a0<strong>datum jejich prvn\u00ed akce bylo v ned\u011bli 4. z\u00e1\u0159\u00ed v Lond\u00fdn\u011b, tedy pouh\u00fd den po demonstraci v Praze.<\/strong><\/p>\n<p>Reignite podporuj\u00ed zn\u00e1m\u00e9 anti-waxersk\u00e9 osobnosti z USA a z cel\u00e9ho sv\u011bta. Vypad\u00e1 to jako skute\u010dn\u00e9 hnut\u00ed alternativy proti globalizaci. Pt\u00e1m se ale s\u00e1m sebe, pro\u010d tomu nev\u011b\u0159\u00edm? Organizace protest\u016f zav\u00e1n\u00ed rukopisem globalist\u016f a jejich barevn\u00fdch revoluc\u00ed. Dokonal\u00e1 organizace, spolupracuj\u00edc\u00ed policie, dokonal\u00e9 proveden\u00ed demonstrace, pokryt\u00ed v mainstreamov\u00fdch m\u00e9di\u00edch. Nezlobte se, ale n\u011bco mi na tom prost\u011b nesed\u00ed. Je to a\u017e p\u0159\u00edli\u0161 dokonale zorganizovan\u00e9 naprosto nezn\u00e1m\u00fdmi lidmi.<\/p>\n<h6><span style=\"font-size: 18pt;\">Australsk\u00e1 organizace spustila v Lond\u00fdn\u011b Global Walkout happeningy o den pozd\u011bji ne\u017e v Praze<\/span><\/h6>\n<p>Organizace Reignite na webu uv\u00e1d\u00ed, \u017ee\u00a0<strong>prosazuje jednotn\u00fd odpor proti globalistick\u00e9 agend\u011b.<\/strong>\u00a0KROK ZA KROKEM, ruku v ruce, odejdeme ze spole\u010dnosti, kterou se n\u00e1s sna\u017e\u00ed zotro\u010dit. GLOB\u00c1LN\u00cd ODCHOD\u2026\u00a0<strong>za\u010d\u00edn\u00e1 4. z\u00e1\u0159\u00ed ve 20 hodin lond\u00fdnsk\u00e9ho \u010dasu.<\/strong>\u00a0Pra\u017esk\u00e1 sobotn\u00ed demonstrace tak podle v\u0161eho mohla b\u00fdt p\u0159edskokanem demonstrac\u00ed Global Walkout ve sv\u011bt\u011b, kter\u00e9 prob\u011bhly v ned\u011bli. O firm\u011b Reignite nen\u00ed nikde nic ke zji\u0161t\u011bn\u00ed, nikde nem\u00e1 \u017e\u00e1dn\u00e9 v\u00fdro\u010dn\u00ed zpr\u00e1vy, \u017e\u00e1dn\u00e9 seznamy sponzor\u016f, v\u016fbec nic.\u00a0<strong>P\u0159esto v\u0161ak se zd\u00e1, \u017ee jejich demonstrace maj\u00ed dokonal\u00e9 organiza\u010dn\u00ed z\u00e1zem\u00ed. Nic tady nechci nazna\u010dovat, na to je opravdu p\u0159\u00edli\u0161 brzy.<\/strong>\u00a0P\u0159\u00edtomnost Karla Jane\u010dka na demonstraci mohla b\u00fdt n\u00e1hodn\u00e1, mohl tam p\u0159ij\u00edt ze zv\u011bdavosti, poslal pan\u00ed advok\u00e1tce Hamplov\u00e9 kv\u011btiny, jak uvedla na sv\u00e9m soci\u00e1ln\u00edm profilu\u00a0<strong>[<a href=\"https:\/\/href.li\/?https:\/\/gizmoo.nrwebmedia.cz\/2022\/09\/04\/tak-nekomu-uz-musi-hodne-hrabat-kdyz-vyuzil-nevinne-fotografie-k-vytvoreni-neuveritelne-dedukce-pobavte-se-taky-protoze-boze-jana-zwyrtek-hamplova\/\" target=\"_blank\" rel=\"nofollow noopener\">5<\/a>]<\/strong>\u00a0a nic jin\u00e9ho to nemuselo znamenat. Podpora \u010desk\u00fdch m\u00e9di\u00ed a jejich p\u0159\u00edm\u00e9 p\u0159enosy mohly b\u00fdt tak\u00e9 zcela n\u00e1hodn\u00e9.<\/p>\n<figure id=\"attachment_53077\" class=\"wp-caption aligncenter\" style=\"width: 693px;\"><a href=\"https:\/\/aeronet.news\/wp-content\/uploads\/Reignite-Freedom_Supporters.jpg\"><img decoding=\"async\" loading=\"lazy\" class=\"wp-image-53077 \" src=\"https:\/\/aeronet.news\/wp-content\/uploads\/Reignite-Freedom_Supporters-1024x431.jpg\" sizes=\"(max-width: 700px) 100vw, 700px\" srcset=\"https:\/\/aeronet.news\/wp-content\/uploads\/Reignite-Freedom_Supporters-1024x431.jpg 1024w, https:\/\/aeronet.news\/wp-content\/uploads\/Reignite-Freedom_Supporters-300x126.jpg 300w, https:\/\/aeronet.news\/wp-content\/uploads\/Reignite-Freedom_Supporters-768x323.jpg 768w, https:\/\/aeronet.news\/wp-content\/uploads\/Reignite-Freedom_Supporters-700x294.jpg 700w, https:\/\/aeronet.news\/wp-content\/uploads\/Reignite-Freedom_Supporters-849x357.jpg 849w, https:\/\/aeronet.news\/wp-content\/uploads\/Reignite-Freedom_Supporters-1149x483.jpg 1149w, https:\/\/aeronet.news\/wp-content\/uploads\/Reignite-Freedom_Supporters.jpg 1510w\" alt=\"\" width=\"693\" height=\"291\" \/><\/a><figcaption class=\"wp-caption-text\">Podporovatel\u00e9 organizace Reignite Freedom<\/figcaption><\/figure>\n<p>Dokonal\u00fd a hladk\u00fd pr\u016fb\u011bh demonstrace bez naru\u0161ovatel\u016f mohl b\u00fdt rovn\u011b\u017e n\u00e1hodn\u00fd. Lid\u00e9 se upnuli k dal\u0161\u00ed nad\u011bji, demonstrace je pro n\u011b lod\u00ed se sv\u011btlem p\u0159evozn\u00edka, je to lampa sv\u011btlono\u0161e, lid\u00e9 pot\u0159ebuj\u00ed nad\u011bji v zoufalstv\u00ed sv\u011bta stejn\u011b, jako pocestn\u00fd pot\u0159ebuje lampu v naprost\u00e9 tm\u011b, aby vid\u011bl na cestu.\u00a0<strong>Jen\u017ee, bohu\u017eel, poka\u017ed\u00e9 v takov\u00fdch procesech \u0159\u00edzen\u00ed spole\u010dnosti zezdola, z ulice, p\u0159i protestech, u\u017e dop\u0159edu plat\u00ed, \u017ee v\u016fdcov\u00e9 a k\u00e1d\u0159i pro revoluci, p\u0159evrat a zm\u011bnu re\u017eimu jsou ji\u017e dop\u0159edu p\u0159ipraveni. A ostatn\u00ed jsou pomalu odstaveni.<\/strong>\u00a0A mnoho lid\u00ed m\u011blo pocit, \u017ee p\u00f3dium na demonstraci m\u011blo zviditelnit jednu skupinu dop\u0159edu dan\u00fdch host\u016f nad t\u011bmi ostatn\u00edmi. A pro\u010d si to lid\u00e9 mysl\u00ed? Proto\u017ee na demonstraci do\u0161lo k neuv\u011b\u0159iteln\u00e9 sc\u00e9n\u011b, kterou pamatujeme z minul\u00e9ho \u010desk\u00e9ho parlamentu p\u0159ed posledn\u00edmi volbami.<\/p>\n<h6><span style=\"font-size: 18pt;\">VIDEO: Lubom\u00edr Voln\u00fd spustil teze o Mesi\u00e1\u0161\u00edch a politic\u00edch z po\u0159ad\u016f pana VK a byl r\u00e1zem utnut a ukon\u010den. N\u00e1hoda?<\/span><\/h6>\n<p>Na demonstraci toti\u017e vystoupil i Lubom\u00edr Voln\u00fd, ale od po\u0159adatel\u016f dostal prostor jen na 2 minuty. Nakonec str\u00e1vil u mikrofonu n\u011bco okolo 7 minut, ale jeho projev byl velice nep\u011bknou, podivnou a a\u017e dokonce teatr\u00e1ln\u00ed formou p\u0159eru\u0161en.\u00a0<strong>Po\u0159adatel demonstrace Ji\u0159\u00ed Havel toti\u017e Lubom\u00edra Voln\u00e9ho v p\u016flce projevu p\u0159eru\u0161il, \u017ee to mus\u00ed ukon\u010dit, proto\u017ee \u010dek\u00e1 dal\u0161\u00ed host s projevem. Lubom\u00edr Voln\u00fd tak musel od mikrofonu odej\u00edt.<\/strong>\u00a0Dovedu si p\u0159edstavit, jak\u00e9 musel m\u00edt pocity. P\u0159esn\u011b tot\u00e9\u017e za\u017e\u00edval v poslaneck\u00e9 sn\u011bmovn\u011b, kdy\u017e mu poslanci z ostatn\u00edch stran, kte\u0159\u00ed p\u0159edsedali jedn\u00e1n\u00ed, neust\u00e1le vyp\u00ednali mikrofon a neumo\u017e\u0148ovali mu dokon\u010dit projevy. Pamatujete si na to? Ano, tehdy to byla zv\u016fle poslanc\u016f ODS, TOP 09, KDU-\u010cSL a Hnut\u00ed ANO, jen\u017ee tady byl znovu Lubom\u00edr Voln\u00fd p\u0159eru\u0161en a ukon\u010den uprost\u0159ed projevu p\u0159\u00edmo na vlasteneck\u00e9 demonstraci. To je neuv\u011b\u0159iteln\u00e9! A pro\u010d?<\/p>\n<p>&nbsp;<\/p>\n<div id=\"rumble_v1g6tsp\">\n<div id=\"vid_v1g6tsp\" class=\"rumble_v1g6tsp-Rumble-cls\" tabindex=\"-1\">\n<div class=\"bigPlayUI ctp\">\n<div class=\"bigPlayUIInner ctp\"><div class='videoWrapper'>\r\n\t            <iframe src='https:\/\/rumble.com\/embed\/pj.v1g6tsp\/' frameborder='0' allowfullscreen><\/iframe>\r\n\t        <\/div><\/div>\n<\/div>\n<\/div>\n<\/div>\n<p>&nbsp;<\/p>\n<p>No, kdyby ka\u017ed\u00fd m\u011bl na projev 2 minuty, nebo i t\u0159eba 7 minut, tak bychom se tomu snad nedivili, ale nap\u0159. docent Miroslav \u0160ev\u010d\u00edk z V\u0160E Praha, kter\u00fd p\u0159ednesl z\u00e1sadn\u00ed ekonomick\u00e9 teze a d\u00edky za n\u011b, dostal od po\u0159adatel\u016f prostor na \u010dtvrt hodiny, prakticky 15 minut. Lubom\u00edr Voln\u00fd zopakoval moji tezi z po\u0159ad\u016f na SVCS, kde jsem mnohokr\u00e1t m\u011bl p\u0159edn\u00e1\u0161ky na t\u00e9ma, \u017ee lid\u00e9 nesm\u00ed hledat a \u010dekat na Mesi\u00e1\u0161e, proto\u017ee \u017e\u00e1dn\u00fd takov\u00fd Mesi\u00e1\u0161 nep\u0159ijde. Ano, to se asi n\u011bkter\u00fdm politik\u016fm mezi hosty na p\u00f3diu nel\u00edbilo. Ch\u00e1pu, konceptu\u00e1ln\u00ed gramotnost je pro tento typ demonstrac\u00ed jako \u010derven\u00fd hadr na b\u00fdka. Ka\u017edop\u00e1dn\u011b cel\u00fd projev, kter\u00fd m\u011bl zazn\u00edt od Lubom\u00edra, ale nezazn\u011bl, si nyn\u00ed m\u016f\u017eete p\u0159e\u010d\u00edst zde:<\/p>\n<h4><span style=\"font-size: 18pt;\">Co (ne)-(s)m\u011blo zazn\u00edt v\u010dera Na V\u00e1clavsk\u00e9m n\u00e1m\u011bst\u00ed v Praze?<\/span><\/h4>\n<p>\u201cChce se mi plakat radost\u00ed, \u017ee je n\u00e1s tady dnes tolik, chce se mi plakat radost\u00ed, proto\u017ee zrovna nyn\u00ed, zrovna v tomto okam\u017eiku, si u\u017e\u00edv\u00e1me nev\u00eddan\u00e9 jednoty a souhry. Dnes odm\u00edt\u00e1me um\u011bl\u00e9 \u0161t\u011bpen\u00ed na mu\u017ee a \u017eeny, mlad\u00e9 a d\u00e9le mlad\u00e9, dnes se nenech\u00e1me postavit proti sob\u011b jako levicov\u011b a nebo pravicov\u011b orientovan\u00ed, nerozd\u011bl\u00ed n\u00e1s podle toho, koho milujeme a s k\u00fdm chceme \u017e\u00edt, dnes se nepoh\u00e1d\u00e1me ani o tom, jestli viry existuj\u00ed a nebo ne. Nebudeme se p\u0159\u00edt ani o to, jestli jsme skute\u010dn\u00e1 republika, nebo obchodn\u00ed spole\u010dnost.\u00a0<strong>Dnes jsme tady jako lid\u00e9, kte\u0159\u00ed maj\u00ed spole\u010dn\u00fd sm\u011br i spole\u010dn\u00fd c\u00edl, dnes jsme tady jako lid\u00e9, kte\u0159\u00ed cht\u011bj\u00ed zachr\u00e1nit tuto republiku, dnes jsme tady jako vlastenci<\/strong>. Dnes n\u00e1s oni nerozd\u011bl\u00ed. Dnes n\u00e1s nerozd\u011bl\u00ed nic, dnes snad polo\u017e\u00edme z\u00e1kladn\u00ed stavebn\u00ed k\u00e1men, u kter\u00e9ho si ve\u0159ejn\u011b odp\u0159is\u00e1hneme, na sv\u00e9 nesmrteln\u00e9 du\u0161e, pod p\u0159\u00edmou kontrolou toho, kdo v\u0161e vid\u00ed, \u017ee pro n\u00e1s bude tato republika a jej\u00ed svobodn\u00e1 budoucnost skute\u010dn\u00fdm, spole\u010dn\u00fdm a nejd\u016fle\u017eit\u011bj\u0161\u00edm c\u00edlem, d\u016fle\u017eit\u011bj\u0161\u00edm ne\u017e osobn\u00ed prosp\u011bch, ego a prosperita stranick\u00e9ho sekretari\u00e1tu.<\/p>\n<p>J\u00e1 jsem se V\u00e1m Dnes p\u0159i\u0161el i omluvit za to, \u017ee jsem zklamal a nedok\u00e1zal se v minulosti domluvit s v\u00edcero sv\u00fdmi kolegy a kolegyn\u011bmi, s v\u00edcero stranami, hnut\u00edmi a osobnostmi. P\u0159i\u0161el jsem se omluvit za to, \u017ee jsem byl taky unaven\u00fd a nedok\u00e1zal jsem na Malostransk\u00e9 n\u00e1m\u011bst\u00ed p\u0159iv\u00e9st dal\u0161\u00ed v\u00e1le\u010dn\u00edky k t\u011bm 30 nejvytrvalej\u0161\u00edm, kdy\u017e se po fale\u0161n\u00fdch st\u00ednohr\u00e1ch opozice hlasovalo o novele pandemick\u00e9ho z\u00e1kona.\u00a0<strong>Hl\u00e1sil jsem opakovan\u011b ve sv\u00fdch vystoupen\u00edch, \u017ee za m\u016fj dne\u0161n\u00ed projev mo\u017en\u00e1 nesklid\u00edm moc d\u00edk\u016f v z\u00e1kulis\u00ed, a z\u0159ejm\u011b ani moc potlesku zde na p\u00f3diu.<\/strong>\u00a0Po t\u00e9to m\u00e9 omluv\u011b toti\u017e n\u00e1sleduje m\u016fj up\u0159\u00edmn\u00fd n\u00e1zor, \u017ee ji\u017e nen\u00ed \u010das chodit okolo hork\u00e9 ka\u0161e, opatrn\u011b okolo sebe na\u0161lapovat a sna\u017eit se za ka\u017edou cenu nikoho z koleg\u016f a kolegy\u0148, ale i na\u0161ich sympatizant\u016f se nedotknout, nikoho nep\u0159ekvapit, neudivit, n\u00e1hodou neurazit. Luxus takov\u00e9to pseudoohleduplnosti u\u017e m\u00e1me daleko za sebou, ten vlak u\u017e jel, tento luxus p\u0159e\u0161lapov\u00e1n\u00ed na m\u00edst\u011b a taktizov\u00e1n\u00ed si u\u017e tato republika nem\u016f\u017ee dovolit.<\/p>\n<p>Dnes k sob\u011b mus\u00edme b\u00fdt maxim\u00e1ln\u011b up\u0159\u00edmn\u00ed a nekompromisn\u00ed ve sv\u00fdch \u017e\u00e1dostech. Up\u0159\u00edmn\u011b v\u011b\u0159\u00edm tomu, \u017ee \u00fapln\u011b stejnou omluvu, jako jsem nyn\u00ed p\u0159ednesl j\u00e1, dlu\u017e\u00ed ka\u017ed\u00e9mu z v\u00e1s ka\u017ed\u00fd m\u016fj kolega a kolegyn\u011b, kte\u0159\u00ed tady dnes je\u0161t\u011b vystoup\u00ed a nebo vystoupit m\u011bli. My, n\u00e1rodove\u010dt\u00ed politici, my n\u00e1rodove\u010dt\u00ed politi\u010dt\u00ed l\u00edd\u0159i jsme zklamali. Nemluvili jsme spolu, je\u0161itn\u011b jsme soupe\u0159ili, s\u00e1zeli na reklamn\u00ed a P\u00cd\u00c1ROV\u00c9 AGENTURY, politick\u00e9 proklamace, a nemilosrdn\u011b jsme si konkurovali.\u00a0<strong>Mrz\u00ed m\u011b, \u017ee dnes nevystoup\u00ed ani ti m\u00ed kolegov\u00e9, kte\u0159\u00ed v\u00e1m nejd\u0159\u00edve lhali, \u017ee nemaj\u00ed \u010d\u00edm ve sn\u011bmovn\u011b bojovat<\/strong>, a kdy\u017e jsme jim dok\u00e1zali opak, bojovali stejn\u011b jako Ameri\u010dan\u00e9 proti Isl\u00e1msk\u00e9mu st\u00e1tu, kdy\u017e dva roky bombardovali pr\u00e1zdnou ir\u00e1ckou a syrskou pou\u0161\u0165. N\u00e1rodoveck\u00e1 politick\u00e1 sc\u00e9na zklamala o\u010dek\u00e1v\u00e1n\u00ed t\u00e9to republiky na parlamentn\u00ed i mimoparlamentn\u00ed \u00farovni. Te\u010f vstoup\u00edm na je\u0161t\u011b ten\u010d\u00ed led a prohl\u00e1s\u00edm, \u017ee sv\u016fj d\u00edl viny m\u00e1te i vy na\u0161i, spolubojovn\u00edci, sympatizant\u00e9 a voli\u010di. Kdo chce, a\u0165 se hn\u011bv\u00e1, kdo m\u00e1 s\u00edlu, a\u0165 poslouch\u00e1.\u00a0<strong>Va\u0161\u00edm \u00fakolem nen\u00ed hledat v komkoliv z n\u00e1s Spasitele, mesi\u00e1\u0161e, g\u00e9nia, kter\u00fd vy\u0159e\u0161\u00ed m\u00e1vnut\u00edm kouzeln\u00e9ho proutku v\u0161echny na\u0161e probl\u00e9my, a slep\u011b kohokoliv z n\u00e1s n\u00e1sledovat.<\/strong>\u00a0Va\u0161\u00edm \u00fakolem, a\u0165 u\u017e si to dnes p\u0159izn\u00e1te a nebo ne, je n\u00e1s p\u0159inutit, abychom spolu spolupracovali. Ne abychom to zkusili, ale abychom to ud\u011blali!!!<\/p>\n<p><span style=\"font-size: 18pt; color: #ff0000;\"><em><strong>=== Zde do\u0161lo najednou k p\u0159eru\u0161en\u00ed projevu ===<\/strong><\/em><\/span><\/p>\n<p>Dnes na tomto p\u00f3diu vystoup\u00ed lid\u00e9 reprezentuj\u00edc\u00ed dohromady v\u00edce procent voli\u010dsk\u00e9 podpory, ne\u017e je nutn\u00e9 k dosa\u017een\u00ed re\u00e1ln\u00e9 parlamentn\u00ed moci, dnes tady vystoup\u00ed lid\u00e9, kter\u00e9 kdy\u017e vy p\u0159inut\u00edte, ne popros\u00edte nebo po\u017e\u00e1d\u00e1te, aby spolu spolupracovali, ale sv\u00fdm tlakem p\u0159inut\u00edte, tak z\u00edskaj\u00ed re\u00e1lnou parlamentn\u00ed moc a budou v\u00e1m moci dok\u00e1zat, k\u00fdm skute\u010dn\u011b jsou, k\u00fdm se stanou. Tu moc m\u00e1te jedin\u011b vy, proto\u017ee vy jste na\u0161i \u0161\u00e9fov\u00e9 a my si to pot\u0159ebujeme uv\u011bdomit. Kdysi jsem \u0159\u00edkal d\u016fv\u011b\u0159uj, ale prov\u011b\u0159uj. Ten vlak u\u017e tak\u00e9 jel.\u00a0<strong>Dnes u\u017e nevlo\u017e\u00edm d\u016fv\u011bru do nikoho, kdo nep\u0159edlo\u017e\u00ed tvrd\u00e9 d\u016fkazy o tom, \u017ee to, co \u0159\u00edk\u00e1, mysl\u00ed v\u00e1\u017en\u011b. Dnes chci d\u016fkazy m\u00edsto slib\u016f.<\/strong>\u00a0Dnes mus\u00edme za\u010d\u00edt znovu a l\u00e9pe. Dnes mus\u00edme ka\u017ed\u00fd ud\u011blat sv\u016fj d\u00edl pr\u00e1ce.<\/p>\n<p>Dnes vy mus\u00edte vyslat objedn\u00e1vku k dosa\u017een\u00ed na\u0161\u00ed jednoty a my se k jej\u00edmu dosa\u017een\u00ed mus\u00edme zav\u00e1zat. J\u00e1 za sebe slibuji, \u017ee budu s radost\u00ed ve\u0159ejn\u011b a transparentn\u011b jednat s ka\u017ed\u00fdm, kdo bude cht\u00edt jednat s n\u00e1mi, bez ohledu na minulost, na pravolevou orientaci, bez ohledu na to, na \u010dem se neshodneme, s jedinou motivac\u00ed, prosadit to, na \u010dem se shodujeme, a to je na\u0161e republika, na\u0161e svoboda, na\u0161e budoucnost. Nejd\u0159\u00edve mus\u00edme uzav\u0159\u00edt s\u0148atek z rozumu a pot\u00e9 se m\u016f\u017eeme d\u016fstojn\u011b rozv\u00e9st. \u0158ekn\u011bte n\u00e1m, \u017ee chcete, abychom my t\u00e1hli za jeden provaz, a kdy\u017e vy to skute\u010dn\u011b budete cht\u00edt, my v\u0161ichni, i kdyby se n\u011bkter\u00fdm z n\u00e1s necht\u011blo, to budeme muset ud\u011blat.<strong>\u00a0Vyz\u00fdv\u00e1m ka\u017ed\u00e9ho ze sv\u00fdch ctihodn\u00fdch a poctiv\u00fdch koleg\u016f a kolegy\u0148, aby ji\u017e dnes p\u0159edlo\u017eili d\u016fkazy m\u00edsto slib\u016f a aby se ji\u017e dnes ve sv\u00fdch projevech zav\u00e1zali, \u017ee budou ve\u0159ejn\u011b a transparentn\u011b jednat s ka\u017ed\u00fdm, kdo bude ochotn\u00fd jednat s nimi.<\/strong>\u00a0Cht\u011bjte po n\u00e1s ji\u017e dnes i vy d\u016fkazy m\u00edsto slib\u016f, proto\u017ee jen tak si budeme moci poctiv\u011b odpov\u011bd\u011bt na na\u0161e z\u00e1kladn\u00ed ot\u00e1zky, kter\u00e9 jako v\u017edy zn\u00ed: \u010c\u00ed je tato zem\u011b, kdo tomu tady \u0161\u00e9fuje, co chceme a kdy to chceme, budeme bojovat a zv\u00edt\u011bz\u00edme?\u201d<\/p>\n<p><strong>Mgr. Lubom\u00edr Voln\u00fd<\/strong><\/p>\n<h6><span style=\"font-size: 18pt;\">P\u0159eru\u0161ovali mu projevy ve sn\u011bmovn\u011b, p\u0159eru\u0161uj\u00ed mu je u\u017e i na vlasteneck\u00fdch demonstrac\u00edch. N\u00e1hoda?<\/span><\/h6>\n<p>Ano, p\u0159\u00e1tel\u00e9. P\u0159esn\u011b v okam\u017eiku, kdy Lubom\u00edr trefil konceptu\u00e1ln\u00ed gramotnost na hlavi\u010dku jako pov\u011bstn\u00fd h\u0159eb\u00edk, v tom okam\u017eiku byl jeho projev zastaven.\u00a0<strong>Lubom\u00edr Voln\u00fd toti\u017e zkop\u00edroval a ocitoval v projevu moji tezi o Mesi\u00e1\u0161\u00edch a politic\u00edch, kte\u0159\u00ed nejsou spasiteli, proto\u017ee pouze lid\u00e9 mohou zm\u011bnit sv\u00e9 \u017eivoty zezdola, pokud se sami o to zasad\u00ed<\/strong>, a to bu\u010f na 1. kruhu uvnit\u0159 rodiny, nebo na 2. kruhu, v r\u00e1mci \u017eivotn\u00edho komun\u00e1ln\u00edho prostoru sv\u00e9ho bydli\u0161t\u011b, anebo na 3. kruhu v r\u00e1mci n\u00e1roda na \u00farovni politiky.<\/p>\n<p>A zjevn\u011b takov\u00e9 \u0159e\u010di nejsou \u017e\u00e1douc\u00ed, proto\u017ee politici na p\u00f3diu o politickou moc usiluj\u00ed a cht\u011bj\u00ed za lidi \u0159e\u0161it probl\u00e9my, kter\u00e9 ale konceptu\u00e1ln\u011b maj\u00ed \u0159e\u0161en\u00ed jen tehdy, pokud n\u00e1rod dole je p\u0159ipraven n\u011bco pro svoji z\u00e1chranu ud\u011blat. A na to n\u00e1rod je\u0161t\u011b p\u0159ipraven nen\u00ed, proto\u017ee \u010dek\u00e1 na spasitele, politiky a zachr\u00e1nce v rol\u00edch Mesi\u00e1\u0161\u016f. Lubom\u00edr Voln\u00fd v projevu toti\u017e vyzval ke sjednocen\u00ed alternativy na spole\u010dnou kandid\u00e1tku, a to je jedin\u00e1 cesta, kter\u00e1 by mohla fungovat zezdola p\u0159irozen\u011b, bez z\u00e1kulisn\u00edch sponzor\u016f, a\u0165 u\u017e takov\u00fdch nebo makov\u00fdch.<\/p>\n<figure id=\"attachment_53078\" class=\"wp-caption aligncenter\" style=\"width: 696px;\"><a href=\"https:\/\/aeronet.news\/wp-content\/uploads\/LuboVolnyDemoPodium.jpg\"><img decoding=\"async\" loading=\"lazy\" class=\"wp-image-53078 \" src=\"https:\/\/aeronet.news\/wp-content\/uploads\/LuboVolnyDemoPodium-1024x522.jpg\" sizes=\"(max-width: 700px) 100vw, 700px\" srcset=\"https:\/\/aeronet.news\/wp-content\/uploads\/LuboVolnyDemoPodium-1024x522.jpg 1024w, https:\/\/aeronet.news\/wp-content\/uploads\/LuboVolnyDemoPodium-300x153.jpg 300w, https:\/\/aeronet.news\/wp-content\/uploads\/LuboVolnyDemoPodium-768x392.jpg 768w, https:\/\/aeronet.news\/wp-content\/uploads\/LuboVolnyDemoPodium-700x357.jpg 700w, https:\/\/aeronet.news\/wp-content\/uploads\/LuboVolnyDemoPodium-947x483.jpg 947w, https:\/\/aeronet.news\/wp-content\/uploads\/LuboVolnyDemoPodium.jpg 1280w\" alt=\"\" width=\"696\" height=\"355\" \/><\/a><figcaption class=\"wp-caption-text\">Lubom\u00edr Voln\u00fd t\u011bsn\u011b p\u0159edt\u00edm, ne\u017e byl z p\u00f3dia odejit<\/figcaption><\/figure>\n<p>Cel\u00e1 demonstrace se nesla v duchu protestu proti cen\u00e1m paliv a elekt\u0159iny, jen\u017ee pond\u011bln\u00ed zpr\u00e1va z Ruska nikoho nepot\u011b\u0161\u00ed a vlastn\u011b ani nep\u0159ekvap\u00ed.\u00a0<strong>Kreml ozn\u00e1mil, \u017ee dod\u00e1vky rusk\u00e9ho plynu budou natrvalo zastaveny, a to a\u017e do chv\u00edle, ne\u017e budou zru\u0161eny v\u0161echny sankce Evropsk\u00e9 unie proti Rusku.<\/strong>\u00a0Ano, je vymalov\u00e1no! Kreml u\u017e p\u0159estalo bavit neust\u00e1l\u00e9 zd\u016fvod\u0148ov\u00e1n\u00ed pokles\u016f dod\u00e1vek plynu kv\u016fli oprav\u00e1m turb\u00edn, a tak bylo rozhodnuto dod\u00e1vky plynu do EU \u00fapln\u011b zastavit. Technick\u00e9 probl\u00e9my s dod\u00e1vkami plynu do Evropy prost\u0159ednictv\u00edm plynovodu Nord Stream 1 budou p\u0159etrv\u00e1vat, dokud Z\u00e1pad nezru\u0161\u00ed sankce uvalen\u00e9 na Rusko kv\u016fli prob\u00edhaj\u00edc\u00edmu konfliktu na Ukrajin\u011b, uvedl v pond\u011bl\u00ed mluv\u010d\u00ed Kremlu Dmitrij Peskov.<\/p>\n<h6><span style=\"font-size: 18pt;\">Rusku do\u0161la trp\u011blivost a zastavilo dod\u00e1vky plynu do Nord Stream 1 natrvalo, dokud EU nezru\u0161\u00ed v\u0161echny sankce proti Rusku<\/span><\/h6>\n<p>Gazprom 31. srpna zcela zastavil dod\u00e1vky plynu t\u00edmto plynovodem\u00a0<strong>[<a href=\"https:\/\/href.li\/?https:\/\/www.rt.com\/news\/562205-kremlin-nord-stream-gas-sanctions\/\" target=\"_blank\" rel=\"nofollow noopener\">6<\/a>]<\/strong>. A\u010dkoli se p\u016fvodn\u011b p\u0159edpokl\u00e1dalo, \u017ee Nord Stream 1 obnov\u00ed tranzit plynu v p\u00e1tek, Gazprom ozn\u00e1mil, \u017ee kv\u016fli technick\u00fdm probl\u00e9m\u016fm z\u016fstane uzav\u0159en na dobu neur\u010ditou. \u201c<em>Probl\u00e9my v dod\u00e1vk\u00e1ch vznikly kv\u016fli sankc\u00edm, kter\u00e9 na na\u0161i zemi a \u0159adu spole\u010dnost\u00ed uvalily z\u00e1padn\u00ed zem\u011b, v\u010detn\u011b N\u011bmecka a Velk\u00e9 Brit\u00e1nie<\/em>.\u00a0<em>\u017d\u00e1dn\u00e9 jin\u00e9 d\u016fvody za probl\u00e9my s dod\u00e1vkami nejsou<\/em>,\u201d poznamenal Peskov. Mluv\u010d\u00ed Kremlu rovn\u011b\u017e prohl\u00e1sil, \u017ee nen\u00ed vinou Gazpromu, \u017ee \u201c<em>Evropan\u00e9 naprosto absurdn\u011b p\u0159ij\u00edmaj\u00ed rozhodnut\u00ed odm\u00edtnout servis sv\u00fdch za\u0159\u00edzen\u00ed<\/em>\u201c, k \u010demu\u017e jsou smluvn\u011b zav\u00e1z\u00e1ni. Peskov zd\u016fraznil, \u017ee cel\u00fd provoz plynovodu Nord Stream 1 z\u00e1vis\u00ed na \u201c<em>jednom za\u0159\u00edzen\u00ed, kter\u00e9 pot\u0159ebuje v\u00e1\u017enou \u00fadr\u017ebu<\/em>\u201c.<\/p>\n<figure id=\"attachment_45906\" class=\"wp-caption aligncenter\" style=\"width: 801px;\"><a href=\"https:\/\/aeronet.news\/wp-content\/uploads\/NordStream2MapBlue.jpg\"><img decoding=\"async\" loading=\"lazy\" class=\"wp-image-45906 \" src=\"https:\/\/aeronet.news\/wp-content\/uploads\/NordStream2MapBlue.jpg\" sizes=\"(max-width: 808px) 100vw, 808px\" srcset=\"https:\/\/aeronet.news\/wp-content\/uploads\/NordStream2MapBlue.jpg 808w, https:\/\/aeronet.news\/wp-content\/uploads\/NordStream2MapBlue-300x169.jpg 300w, https:\/\/aeronet.news\/wp-content\/uploads\/NordStream2MapBlue-768x432.jpg 768w, https:\/\/aeronet.news\/wp-content\/uploads\/NordStream2MapBlue-700x393.jpg 700w, https:\/\/aeronet.news\/wp-content\/uploads\/NordStream2MapBlue-635x357.jpg 635w\" alt=\"\" width=\"801\" height=\"450\" \/><\/a><figcaption class=\"wp-caption-text\">Nord Stream 1 je definitivn\u011b zastaven<\/figcaption><\/figure>\n<p>Poloukrajinsk\u00fd premi\u00e9r Petr Fiala p\u0159itom d\u00e1l trv\u00e1 na sv\u00e9m sobotn\u00edm v\u00fdroku, \u017ee za svol\u00e1n\u00edm demonstrace stoj\u00ed prorusk\u00e9 s\u00edly, kter\u00e9 pr\u00fd nestoj\u00ed za z\u00e1jmy \u010cesk\u00e9 republiky, ale usiluj\u00ed o obnoven\u00ed z\u00e1vislosti \u010cR na rusk\u00fdch energetick\u00fdch zdroj\u00edch.\u00a0<strong>V\u00fdroky Petra Fialy se pomalu weaponizuj\u00ed a st\u00e1vaj\u00ed se zbran\u011bmi, kter\u00fdmi premi\u00e9r st\u0159\u00edl\u00ed do rozzu\u0159en\u00e9ho davu vlastn\u00edch ob\u010dan\u016f v domn\u011bn\u00ed, \u017ee kdy\u017e st\u0159\u00edl\u00ed ze shora z balkonu, \u017ee lid na n\u011bj nem\u016f\u017ee.<\/strong>\u00a0V\u00fdroky Fialy dokonce u\u017e i \u010desk\u00e1 rozv\u011bdka podle na\u0161ich exkluzivn\u00edch informac\u00ed v posledn\u00ed zpr\u00e1v\u011b ozna\u010duje za vysoce nebezpe\u010dn\u00e9, kter\u00e9 p\u0159il\u00edvaj\u00ed olej do ohn\u011b spole\u010densk\u00e9 nespokojenosti a zloby.<\/p>\n<h6><span style=\"font-size: 18pt;\">Dva nezn\u00e1m\u00ed kluci z Milionu chvilek vs. Dva nezn\u00e1m\u00ed kluci ze 100-tis\u00edcov\u00e9 demonstrace na V\u00e1clav\u00e1ku<\/span><\/h6>\n<p>Nejhor\u0161\u00ed situace p\u0159itom nastane p\u0159\u00ed\u0161t\u00ed rok v \u00fanoru a v b\u0159eznu, a\u017e za\u010dnou lidem v \u010cR chodit ro\u010dn\u00ed vy\u00fa\u010dtov\u00e1n\u00ed za elekt\u0159inu a plyn. Tam nastane bezpe\u010dnostn\u00ed krize v \u010cR, kterou si dnes nedovedeme ani p\u0159edstavit. A debiln\u00ed provoka\u010dn\u00ed v\u00fdroky premi\u00e9ra proti ob\u010dan\u016fm, kte\u0159\u00ed nemaj\u00ed na zaplacen\u00ed faktur za energie, \u017ee pr\u00fd jsou proru\u0161t\u00ed \u0161v\u00e1bi a agenti Kremlu v \u010cR, skute\u010dn\u011b zp\u016fsobuj\u00ed vztek a zlobu mezi ob\u010dany, proto\u017ee jim doch\u00e1z\u00ed, \u017ee premi\u00e9r je h\u0148up. A v dne\u0161n\u00ed dob\u011b h\u0148up v \u010dele vl\u00e1dy znamen\u00e1 n\u00e1rodn\u00ed katastrofu. Po\u017eadavky po Fialov\u011b demisi jsou tud\u00ed\u017e zcela na m\u00edst\u011b. U\u017e v\u010dera bylo pozd\u011b!<\/p>\n<figure id=\"attachment_53056\" class=\"wp-caption aligncenter\" style=\"width: 691px;\"><a href=\"https:\/\/aeronet.news\/wp-content\/uploads\/DemoPraha030922_03.jpg\"><img decoding=\"async\" loading=\"lazy\" class=\"wp-image-53056 \" src=\"https:\/\/aeronet.news\/wp-content\/uploads\/DemoPraha030922_03-1024x576.jpg\" sizes=\"(max-width: 700px) 100vw, 700px\" srcset=\"https:\/\/aeronet.news\/wp-content\/uploads\/DemoPraha030922_03-1024x576.jpg 1024w, https:\/\/aeronet.news\/wp-content\/uploads\/DemoPraha030922_03-300x169.jpg 300w, https:\/\/aeronet.news\/wp-content\/uploads\/DemoPraha030922_03-768x432.jpg 768w, https:\/\/aeronet.news\/wp-content\/uploads\/DemoPraha030922_03-700x394.jpg 700w, https:\/\/aeronet.news\/wp-content\/uploads\/DemoPraha030922_03-635x357.jpg 635w, https:\/\/aeronet.news\/wp-content\/uploads\/DemoPraha030922_03-859x483.jpg 859w, https:\/\/aeronet.news\/wp-content\/uploads\/DemoPraha030922_03.jpg 1280w\" alt=\"\" width=\"691\" height=\"389\" \/><\/a><figcaption class=\"wp-caption-text\">Demonstrace 3. z\u00e1\u0159\u00ed 2022 v Praze<\/figcaption><\/figure>\n<p>Demonstrace budou pokra\u010dovat, ale budeme bedliv\u011b sledovat, jak\u00fdm sm\u011brem se organizace\u00a0<strong><em>\u010cR Na prvn\u00edm m\u00edst\u011b<\/em><\/strong>\u00a0za\u010dne ub\u00edrat. U\u017e jsme toti\u017e za\u017eili v minulosti\u00a0<strong>[<a href=\"https:\/\/aeronet.news\/milion-chvilek-nebo-milionovy-chlivek-demonstrace-proti-zdenku-ondrackovi-a-andreji-babisovi-organizuje-narychlo-zalozena-neziskovka-kterou-sponzoruje-clen-slechticke-rodiny-lobkowiczu\/\">7<\/a>]<\/strong>\u00a0dva nezn\u00e1m\u00e9 kluky odnikud, kte\u0159\u00ed najednou zalo\u017eili\u00a0<em>Milion chvilek<\/em>, najednou m\u011bli spoustu pen\u011bz (nejen od Karla Jane\u010dka), najednou byli v televizi, najednou m\u011bli obrovsk\u00e9 a dokonale organizovan\u00e9 demonstrace proti Babi\u0161ovi, najednou m\u011bli p\u0159es \u010dtvrt milionu lid\u00ed na Letn\u00e9. Tomuhle uv\u011b\u0159\u00ed jen konceptu\u00e1ln\u011b slep\u00fd \u010dlov\u011bk, ale takhle to v \u017eivot\u011b nechod\u00ed. Op\u011bt tedy m\u00e1me p\u0159ed sebou dva kluky, kter\u00e9 nezn\u00e1me a op\u011bt maj\u00ed medi\u00e1ln\u00ed pokryt\u00ed, op\u011bt maj\u00ed pen\u00edze na velkou demonstraci, op\u011bt zapl\u0148uj\u00ed V\u00e1clav\u00e1k. Uvid\u00edme tedy v bl\u00edzk\u00e9 dob\u011b, \u010deho se do\u010dk\u00e1me.<\/p>\n<p>-VK- \u0160\u00e9fredaktor AE News<\/p>\n<p><a href=\"https:\/\/aeronet.news\/video-lubomir-volny-nesmel-dokoncit-projev-na-demonstraci-v-praze-stejne-jako-mu-nedovolovali-dokoncovat-projevy-v-poslanecke-snemovne-neni-to-zvlastni-lide-jsou-za-to-na-poradatele-nastvani\/\">ZDROJ<\/a><\/p>\n<p>&nbsp;<\/p>\n","protected":false},"excerpt":{"rendered":"<p>Lubom\u00edr Voln\u00fd nesm\u011bl dokon\u010dit projev na demonstraci v Praze stejn\u011b, jako mu nedovolovali dokon\u010dovat projevy&#8230;<\/p>\n","protected":false},"author":2,"featured_media":14668,"comment_status":"closed","ping_status":"closed","sticky":false,"template":"","format":"standard","meta":[],"categories":[6],"tags":[243,234,710,863],"_links":{"self":[{"href":"https:\/\/www.infokuryr.cz\/n\/wp-json\/wp\/v2\/posts\/14667"}],"collection":[{"href":"https:\/\/www.infokuryr.cz\/n\/wp-json\/wp\/v2\/posts"}],"about":[{"href":"https:\/\/www.infokuryr.cz\/n\/wp-json\/wp\/v2\/types\/post"}],"author":[{"embeddable":true,"href":"https:\/\/www.infokuryr.cz\/n\/wp-json\/wp\/v2\/users\/2"}],"replies":[{"embeddable":true,"href":"https:\/\/www.infokuryr.cz\/n\/wp-json\/wp\/v2\/comments?post=14667"}],"version-history":[{"count":0,"href":"https:\/\/www.infokuryr.cz\/n\/wp-json\/wp\/v2\/posts\/14667\/revisions"}],"wp:featuredmedia":[{"embeddable":true,"href":"https:\/\/www.infokuryr.cz\/n\/wp-json\/wp\/v2\/media\/14668"}],"wp:attachment":[{"href":"https:\/\/www.infokuryr.cz\/n\/wp-json\/wp\/v2\/media?parent=14667"}],"wp:term":[{"taxonomy":"category","embeddable":true,"href":"https:\/\/www.infokuryr.cz\/n\/wp-json\/wp\/v2\/categories?post=14667"},{"taxonomy":"post_tag","embeddable":true,"href":"https:\/\/www.infokuryr.cz\/n\/wp-json\/wp\/v2\/tags?post=14667"}],"curies":[{"name":"wp","href":"https:\/\/api.w.org\/{rel}","templated":true}]}}