{"id":1465,"date":"2021-05-07T07:51:44","date_gmt":"2021-05-07T05:51:44","guid":{"rendered":"http:\/\/www.infokuryr.cz\/n\/?p=1465"},"modified":"2021-05-07T07:51:44","modified_gmt":"2021-05-07T05:51:44","slug":"madarsky-parlament-schvalil-zruseni-dane-z-prijmu-pro-mlade-do-25-let-cilem-je-podporit-zakladani-mladych-rodin-a-ukoncit-poflakovani-studentu-na-univerzitach","status":"publish","type":"post","link":"https:\/\/www.infokuryr.cz\/n\/2021\/05\/07\/madarsky-parlament-schvalil-zruseni-dane-z-prijmu-pro-mlade-do-25-let-cilem-je-podporit-zakladani-mladych-rodin-a-ukoncit-poflakovani-studentu-na-univerzitach\/","title":{"rendered":"Ma\u010farsk\u00fd parlament schv\u00e1lil zru\u0161en\u00ed dan\u011b z p\u0159\u00edjmu pro mlad\u00e9 do 25 let. C\u00edlem je podpo\u0159it zakl\u00e1d\u00e1n\u00ed mlad\u00fdch rodin a ukon\u010dit poflakov\u00e1n\u00ed student\u016f na univerzit\u00e1ch"},"content":{"rendered":"<div id=\"fb-root\"><\/div>\n<p><strong>Ma\u010farsk\u00fd parlament schv\u00e1lil vl\u00e1dn\u00ed n\u00e1vrh z\u00e1kona, kter\u00fd zp\u011btn\u011b od ledna 2021 osvobozuje mlad\u00e9 Ma\u010fary\u00a0<a href=\"https:\/\/rmx.news\/article\/article\/hungary-abolishes-income-tax-for-young-people-under-25\">od dan\u011b z p\u0159\u00edjmu<\/a>. C\u00edlem opat\u0159en\u00ed je podpo\u0159it zakl\u00e1d\u00e1n\u00ed mlad\u00fdch rodin a tedy i n\u00e1r\u016fst porodnosti ma\u010farsk\u00e9 populace.<\/strong><\/p>\n<p>Je to jedno z mnoha opat\u0159en\u00ed, kter\u00e9 v posledn\u00edch letech p\u0159ijala Orb\u00e1nova vl\u00e1da na podporu rodiny.\u00a0<strong>D\u00edky souboru opat\u0159en\u00ed do\u0161lo k n\u00e1r\u016fstu po\u010dtu s\u0148atku, porodnosti, ale i k poklesu rozvodovosti.<\/strong>\u00a0Ma\u010farsk\u00e1 prorodinn\u00e1 opat\u0159en\u00ed nyn\u00ed studuje \u0159ada zem\u00ed v\u010detn\u011b Japonska.<\/p>\n<p>Dal\u0161\u00ed zem\u011b, kter\u00e1<strong>\u00a0zru\u0161ila da\u0148 z p\u0159ijmu mlad\u00fdm lidem je Polsko, tak je hranice pro mlad\u00e9 lidi 26 le<\/strong>t.<\/p>\n<p>C\u00edlem t\u011bchto opat\u0159en\u00ed<strong>\u00a0je syst\u00e9mov\u00e1 zm\u011bna chov\u00e1n\u00ed mlad\u00fdch lid\u00ed, kte\u0159\u00ed se d\u0159\u00edve poflakovali na univerzit\u00e1ch mnoho let a do pr\u00e1ce a zakl\u00e1d\u00e1n\u00ed rodin se nehrnuli.<\/strong><\/p>\n<p>\u010cten\u00e1\u0159e asi nep\u0159ekvap\u00ed, \u017ee \u201c<strong>\u010desk\u00e1 a slovensk\u00e1\u201d vl\u00e1da o podobn\u00fdch opat\u0159en\u00edch neuva\u017euje. Pro ty je prioritou LGBT++p agenda a podpora masov\u00e9 imigrace a korona teror.<\/strong><\/p>\n<p><a href=\"https:\/\/ceskavec.com\/2021\/05\/madarsky-parlament-schvalil-zruseni-dane-z-prijmu-pro-mlade-do-25-let-cilem-je-podporit-zakladani-mladych-rodin\">KPI<\/a><\/p>\n<p>&nbsp;<\/p>\n","protected":false},"excerpt":{"rendered":"<p>Ma\u010farsk\u00fd parlament schv\u00e1lil vl\u00e1dn\u00ed n\u00e1vrh z\u00e1kona, kter\u00fd zp\u011btn\u011b od ledna 2021 osvobozuje mlad\u00e9 Ma\u010fary\u00a0od dan\u011b&#8230;<\/p>\n","protected":false},"author":2,"featured_media":1466,"comment_status":"closed","ping_status":"closed","sticky":false,"template":"","format":"standard","meta":[],"categories":[7],"tags":[236,59,78,90],"_links":{"self":[{"href":"https:\/\/www.infokuryr.cz\/n\/wp-json\/wp\/v2\/posts\/1465"}],"collection":[{"href":"https:\/\/www.infokuryr.cz\/n\/wp-json\/wp\/v2\/posts"}],"about":[{"href":"https:\/\/www.infokuryr.cz\/n\/wp-json\/wp\/v2\/types\/post"}],"author":[{"embeddable":true,"href":"https:\/\/www.infokuryr.cz\/n\/wp-json\/wp\/v2\/users\/2"}],"replies":[{"embeddable":true,"href":"https:\/\/www.infokuryr.cz\/n\/wp-json\/wp\/v2\/comments?post=1465"}],"version-history":[{"count":0,"href":"https:\/\/www.infokuryr.cz\/n\/wp-json\/wp\/v2\/posts\/1465\/revisions"}],"wp:featuredmedia":[{"embeddable":true,"href":"https:\/\/www.infokuryr.cz\/n\/wp-json\/wp\/v2\/media\/1466"}],"wp:attachment":[{"href":"https:\/\/www.infokuryr.cz\/n\/wp-json\/wp\/v2\/media?parent=1465"}],"wp:term":[{"taxonomy":"category","embeddable":true,"href":"https:\/\/www.infokuryr.cz\/n\/wp-json\/wp\/v2\/categories?post=1465"},{"taxonomy":"post_tag","embeddable":true,"href":"https:\/\/www.infokuryr.cz\/n\/wp-json\/wp\/v2\/tags?post=1465"}],"curies":[{"name":"wp","href":"https:\/\/api.w.org\/{rel}","templated":true}]}}