{"id":1462,"date":"2021-05-07T07:35:49","date_gmt":"2021-05-07T05:35:49","guid":{"rendered":"http:\/\/www.infokuryr.cz\/n\/?p=1462"},"modified":"2021-05-07T07:45:17","modified_gmt":"2021-05-07T05:45:17","slug":"ministerstvo-zdravotnictvi-netusi-kdo-v-ceske-republice-nese-zodpovednost-za-spejlovani-nezletilych-deti-pokud-si-privodi-zdravotni-ujmu","status":"publish","type":"post","link":"https:\/\/www.infokuryr.cz\/n\/2021\/05\/07\/ministerstvo-zdravotnictvi-netusi-kdo-v-ceske-republice-nese-zodpovednost-za-spejlovani-nezletilych-deti-pokud-si-privodi-zdravotni-ujmu\/","title":{"rendered":"Ministerstvo zdravotnictv\u00ed netu\u0161\u00ed, kdo v \u010cesk\u00e9 republice nese zodpov\u011bdnost za \u0161pejlov\u00e1n\u00ed nezletil\u00fdch d\u011bt\u00ed, pokud si p\u0159ivod\u00ed zdravotn\u00ed \u00fajmu!"},"content":{"rendered":"<div id=\"fb-root\"><\/div>\n<h4>Ministerstvo zdravotnictv\u00ed netu\u0161\u00ed, kdo v \u010cesk\u00e9 republice nese zodpov\u011bdnost za \u0161pejlov\u00e1n\u00ed nezletil\u00fdch d\u011bt\u00ed, pokud si p\u0159ivod\u00ed zdravotn\u00ed \u00fajmu! V \u0161okuj\u00edc\u00ed odpov\u011bdi tiskov\u00e9 mluv\u010d\u00ed se nazna\u010duje, \u017ee zodpov\u011bdnost by ur\u010dovaly a\u017e soudy, ale v t\u00e9to chv\u00edli ministerstvo nev\u00ed, kdo nese zodpov\u011bdnost! A p\u0159itom rodi\u010de netu\u0161\u00ed, \u017ee jejich d\u011bti si mo\u017en\u00e1 strkaj\u00ed do nos\u016f \u0161pejle balen\u00e9 na podlaze v indick\u00fdch slumech mal\u00fdmi d\u011btmi! Vir\u00e1ln\u00ed video z Indie v\u00e1lcuje soci\u00e1ln\u00ed s\u00edt\u011b, mal\u00e9 d\u011bti v chatr\u010di bal\u00ed \u0161pejle do obal\u016f p\u0159\u00edmo na podlaze, o n\u011bjak\u00e9 sterilit\u011b \u0161pejl\u00ed si va\u0161e d\u011bti ve \u0161kole mohou nechat leda tak zd\u00e1t! Sta\u010d\u00ed lacin\u00fd mikroskop a je to!<\/h4>\n<p>Nen\u00ed to tak d\u00e1vno, kdy jsme na Aeronetu publikovali n\u011bkolik \u010dl\u00e1nk\u016f o reakc\u00edch tiskov\u00e9ho odboru ministerstva zdravotnictv\u00ed na dotazy \u010dten\u00e1\u0159\u016f na\u0161eho serveru, kter\u00e9 zaj\u00edmalo p\u0159edev\u0161\u00edm to, kdo vydal certifik\u00e1ty a schvalovac\u00ed dekrety pro antigenn\u00ed testy ur\u010den\u00e9 pro \u010desk\u00e9 \u0161kol\u00e1ky. Na toto t\u00e9ma by se zd\u00e1lo, \u017ee bylo naps\u00e1no u\u017e dost \u010dl\u00e1nk\u016f, ov\u0161em to jsme je\u0161t\u011b netu\u0161ili, \u017ee se n\u00e1m dnes dostane do redakce dal\u0161\u00ed materi\u00e1l v podob\u011b odpov\u011bdi tiskov\u00e9ho odboru MZ\u010cR na dotaz na\u0161eho \u010dten\u00e1\u0159e,\u00a0<strong>kter\u00e9ho zaj\u00edmalo krom\u011b jin\u00e9ho i to, kdo nese zodpov\u011bdnost za p\u0159\u00edpadn\u00e9 zdravotn\u00ed probl\u00e9my d\u011bt\u00ed, pokud si p\u0159i samotestov\u00e1n\u00ed zp\u016fsob\u00ed n\u011bjak\u00e9 zran\u011bn\u00ed, nebo pokud se nakaz\u00ed testem<\/strong>, kter\u00fd je t\u0159eba kontaminovan\u00fd, co\u017e si za chv\u00edli v \u010dl\u00e1nku uk\u00e1\u017eeme na \u0161okuj\u00edc\u00edm videu, kter\u00e9 moment\u00e1ln\u011b ot\u0159\u00e1s\u00e1 soci\u00e1ln\u00edmi s\u00edt\u011bmi.<\/p>\n<figure id=\"attachment_46585\" class=\"wp-caption aligncenter\" style=\"width: 621px;\"><a href=\"https:\/\/aeronet.cz\/news\/wp-content\/uploads\/KidsPackingSwabs.jpg\"><img decoding=\"async\" loading=\"lazy\" class=\"wp-image-46585 \" src=\"https:\/\/aeronet.cz\/news\/wp-content\/uploads\/KidsPackingSwabs.jpg\" sizes=\"(max-width: 1005px) 100vw, 1005px\" srcset=\"https:\/\/aeronet.cz\/news\/wp-content\/uploads\/KidsPackingSwabs.jpg 1005w, https:\/\/aeronet.cz\/news\/wp-content\/uploads\/KidsPackingSwabs-300x166.jpg 300w, https:\/\/aeronet.cz\/news\/wp-content\/uploads\/KidsPackingSwabs-768x424.jpg 768w, https:\/\/aeronet.cz\/news\/wp-content\/uploads\/KidsPackingSwabs-700x387.jpg 700w, https:\/\/aeronet.cz\/news\/wp-content\/uploads\/KidsPackingSwabs-646x357.jpg 646w, https:\/\/aeronet.cz\/news\/wp-content\/uploads\/KidsPackingSwabs-875x483.jpg 875w\" alt=\"\" width=\"621\" height=\"343\" \/><\/a><figcaption class=\"wp-caption-text\">Tady se bal\u00ed \u010d\u00ednsk\u00e9 antigenn\u00ed \u0161pejle. V\u00edce ve videu n\u00ed\u017ee v \u010dl\u00e1nku.<\/figcaption><\/figure>\n<p>O tom, \u017ee \u010cesko snese f\u0161ecko, nen\u00ed t\u0159eba pochybovat. \u010cesko je zem\u00ed z\u00e1zrak\u016f, o kter\u00e9 ale slu\u0161n\u00ed lid\u00e9 nestoj\u00ed. P\u0159esto n\u00e1s n\u011bkdy p\u0159ekvap\u00ed situace, kdy syst\u00e9m je natolik zkorumpovan\u00fd, \u017ee pop\u00edr\u00e1 s\u00e1m sebe. Pan David se rozhodl obr\u00e1tit na tiskov\u00fd odbor MZ\u010cR s celkem 20 ot\u00e1zkami ohledn\u011b antigenn\u00edch test\u016f, p\u0159i\u010dem\u017e \u0159ada z nich ji\u017e byla zodpov\u011bzena v na\u0161ich minul\u00fdch \u010dl\u00e1nc\u00edch.\u00a0<strong>Ov\u0161em v p\u0159\u00edpad\u011b ot\u00e1zky \u010d. 8 trefil n\u00e1\u0161 \u010dten\u00e1\u0159 kladivem rovnou na hlavi\u010dku, proto\u017ee se zeptal tiskov\u00e9 mluv\u010d\u00ed ministerstva, kdo je zodpov\u011bdn\u00fd za p\u0159\u00edpadn\u00e9 zdravotn\u00ed komplikace \u010di po\u0161kozen\u00ed zp\u016fsoben\u00e9 b\u011bhem prov\u00e1d\u011bn\u00ed zdravotn\u00edho \u00fakonu,\u00a0 a jestli je zodpov\u011bdn\u00e1 osoba \u010di spole\u010dnost na tyto v\u011bci poji\u0161t\u011bn\u00e1.<\/strong><\/p>\n<h6><span style=\"font-size: 14pt;\">Ministerstvo zdravotnictv\u00ed nev\u00ed a netu\u0161\u00ed, kdo nese zodpov\u011bdnost za \u0161pinav\u00e9 a kontaminovan\u00e9 \u0161pejle, kter\u00e9 si \u010desk\u00e9 d\u011bti strkaj\u00ed do nos\u016f dvakr\u00e1t t\u00fddn\u011b<\/span><\/h6>\n<p>A rovn\u011b\u017e se zeptal, kdo nese zodpov\u011bdnost za p\u0159\u00edpadn\u00e9 n\u00e1sledn\u00e9 zdravotn\u00ed komplikace a ne\u017e\u00e1douc\u00ed \u00fa\u010dinky v mo\u017en\u00e9 souvislosti s proveden\u00fdm zdravotn\u00edm \u00fakonem? Je zodpov\u011bdn\u00e1 osoba \u010di spole\u010dnost na tyto v\u011bci poji\u0161t\u011bn\u00e1. A odpov\u011b\u010f ministerstva zdravotnictv\u00ed, kter\u00e9 jinak tak usilovn\u011b odm\u00edt\u00e1 neschv\u00e1len\u00e9 vakc\u00edny Sputnik, \u017ee pr\u00fd nemaj\u00ed atesty a schv\u00e1len\u00ed EMA, \u017ee by to nebylo bezpe\u010dn\u00e9, tak to sam\u00e9 ministerstvo odpov\u011bd\u011blo ohledn\u011b test\u016f na\u0161emu \u010dten\u00e1\u0159i zp\u016fsobem, \u017ee v\u00e1m to vyraz\u00ed dech. Tohle je \u010cesko v roce 2021 na\u017eivo. \u010ct\u011bte:<\/p>\n<p><em>Pokud jde o Va\u0161e dotazy t\u00fdkaj\u00edc\u00ed se odpov\u011bdnosti za p\u0159\u00edpadn\u00e9 zdravotn\u00ed komplikace \u010di po\u0161kozen\u00ed zp\u016fsoben\u00e9 b\u011bhem prov\u00e1d\u011bn\u00ed zdravotn\u00edho \u00fakonu (dotaz \u010d. 7) a za p\u0159\u00edpadn\u00e9 n\u00e1sledn\u00e9 zdravotn\u00ed komplikace a ne\u017e\u00e1douc\u00ed \u00fa\u010dinky v mo\u017en\u00e9 souvislosti s proveden\u00fdm zdravotn\u00edm \u00fakonem (dotaz \u010d. 8),\u00a0<strong>je t\u0159eba konstatovat, \u017ee ur\u010den\u00ed odpov\u011bdn\u00e9 osoby odvis\u00ed od konkr\u00e9tn\u00edch okolnost\u00ed dan\u00e9ho p\u0159\u00edpadu, p\u0159edev\u0161\u00edm v\u0161ak jde v tomto p\u0159\u00edpad\u011b o mimo\u0159\u00e1dn\u011b komplikovanou pr\u00e1vn\u00ed ot\u00e1zku.<\/strong>\u00a0Kompetenci k z\u00e1vazn\u00e9mu v\u00fdkladu pr\u00e1vn\u00edch p\u0159edpis\u016f p\u0159itom m\u00e1 v demokratick\u00e9m pr\u00e1vn\u00edm st\u00e1t\u011b v\u00fdlu\u010dn\u011b soudn\u00ed soustava v\u010detn\u011b Nejvy\u0161\u0161\u00edho soudu, jeho\u017e \u00fakolem je mj. judikaturu ni\u017e\u0161\u00edch soud\u016f sjednocovat.\u00a0<strong>To je d\u016fvodem, pro\u010d ministerstvo zdravotnictv\u00ed takov\u00fdm z\u00e1vazn\u00fdm pr\u00e1vn\u00edm stanoviskem nedisponuje a nem\u016f\u017ee jej tak poskytnout.<\/strong><\/em><\/p>\n<p><em>Ministerstvo by tak muselo v reakci na V\u00e1\u0161 po\u017eadavek nanejv\u00fd\u0161 nov\u011b vytvo\u0159it vlastn\u00ed (nikoli z\u00e1vaznou) pr\u00e1vn\u00ed anal\u00fdzu na z\u00e1klad\u011b v\u00fdkladu jednotliv\u00fdch ustanoven\u00ed p\u0159\u00edslu\u0161n\u00fdch pr\u00e1vn\u00edch p\u0159edpis\u016f a tu V\u00e1m teprve poskytnout.<\/em><\/p>\n<p><em>Podle ustanoven\u00ed \u00a7 2 odst. 4 z\u00e1kona \u010d. 106\/1999 Sb. se v\u0161ak povinnost poskytovat informace net\u00fdk\u00e1 dotaz\u016f na n\u00e1zory, budouc\u00ed rozhodnut\u00ed a vytv\u00e1\u0159en\u00ed nov\u00fdch informac\u00ed. Ministerstvo tud\u00ed\u017e nen\u00ed povinno v re\u017eimu z\u00e1kona 106\/1999 Sb. (v reakci na \u017e\u00e1dost o informace) vytv\u00e1\u0159et pr\u00e1vn\u00ed stanoviska, expert\u00edzy a odborn\u00e9 anal\u00fdzy a prezentovat tak \u017eadatel\u016fm sv\u016fj n\u00e1zor na konkr\u00e9tn\u00ed problematiku.<\/em><\/p>\n<p><em>Rovn\u011b\u017e d\u016fvodov\u00e1 zpr\u00e1va k z\u00e1konu \u010d. 106\/1999 Sb. (Sn\u011bmovn\u00ed tisk 991, IV. volebn\u00ed obdob\u00ed Poslaneck\u00e9 sn\u011bmovny Parlamentu \u010cesk\u00e9 republiky) k ustanoven\u00ed \u00a7 2 odst. 4 uv\u00e1d\u00ed: \u201ePovinn\u00fd subjekt je povinen poskytovat jen ty informace, kter\u00e9 se vztahuj\u00ed k jeho p\u016fsobnosti, a m\u00e1 nebo by m\u011bl m\u00edt k dispozici. Naopak re\u017eim z\u00e1kona o svobodn\u00e9m p\u0159\u00edstupu k informac\u00edm nestanovuje povinnost nov\u00e9 informace vytv\u00e1\u0159et \u010di vyjad\u0159ovat n\u00e1zory povinn\u00e9ho subjektu k ur\u010dit\u00e9 problematice.\u201c<\/em><\/p>\n<p><em>Koment\u00e1\u0159 dostupn\u00fd v datab\u00e1zi ASPI k ustanoven\u00ed \u00a7 2 odst. 4 z\u00e1kona \u010d. 106\/1999 Sb. uv\u00e1d\u00ed: \u201e\u00da\u010delem \u00a7 2 odst. 4 je br\u00e1nit povinn\u00e9 subjekty p\u0159ed t\u00edm, aby byly na z\u00e1klad\u011b \u017e\u00e1dost\u00ed podle z\u00e1kona o svobodn\u00e9m p\u0159\u00edstupu k informac\u00edm povinny zauj\u00edmat stanoviska v bl\u00ed\u017ee specifikovan\u00e9 v\u011bci, d\u00e1le vysv\u011btlovat v\u00fdstupy ze sv\u00e9 \u010dinnosti (nap\u0159. \u00fakony ve spr\u00e1vn\u00edm \u0159\u00edzen\u00ed), prov\u00e1d\u011bt pr\u00e1vn\u00ed v\u00fdklady, vytv\u00e1\u0159et \u010di obstar\u00e1vat nov\u00e9 informace (pr\u00e1vn\u00ed \u010di v\u011bcn\u00e9 expertizy, anal\u00fdzy dat shrom\u00e1\u017ed\u011bn\u00fdch p\u0159i sv\u00e9 rozhodovac\u00ed \u010dinnosti apod.), jimi\u017e nedisponuj\u00ed a nejsou povinny disponovat. Jde tedy o velmi v\u00fdznamn\u00e9 ustanoven\u00ed, kter\u00e9 br\u00e1n\u00ed nep\u0159im\u011b\u0159en\u00e9 z\u00e1t\u011b\u017ei povinn\u00fdch subjekt\u016f jak\u00fdmsi \u201c\u00fakolov\u00e1n\u00edm\u201d ze strany \u201c\u017eadatel\u016f\u201d pod ozna\u010den\u00edm \u017e\u00e1dosti o informace.\u201c S ohledem na shora uveden\u00e9 nelze Va\u0161\u00ed \u017e\u00e1dosti, co jej\u00edch bod\u016f 7) a 8) vyhov\u011bt.<\/em><\/p>\n<h6><span style=\"font-size: 14pt;\">Zodpov\u011bdnost za po\u0161kozen\u00ed d\u011bt\u00ed ur\u010d\u00ed a\u017e \u010desk\u00e9 soudy ex-post<\/span><\/h6>\n<p>Jak tedy sami vid\u00edte,\u00a0<strong>ministerstvo zdravotnictv\u00ed naprosto netu\u0161\u00ed a nev\u00ed, kdo v p\u0159\u00edpad\u011b zran\u011bn\u00ed Va\u0161eho d\u00edt\u011bte ponese za jeho po\u0161kozen\u00ed \u010di posti\u017een\u00ed zodpov\u011bdnost.<\/strong>\u00a0Ministerstvo se domn\u00edv\u00e1, \u017ee pr\u00fd to bude z\u00e1viset p\u0159\u00edpad od p\u0159\u00edpadu a rozhodnout bude moci v z\u00e1sad\u011b jenom soud, kter\u00fd bude muset zjistit, kdo nese zodpov\u011bdnost. P\u0159esn\u011b jak p\u0159ed \u010dasem varoval n\u00e1\u0161 redak\u010dn\u00ed pr\u00e1vn\u00edk, d\u011bti se \u0161pejluj\u00ed samy a vlastn\u00ed rukou, aby zodpov\u011bdnost nenesli u\u010ditel\u00e9 na \u0161kol\u00e1ch, resp. \u0161koly a jejich z\u0159izovatel\u00e9, pota\u017emo org\u00e1n, kter\u00fd \u0161koly zast\u0159e\u0161uje a z\u0159izuje, tedy Krajsk\u00e1 zastupitelstva, p\u0159\u00edpadn\u011b M\u0160MT.<\/p>\n<figure id=\"attachment_46588\" class=\"wp-caption aligncenter\" style=\"width: 586px;\"><a href=\"https:\/\/aeronet.cz\/news\/wp-content\/uploads\/MZCR_Response-1.jpg\"><img decoding=\"async\" loading=\"lazy\" class=\"wp-image-46588 \" src=\"https:\/\/aeronet.cz\/news\/wp-content\/uploads\/MZCR_Response-1-724x1024.jpg\" sizes=\"(max-width: 700px) 100vw, 700px\" srcset=\"https:\/\/aeronet.cz\/news\/wp-content\/uploads\/MZCR_Response-1-724x1024.jpg 724w, https:\/\/aeronet.cz\/news\/wp-content\/uploads\/MZCR_Response-1-212x300.jpg 212w, https:\/\/aeronet.cz\/news\/wp-content\/uploads\/MZCR_Response-1-768x1086.jpg 768w, https:\/\/aeronet.cz\/news\/wp-content\/uploads\/MZCR_Response-1-700x990.jpg 700w, https:\/\/aeronet.cz\/news\/wp-content\/uploads\/MZCR_Response-1-252x357.jpg 252w, https:\/\/aeronet.cz\/news\/wp-content\/uploads\/MZCR_Response-1-342x483.jpg 342w\" alt=\"\" width=\"586\" height=\"828\" \/><\/a><figcaption class=\"wp-caption-text\">Dopis z ministerstva zdravotnictv\u00ed<\/figcaption><\/figure>\n<p>Jestli\u017ee se testuje nezletil\u00e1 osoba sama na sob\u011b, opravdu nen\u00ed jasn\u00e9, kdo nese a ponese zodpov\u011bdnost za jej\u00ed p\u0159\u00edpadn\u00e9 onemocn\u011bn\u00ed nebo po\u0161kozen\u00ed. Jak upozor\u0148uje n\u00e1\u0161 pr\u00e1vn\u00edk, naprosto re\u00e1ln\u011b hroz\u00ed absurdn\u00ed situace, kdy na jedn\u00e9 stran\u011b testov\u00e1n\u00ed na\u0159izuje ministr \u0161kolstv\u00ed, ale v p\u0159\u00edpad\u011b po\u0161kozen\u00ed d\u00edt\u011bte paradoxn\u011b soud m\u016f\u017ee dosp\u011bt k z\u00e1v\u011bru, \u017ee za po\u0161kozen\u00ed d\u00edt\u011bte m\u016f\u017ee rodi\u010d, kter\u00fd s t\u00edmto testov\u00e1n\u00edm d\u00edt\u011bte souhlasil.\u00a0<strong>Pr\u00e1vn\u00edk upozor\u0148uje na pr\u00e1vn\u00ed akt dan\u00e9ho souhlasu, kter\u00fd m\u00e1 v p\u0159\u00edpad\u011b soudu pr\u00e1vn\u00ed validitu, a to je souhlas rodi\u010de s testov\u00e1n\u00edm d\u00edt\u011bte.<\/strong>\u00a0Rodi\u010d jako z\u00e1stupce d\u00edt\u011bte t\u00edm prov\u00e1d\u00ed pr\u00e1vn\u00ed akt, \u00fakon vyd\u00e1n\u00ed souhlasu, \u010d\u00edm\u017e z hlediska pr\u00e1va p\u0159eb\u00edr\u00e1 ve\u0161kerou zodpov\u011bdnost za n\u00e1sledky, kter\u00e9 si d\u00edt\u011b samotestem m\u016f\u017ee p\u0159ivodit.<\/p>\n<h6><span style=\"font-size: 12pt;\">Pr\u00e1vn\u00edk varuje na mo\u017en\u00fd vznik absurdn\u00edho stavu, kdy to budou rodi\u010de, kte\u0159\u00ed ponesou zodpov\u011bdnost za ministerstvem na\u0159\u00edzen\u00e9 \u0161pejlov\u00e1n\u00ed d\u011bt\u00ed<\/span><\/h6>\n<p>Pr\u00e1vn\u00edk d\u00e1le v\u011bc rozeb\u00edr\u00e1 z hlediska z\u00e1kon\u016f p\u00e9\u010de o d\u00edt\u011b. Rodi\u010d by mohl nam\u00edtat, \u017ee nebyl sezn\u00e1men s riziky samotestov\u00e1n\u00ed d\u00edt\u011bte a rozhodl se pro souhlas na z\u00e1klad\u011b nedostatku informac\u00ed. Jen\u017ee existuje mnoho protich\u016fdn\u00fdch judik\u00e1t\u016f, kter\u00e9 v podstat\u011b deklaruj\u00ed, \u017ee rodi\u010d nem\u00e1 za \u00fakol p\u0159edj\u00edmat ciz\u00ed informace, ale m\u00e1 usilovat o ochranu zdrav\u00ed d\u00edt\u011bte v souladu s jeho z\u00e1jmy.\u00a0<strong>Argumentace, \u017ee rodi\u010d nev\u011bd\u011bl o z\u00e1vadnosti antigenn\u00edch test\u016f, tak u soudu neobstoj\u00ed. Je to stejn\u00e9, jako kdyby rodi\u010d tvrdil, \u017ee nev\u011bd\u011bl, \u017ee d\u00edt\u011b na uzav\u0159en\u00e9 silnici m\u016f\u017ee zahynout, p\u0159esto\u017ee tam \u017e\u00e1dn\u00e1 auta nemaj\u00ed kv\u016fli stavebn\u00ed uzav\u00edrce silnice jezdit.<\/strong><\/p>\n<p>Ale jeden \u0159idi\u010d z\u00e1kaz vjezdu poru\u0161\u00ed, z\u00e1voru objede a po uzav\u0159en\u00e9 silnici doraz\u00ed a\u017e do m\u00edsta, kde sraz\u00ed d\u00edt\u011b a zabije ho. Rodi\u010d nem\u00e1 toti\u017e p\u0159edpokl\u00e1dat, \u017ee n\u011bkdo jin\u00fd dodr\u017euje p\u0159edpisy, rodi\u010d toti\u017e mus\u00ed d\u00edt\u011b chr\u00e1nit bez ohledu na ostatn\u00ed osoby a jejich chov\u00e1n\u00ed. Podle pr\u00e1vn\u00edka tak re\u00e1ln\u011b hroz\u00ed, \u017ee paradoxn\u011b to budou rodi\u010de, kte\u0159\u00ed ponesou zodpov\u011bdnost za p\u0159\u00edpadn\u00e9 zdravotn\u00ed probl\u00e9my d\u00edt\u011bte po testov\u00e1n\u00ed. Pane\u010dku, to je chucpe! N\u00ed\u017ee je seznam dotaz\u016f na\u0161eho \u010dten\u00e1\u0159e na ministerstvo a odpov\u011bdi pan\u00ed \u0159editelky tiskov\u00e9ho odboru.<\/p>\n<p>Spousta \u010desk\u00fdch tup\u00fdch rodi\u010d\u016f p\u0159itom nam\u00edt\u00e1, \u017ee testy jsou steriln\u00ed, \u017ee to maj\u00ed napsan\u00e9 na obalech. D\u016fv\u011bra ov\u010dan\u016f v certifik\u00e1ty, zna\u010dky, n\u00e1lepky, loga a visa\u010dky je nekone\u010dn\u00e1. Jakmile se na obalu v\u00fdrobku objev\u00ed n\u011bjak\u00e9 chucp\u00e1tko v podob\u011b n\u011bjak\u00e9 zna\u010dky o certifikaci, lid\u00e9 okam\u017eit\u011b vypnou ve\u0161ker\u00e9 obrann\u00e9 senzory opatrnosti a ned\u016fv\u011b\u0159ivosti a hned si to za\u010dnou cp\u00e1t a rv\u00e1t hluboko do nosu. P\u0159itom pap\u00edr a obal v\u00fdrobku snesou taky f\u0161ecko.<\/p>\n<p>Pokud si \u0159\u00edk\u00e1te, odkud se bere bordel na \u0161pi\u010dk\u00e1ch testovac\u00edch \u0161pejl\u00ed, odkud se berou ti parazit\u00e9 a krout\u00edc\u00ed se potvory, tak se ob\u00e1v\u00e1m, \u017ee z\u00e1hada je mo\u017en\u00e1 rozlu\u0161t\u011bna, proto\u017ee ve st\u0159edu uniklo na ve\u0159ejnost video z Indie. V tamn\u00edm st\u00e1t\u011b\u00a0Maharashtra toti\u017e do\u0161lo k propuknut\u00ed skand\u00e1lu, kde m\u00edstn\u00ed pracovn\u00ed agentura najat\u00e1 distribu\u010dn\u00ed firmou zam\u011bstn\u00e1v\u00e1 v chudinsk\u00e9m slumu d\u011btskou pracovn\u00ed s\u00edlu.\u00a0<strong>D\u011bti sed\u00ed v chatr\u010d\u00edch na podlaze, okolo rozh\u00e1zen\u00e9 testovac\u00ed \u0161pejle a stohy pap\u00edrov\u00fdch obal\u016f, do kter\u00fdch d\u011bti \u0161pejle bal\u00ed.<\/strong><\/p>\n<h6><span style=\"font-size: 14pt;\">VIDEO: Indick\u00e9 d\u011bti v chudinsk\u00e9m slumu bal\u00ed na podlaze \u00fadajn\u011b steriln\u00ed \u0161pejle pro antigenn\u00ed testy!<\/span><\/h6>\n<p><strong>Indick\u00e1 m\u00e9dia p\u0159inesla [<a href=\"https:\/\/href.li\/?https:\/\/www.freepressjournal.in\/mumbai\/thane-women-and-kids-pack-swab-test-kits-without-following-covid-norms-in-ulhasnagar\" target=\"_blank\" rel=\"nofollow noopener\">1<\/a>] podrobn\u00e9 informace. Ka\u017ed\u00e9 d\u00edt\u011b mus\u00ed za den zabalit 5000 \u0161pejl\u00ed a za to dostane 100 rupi\u00ed, co\u017e je v p\u0159epo\u010dtu zhruba 1 Euro a 13 cent\u016f, tak\u017ee okolo 26 K\u010d za cel\u00fd den d\u011btsk\u00e9 pr\u00e1ce.<\/strong>\u00a0Unikl\u00e9 video zachycuje d\u011bti, jak na zemi bal\u00ed \u0161pejle a jsou r\u00e1dy, \u017ee si alespo\u0148 n\u011bco m\u00e1lo vyd\u011blaj\u00ed, proto\u017ee ve slumech takov\u00e1 p\u0159\u00edle\u017eitost vyd\u011blat si pen\u00edze \u010dasto nep\u0159ich\u00e1z\u00ed. Jen\u017ee o n\u011bjak\u00e9 hygien\u011b si m\u016f\u017eete nechat jenom zn\u00e1t. Na obalech je naps\u00e1no, \u017ee \u0161pejle jsou steriln\u00ed a o\u0161et\u0159en\u00e9 EO, tedy ethylenoxidem, a kdy\u017e potom Evropan\u00e9 daj\u00ed \u0161pejle pod primitivn\u00ed mikroskop, tak tam vid\u00ed spoustu bordelu, \u010dern\u00fdch vl\u00e1ken, kter\u00e1 se dokonce h\u00fdbaj\u00ed, jin\u00e1 se neh\u00fdbaj\u00ed.<\/p>\n<div class='videoWrapper'>\r\n\t            <iframe src='https:\/\/rumble.com\/embed\/pj.ve025v\/' frameborder='0' allowfullscreen><\/iframe>\r\n\t        <\/div>\n<div id=\"rumble_ve025v\">\n<div id=\"vid_ve025v\" class=\"rumble_ve025v-Rumble-cls\">\n<div class=\"bigPlayUI ctp\">\n<div class=\"bigPlayUIInner ctp\"><\/div>\n<\/div>\n<\/div>\n<\/div>\n<p>A na dotazy opr\u00e1vn\u011bn\u011b vyd\u011b\u0161en\u00fdch lid\u00ed, co takov\u00fd bordel d\u011bl\u00e1 na steriln\u00edch ty\u010dink\u00e1ch, se m\u00edsto odpov\u011bdi do\u010dk\u00e1te r\u016fzn\u00fdch cemperiza\u010dn\u00edch a diskredita\u010dn\u00edch \u017ev\u00e1st\u016f r\u00e1doby novin\u00e1\u0159\u016f a vyklada\u010d\u016f pravdy, kte\u0159\u00ed v\u00e1m budou tvrdit, \u017ee vl\u00e1kna se neh\u00fdbou, a \u017ee se tam dostala z rukou dezinform\u00e1tor\u016f, kte\u0159\u00ed na ty \u0161pejle schv\u00e1ln\u011b n\u011bco nanesli.<strong>\u00a0Tak se laskav\u011b pod\u00edvejte na p\u0159ipojen\u00e9 video, jak vypad\u00e1 indick\u00e1 manufaktura se \u201csteriln\u00edmi\u201d \u0161pejlemi, kter\u00e9 potom pod zna\u010dkou Made in China kon\u010d\u00ed v Evrop\u011b a dost mo\u017en\u00e1 i v nosech \u010desk\u00fdch d\u011bt\u00ed.<\/strong>\u00a0A nejen d\u011bt\u00ed, ale i zam\u011bstnanc\u016f, kte\u0159\u00ed se \u0161pejluj\u00ed. Po zhl\u00e9dnut\u00ed videa p\u0159eji dobrou chu\u0165.<\/p>\n<h6><span style=\"font-size: 14pt;\">\u010cern\u00e9 morgellony, hl\u00edstice a dal\u0161\u00ed potvory na \u0161pejl\u00edch maj\u00ed p\u016fvod z tot\u00e1ln\u011b nesteriln\u00edch bal\u00edren v Asii<\/span><\/h6>\n<p>Tak\u017ee \u010desk\u00e9 ministerstvo zdravotnictv\u00ed netu\u0161\u00ed, kdo ponese zodpov\u011bdnost za p\u0159\u00edpadn\u00e9 onemocn\u011bn\u00ed d\u011bt\u00ed z testov\u00e1n\u00ed, ale videa z Indie jasn\u011b ukazuj\u00ed a prokazuj\u00ed d\u016fkaz, odkud se na ty \u00fadajn\u011b steriln\u00ed \u0161pejle dost\u00e1v\u00e1 ten bordel, kter\u00fd je k vid\u011bn\u00ed pod mikroskopy.\u00a0<strong>Ano, dost\u00e1v\u00e1 se tam z podlah, tuhle z indick\u00e9 podlahy, t\u00e1mhle z banglad\u00e9\u0161sk\u00e9 podlahy, to podle toho, kdo zrovna \u010d\u00ednsk\u00fdm v\u00fdrobc\u016fm nab\u00eddne nejlevn\u011bj\u0161\u00ed pracovn\u00ed s\u00edlu na balen\u00ed produkt\u016f.<\/strong>\u00a0V \u010cesku tak\u00e9 p\u0159ebaluj\u00ed \u0161pejle, nedaleko pra\u017esk\u00e9 tr\u017enice SAPA\u00a0<strong>[<a href=\"https:\/\/href.li\/?https:\/\/www.info.cz\/video\/tema\/dilna\" target=\"_blank\" rel=\"nofollow noopener\">2<\/a>]<\/strong>. \u010c\u00ednsk\u00e1 pracovn\u00ed s\u00edla je u\u017e moc drah\u00e1 v roce 2021, tak\u017ee se hledaj\u00ed lacin\u00e9 pracovn\u00ed s\u00edly v Indii, v zemi zasl\u00edben\u00e9 pro sv\u011btov\u00e9 korporace. Indie je nov\u00e1 \u010c\u00edna pro outsourcing.<\/p>\n<figure id=\"attachment_46235\" class=\"wp-caption aligncenter\" style=\"width: 632px;\"><a href=\"https:\/\/aeronet.cz\/news\/wp-content\/uploads\/HlisticeMikroskop13.jpg\"><img decoding=\"async\" loading=\"lazy\" class=\"wp-image-46235 \" src=\"https:\/\/aeronet.cz\/news\/wp-content\/uploads\/HlisticeMikroskop13.jpg\" sizes=\"(max-width: 1280px) 100vw, 1280px\" srcset=\"https:\/\/aeronet.cz\/news\/wp-content\/uploads\/HlisticeMikroskop13.jpg 1280w, https:\/\/aeronet.cz\/news\/wp-content\/uploads\/HlisticeMikroskop13-300x168.jpg 300w, https:\/\/aeronet.cz\/news\/wp-content\/uploads\/HlisticeMikroskop13-768x430.jpg 768w, https:\/\/aeronet.cz\/news\/wp-content\/uploads\/HlisticeMikroskop13-1024x574.jpg 1024w, https:\/\/aeronet.cz\/news\/wp-content\/uploads\/HlisticeMikroskop13-700x392.jpg 700w, https:\/\/aeronet.cz\/news\/wp-content\/uploads\/HlisticeMikroskop13-637x357.jpg 637w, https:\/\/aeronet.cz\/news\/wp-content\/uploads\/HlisticeMikroskop13-862x483.jpg 862w\" alt=\"\" width=\"632\" height=\"354\" \/><\/a><figcaption class=\"wp-caption-text\">\u201cSteriln\u00ed\u201d \u0161pejle z antigenn\u00edho testu Made in China balen\u00e1 b\u016fhv\u00ed kde a b\u016fhv\u00ed k\u00fdm<\/figcaption><\/figure>\n<p>A tak se nem\u016f\u017eete divit, \u017ee si str\u010d\u00edte \u0161pejli do nosu a chytnete opar, herpes, infekci, z\u00e1n\u011bt, p\u00e1len\u00ed v nosu p\u0159ech\u00e1zej\u00edc\u00ed do krku, hore\u010dku, a to prost\u011b kv\u016fli tomu, \u017ee \u00fadajn\u011b steriln\u00ed \u0161pejli ve skute\u010dnosti balilo n\u011bjak\u00e9 mal\u00e9 d\u00edt\u011b na podlaze v chatr\u010di nemyt\u00fdma rukama.\u00a0<strong>A od \u010desk\u00e9ho \u201czdramini\u201d (ministerstvo zdravotnictv\u00ed) se dozv\u00edte, \u017ee ministerstvo nev\u00ed, kdo nese za \u0161pejle, d\u011bti a testy zodpov\u011bdnost.<\/strong>\u00a0Ano, nev\u00ed, rad\u011bji\u2026 pro jistotu. Pamatujte, \u010cesko snese f\u0161ecko a kdo v\u011b\u0159\u00ed sterilit\u011b test\u016f i navzdory bordelu a vl\u00e1kn\u016fm pod mikroskopem, tak v\u011b\u0159te d\u00e1l, nebo\u0165 v\u00edra Va\u0161e v\u00e1s klidn\u011b i zabije! A a\u017e se v \u010cesku objev\u00ed n\u011bjak\u00e1 indick\u00e1 mutace, \u010dist\u011b n\u00e1hodou u lid\u00ed a d\u011bt\u00ed, co se po\u0159\u00e1d \u0161pejluj\u00ed, tak se potom nedivte t\u011bm k\u0159ivk\u00e1m naka\u017een\u00fdch.<\/p>\n<p>-VK- \u0160\u00e9fredaktor AE News<\/p>\n<p><a href=\"https:\/\/aeronet.cz\/news\/ministerstvo-zdravotnictvi-netusi-kdo-v-ceske-republice-nese-zodpovednost-za-spejlovani-nezletilych-deti-pokud-si-privodi-zdravotni-ujmu-v-sokujici-odpovedi-tiskove-mluvci-se-naznacuje\/\">ZDROJ<\/a><\/p>\n<p>&nbsp;<\/p>\n","protected":false},"excerpt":{"rendered":"<p>Ministerstvo zdravotnictv\u00ed netu\u0161\u00ed, kdo v \u010cesk\u00e9 republice nese zodpov\u011bdnost za \u0161pejlov\u00e1n\u00ed nezletil\u00fdch d\u011bt\u00ed, pokud si&#8230;<\/p>\n","protected":false},"author":2,"featured_media":1463,"comment_status":"closed","ping_status":"closed","sticky":false,"template":"","format":"standard","meta":[],"categories":[6],"tags":[76,23,245,219,141,48],"_links":{"self":[{"href":"https:\/\/www.infokuryr.cz\/n\/wp-json\/wp\/v2\/posts\/1462"}],"collection":[{"href":"https:\/\/www.infokuryr.cz\/n\/wp-json\/wp\/v2\/posts"}],"about":[{"href":"https:\/\/www.infokuryr.cz\/n\/wp-json\/wp\/v2\/types\/post"}],"author":[{"embeddable":true,"href":"https:\/\/www.infokuryr.cz\/n\/wp-json\/wp\/v2\/users\/2"}],"replies":[{"embeddable":true,"href":"https:\/\/www.infokuryr.cz\/n\/wp-json\/wp\/v2\/comments?post=1462"}],"version-history":[{"count":0,"href":"https:\/\/www.infokuryr.cz\/n\/wp-json\/wp\/v2\/posts\/1462\/revisions"}],"wp:featuredmedia":[{"embeddable":true,"href":"https:\/\/www.infokuryr.cz\/n\/wp-json\/wp\/v2\/media\/1463"}],"wp:attachment":[{"href":"https:\/\/www.infokuryr.cz\/n\/wp-json\/wp\/v2\/media?parent=1462"}],"wp:term":[{"taxonomy":"category","embeddable":true,"href":"https:\/\/www.infokuryr.cz\/n\/wp-json\/wp\/v2\/categories?post=1462"},{"taxonomy":"post_tag","embeddable":true,"href":"https:\/\/www.infokuryr.cz\/n\/wp-json\/wp\/v2\/tags?post=1462"}],"curies":[{"name":"wp","href":"https:\/\/api.w.org\/{rel}","templated":true}]}}