{"id":14602,"date":"2022-09-05T00:56:34","date_gmt":"2022-09-04T22:56:34","guid":{"rendered":"http:\/\/www.infokuryr.cz\/n\/?p=14602"},"modified":"2022-09-04T18:35:26","modified_gmt":"2022-09-04T16:35:26","slug":"vyjadreni-velvyslanectvi-clr-v-ceske-republice","status":"publish","type":"post","link":"https:\/\/www.infokuryr.cz\/n\/2022\/09\/05\/vyjadreni-velvyslanectvi-clr-v-ceske-republice\/","title":{"rendered":"Vyj\u00e1d\u0159en\u00ed Velvyslanectv\u00ed \u010cLR v \u010cesk\u00e9 republice"},"content":{"rendered":"<div id=\"fb-root\"><\/div>\n<h2 class=\"at_title\" data-spm-anchor-id=\"C01140752918.PaZNIkA0prFD.0.i0\">Mluv\u010d\u00ed Velvyslanectv\u00ed \u010c\u00ednsk\u00e9 lidov\u00e9 republiky v \u010cesk\u00e9 republice odpov\u011bd\u011bl na prohl\u00e1\u0161en\u00ed ministerstva zahrani\u010dn\u00edch v\u011bc\u00ed \u010cR t\u00fdkaj\u00edc\u00ed se Sin-\u0165iangu<\/h2>\n<p data-spm-anchor-id=\"C01140752918.PaZNIkA0prFD.0.i1\">Ot\u00e1zka: Ve dne 3. z\u00e1\u0159\u00ed, ministerstvo zahrani\u010dn\u00edch v\u011bc\u00ed \u010cesk\u00e9 republiky vydalo prohl\u00e1\u0161en\u00ed, kter\u00e9 v\u00edt\u00e1 zve\u0159ejn\u011bn\u00ed zpr\u00e1vy\u2002\u00da\u0159adu vysok\u00e9ho komisa\u0159e OSN pro lidsk\u00e1 pr\u00e1va t\u00fdkaj\u00edc\u00ed se Sin-\u0165iangu, a kritizov\u00e1 \u010d\u00ednsk\u00e9 politiky v oblasti Sin-\u0165iang. Jak to komentuje \u010c\u00ednsk\u00e1 strana?<\/p>\n<p>Odpov\u011b\u010f: \u010c\u00ednsk\u00e1 strana zaznamenala prohl\u00e1\u0161en\u00ed ministerstva zahrani\u010dn\u00edch v\u011bc\u00ed \u010cR. \u010c\u00ednsk\u00e1 strana vyjad\u0159uje silnou nespokojenost a rozhodn\u011b protestuje proti takov\u00e9mu ignorov\u00e1n\u00ed v\u00e1\u017en\u00e9ho postoje \u010c\u00edny, bezd\u016fvodn\u00e9mu obvi\u0148ov\u00e1n\u00ed \u010d\u00ednsk\u00e9 politiky \u0159\u00edzen\u00ed Sin-\u0165iangu a hrub\u00e9mu vm\u011b\u0161ov\u00e1n\u00ed se do vnit\u0159n\u00edch z\u00e1le\u017eitost\u00ed \u010c\u00edny.<\/p>\n<p>Zpr\u00e1va \u00da\u0159adu vysok\u00e9ho komisa\u0159e OSN pro lidsk\u00e1 pr\u00e1va t\u00fdkaj\u00edc\u00ed se Sin-\u0165iangu je pln\u00e1 nepravdiv\u00fdch informac\u00ed a z\u00e1m\u011brn\u011b ignoruje v\u011brohodn\u00e9 informace a materi\u00e1ly \u010d\u00ednsk\u00e9 strany, z\u00e1va\u017en\u011b poru\u0161uje z\u00e1sady univerz\u00e1lnosti, objektivity, neselektivity a nepoliti\u010dnosti a je zcela nez\u00e1konn\u00fd a neplatn\u00fd. Zpr\u00e1va\u2002je napl\u00e1nov\u00e1na a vyrobena Spojen\u00fdmi st\u00e1ty a n\u011bkter\u00fdmi z\u00e1padn\u00edmi silami a je politick\u00fdm n\u00e1strojem, kter\u00fd m\u00e1 slou\u017eit americk\u00e9 a z\u00e1padn\u00ed strategii &#8222;omezen\u00ed \u010c\u00edny pomoc\u00ed Sin-\u0165iangu&#8220;.\u2002N\u011bkolik z\u00e1padn\u00edch zem\u00ed tuto zpr\u00e1vu ochotn\u011b vyu\u017eilo, co\u017e op\u011bt odhalilo jejich zl\u00fd z\u00e1m\u011br omezit \u010c\u00ednu prost\u0159ednictv\u00edm l\u017e\u00ed t\u00fdkaj\u00edc\u00edch se Sin-\u0165iangu.<\/p>\n<p>Je nutno poznamenat, \u017ee hlavn\u00ed proud mezin\u00e1rodn\u00edho spole\u010denstv\u00ed se stav\u00ed proti zve\u0159ejn\u011bn\u00ed v\u00fd\u0161e uveden\u00e9ho nepravdiv\u00e9ho zpr\u00e1vy.\u2002Ned\u00e1vno zaslalo v\u00edce ne\u017e 60 zem\u00ed vysok\u00e9 komisa\u0159ce pro lidsk\u00e1 pr\u00e1va spole\u010dn\u00fd dopis, v n\u011bm\u017e zd\u016fraznilo, \u017ee z\u00e1le\u017eitosti Sin-\u0165iangu jsou \u010dist\u011b vnit\u0159n\u00edmi z\u00e1le\u017eitost\u00ed \u010c\u00edny, a vyj\u00e1d\u0159ilo v\u00e1\u017en\u00e9 obavy\u2002nad neopr\u00e1vn\u011bnou\u2002tzv. zpr\u00e1vu o Sin-\u0165iangu \u00fa\u0159adu.\u2002T\u00e9m\u011b\u0159 1000 \u010d\u00ednsk\u00fdch a zahrani\u010dn\u00edch nevl\u00e1dn\u00edch organizac\u00ed zaslalo \u00fa\u0159adu Vysok\u00e9ho komisa\u0159e pro lidsk\u00e1 pr\u00e1va spole\u010dn\u00fd dopis, v n\u011bm\u017e se d\u016frazn\u011b ohradilo proti vyd\u00e1n\u00ed neautorizovan\u00e9 a v\u011bcn\u011b\u2002zpr\u00e1vy\u2002\u00fa\u0159adu o Sin-\u0165iangu.\u2002Nav\u00edc, v posledn\u00edch letech t\u00e9m\u011b\u0159 100 zem\u00ed, v\u010detn\u011b muslimsk\u00fdch zem\u00ed, u\u010dinilo v Rad\u011b OSN pro lidsk\u00e1 pr\u00e1va a ve t\u0159et\u00edm v\u00fdboru Valn\u00e9ho shrom\u00e1\u017ed\u011bn\u00ed OSN ve\u0159ejn\u00e1 prohl\u00e1\u0161en\u00ed, v nich\u017e podpo\u0159ilo legitimn\u00ed postoj \u010c\u00edny k ot\u00e1zk\u00e1m souvisej\u00edc\u00edm se Sin-\u0165iangem a oponovalo proti vm\u011b\u0161ov\u00e1n\u00ed do vnit\u0159n\u00edch z\u00e1le\u017eitost\u00ed \u010c\u00edny prost\u0159ednictv\u00edm tzv. ot\u00e1zek souvisej\u00edc\u00edch se Sin-\u0165iangem.<\/p>\n<p data-spm-anchor-id=\"C01140752918.PaZNIkA0prFD.0.i2\">Ot\u00e1zka t\u00fdkaj\u00edc\u00ed se Sin-\u0165iangu v\u016fbec nen\u00ed ot\u00e1zkou lidsk\u00fdch pr\u00e1v, etnicity nebo n\u00e1bo\u017eensk\u00e9ho vyzn\u00e1n\u00ed, n\u00fdbr\u017e je to ot\u00e1zkou boje proti terorismu a separatismu a odstran\u011bn\u00ed extremismu. Sin-\u0165iang byl d\u0159\u00edve hluboce zasa\u017een extremistick\u00fdmi, teroristick\u00fdmi a separatistick\u00fdmi aktivitami a bezpe\u010dnost \u017eivota a majetku lid\u00ed byla v\u00e1\u017en\u011b ohro\u017eena. Terorismus a extremismus jsou spole\u010dn\u00fdm nep\u0159\u00edtelem lidsk\u00e9 spole\u010dnosti a protiteroristick\u00e9 a protiextremistick\u00e9 \u00fasil\u00ed r\u016fzn\u00fdch zem\u00ed by nem\u011blo p\u0159ijmout\u2002\u201edvoj\u00ed standard\u201c a nem\u011blo by b\u00fdt z\u00e1m\u011brn\u011b p\u0159ekrucov\u00e1no v rozporu s mor\u00e1ln\u00edmi z\u00e1sadami mezin\u00e1rodn\u00edho spole\u010denstv\u00ed a lidsk\u00fdm sv\u011bdom\u00edm. \u010cetn\u00e9 skute\u010dnosti dokazuj\u00ed, \u017ee Sin-\u0165iang si v sou\u010dasnosti u\u017e\u00edv\u00e1 soci\u00e1ln\u00ed stability, hospod\u00e1\u0159sk\u00e9ho rozvoje, etnick\u00e9 jednoty a n\u00e1bo\u017eensk\u00e9 harmonie, \u017ee lid\u00e9 v\u0161ech etnick\u00fdch skupin si u\u017e\u00edvaj\u00ed pln\u00fdch pr\u00e1v a svobod v souladu se z\u00e1konem a \u017ee Sin-\u0165iang pro\u017e\u00edv\u00e1 nejlep\u0161\u00ed obdob\u00ed rozvoje ve historii. Ani v\u00fd\u0161e zm\u00edn\u011bn\u00e1 nez\u00e1konn\u00e1\u2002a zdiskreditovan\u00e1\u2002zpr\u00e1va\u2002se neodva\u017euje uv\u00e1d\u011bt dal\u0161\u00ed myln\u00e9 informace o takzvan\u00e9 &#8222;genocid\u011b&#8220;, &#8222;nucen\u00e9 pr\u00e1ci&#8220;, &#8222;n\u00e1bo\u017eensk\u00e9m \u00fatlaku&#8220; a &#8222;povinn\u00e9 sterilizaci&#8220; v Sin-\u0165iangu&#8220;. Je jasn\u00e9, \u017ee stalet\u00e9 l\u017ei souvisej\u00edc\u00edch se Sin-\u0165iangem\u2002vykonstruovan\u00e9 americkou a z\u00e1padn\u00ed stranou zkrachovaly.<\/p>\n<p>Respektov\u00e1n\u00ed svrchovanosti a \u00fazemn\u00ed celistvosti v\u0161ech zem\u00ed a nevm\u011b\u0161ov\u00e1n\u00ed se do vnit\u0159n\u00edch z\u00e1le\u017eitost\u00ed jin\u00fdch zem\u00ed jsou jasn\u011b stanoveny v Chart\u011b OSN a jsou z\u00e1kladn\u00edmi normami mezin\u00e1rodn\u00edch vztah\u016f. \u010c\u00edna nal\u00e9hav\u011b vyz\u00fdv\u00e1 \u010deskou stranu, aby dodr\u017eovala sv\u016fj politick\u00fd z\u00e1vazek jedn\u00e9 \u010c\u00edny, p\u0159estala zasahovat do vnit\u0159n\u00edch z\u00e1le\u017eitost\u00ed \u010c\u00edny pod z\u00e1minkou lidsk\u00fdch pr\u00e1v, p\u0159estala pou\u017e\u00edvat ot\u00e1zky t\u00fdkaj\u00edc\u00ed se Sin-\u0165iangu k politick\u00e9 manipulaci, skute\u010dn\u011b respektovala kl\u00ed\u010dov\u00e9 z\u00e1jmy a d\u016fle\u017eit\u00e9 z\u00e1le\u017eitosti\u2002\u010d\u00ednsk\u00e9 strany a vytv\u00e1\u0159ela podm\u00ednky pro zdrav\u00fd a stabiln\u00ed rozvoj \u010d\u00ednsko-\u010desk\u00fdch vztah s\u2002praktick\u00fdmi opat\u0159en\u00edmi.<\/p>\n<p><img decoding=\"async\" loading=\"lazy\" class=\"alignnone size-full wp-image-1185\" src=\"http:\/\/www.infokuryr.cz\/n\/wp-content\/uploads\/2021\/04\/kuryr-podpis.png\" alt=\"\" width=\"84\" height=\"24\" \/><\/p>\n<p>&nbsp;<\/p>\n","protected":false},"excerpt":{"rendered":"<p>Mluv\u010d\u00ed Velvyslanectv\u00ed \u010c\u00ednsk\u00e9 lidov\u00e9 republiky v \u010cesk\u00e9 republice odpov\u011bd\u011bl na prohl\u00e1\u0161en\u00ed ministerstva zahrani\u010dn\u00edch v\u011bc\u00ed \u010cR&#8230;<\/p>\n","protected":false},"author":2,"featured_media":3807,"comment_status":"closed","ping_status":"closed","sticky":false,"template":"","format":"standard","meta":[],"categories":[6],"tags":[30,489,1731,3220],"_links":{"self":[{"href":"https:\/\/www.infokuryr.cz\/n\/wp-json\/wp\/v2\/posts\/14602"}],"collection":[{"href":"https:\/\/www.infokuryr.cz\/n\/wp-json\/wp\/v2\/posts"}],"about":[{"href":"https:\/\/www.infokuryr.cz\/n\/wp-json\/wp\/v2\/types\/post"}],"author":[{"embeddable":true,"href":"https:\/\/www.infokuryr.cz\/n\/wp-json\/wp\/v2\/users\/2"}],"replies":[{"embeddable":true,"href":"https:\/\/www.infokuryr.cz\/n\/wp-json\/wp\/v2\/comments?post=14602"}],"version-history":[{"count":1,"href":"https:\/\/www.infokuryr.cz\/n\/wp-json\/wp\/v2\/posts\/14602\/revisions"}],"predecessor-version":[{"id":14603,"href":"https:\/\/www.infokuryr.cz\/n\/wp-json\/wp\/v2\/posts\/14602\/revisions\/14603"}],"wp:featuredmedia":[{"embeddable":true,"href":"https:\/\/www.infokuryr.cz\/n\/wp-json\/wp\/v2\/media\/3807"}],"wp:attachment":[{"href":"https:\/\/www.infokuryr.cz\/n\/wp-json\/wp\/v2\/media?parent=14602"}],"wp:term":[{"taxonomy":"category","embeddable":true,"href":"https:\/\/www.infokuryr.cz\/n\/wp-json\/wp\/v2\/categories?post=14602"},{"taxonomy":"post_tag","embeddable":true,"href":"https:\/\/www.infokuryr.cz\/n\/wp-json\/wp\/v2\/tags?post=14602"}],"curies":[{"name":"wp","href":"https:\/\/api.w.org\/{rel}","templated":true}]}}