{"id":1460,"date":"2021-05-07T07:28:34","date_gmt":"2021-05-07T05:28:34","guid":{"rendered":"http:\/\/www.infokuryr.cz\/n\/?p=1460"},"modified":"2021-05-07T07:28:34","modified_gmt":"2021-05-07T05:28:34","slug":"klaus-schwab-a-jeho-nove-velke","status":"publish","type":"post","link":"https:\/\/www.infokuryr.cz\/n\/2021\/05\/07\/klaus-schwab-a-jeho-nove-velke\/","title":{"rendered":"Klaus Schwab a jeho Nov\u00e9 Velk\u00e9 &#8230;"},"content":{"rendered":"<div id=\"fb-root\"><\/div>\n<p><strong>Mo\u017enost\u00ed jak se zapsat do historie je mnoho. Asi nejprimitivn\u011bj\u0161\u00ed zp\u016fsob je st\u00e1t se vrahem. Nejl\u00e9pe masov\u00fdm. A nebo vrahem n\u011bjak\u00e9 celebrity. M\u00e1 to ov\u0161em podm\u00ednku, \u017ee se mus\u00edte odhalit a to potom hroz\u00ed, \u017ee budete d\u00fdchat k\u00e1rovan\u00fd vzduch. Komu se to nehod\u00ed a p\u0159esto m\u011bl touhu zanechat za sebou d\u011bjinnou stopu, mus\u00ed se u\u0161pinit politikou. Sta\u010d\u00ed vymyslet nebo kdy\u017e na to n\u011bkdo nem\u00e1, tak sta\u010d\u00ed jen opr\u00e1\u0161it a p\u0159est\u0159\u00edkat n\u011bjakou p\u0159\u00edhodnou teorii n\u011bkoho jin\u00e9ho, pak pro ni z\u00edskat tupou \u010d\u00e1st lidstva a je to. &#8230;kdy\u017e se pod\u00edv\u00e1te na ulici, tak podle v\u0161eho by to nem\u011bl b\u00fdt \u017e\u00e1dn\u00fd probl\u00e9m.<\/strong><\/p>\n<p>Na sv\u011bt\u011b je jen m\u00e1lo lid\u00ed, co se necht\u011bj\u00ed zv\u011b\u010dnit. Zapsat se do d\u011bjin nebo aspo\u0148 na sebe n\u011bjak upozornit. Talentovan\u00ed i netalentovan\u00ed \u2013 ti v\u0161ichni by za sebou r\u00e1di zanechali n\u011bjakou stopu. Kdy\u017e n\u011bkdo nap\u00ed\u0161e symfonii, co p\u0159etrv\u00e1 v\u011bky a jin\u00fd se tak tak zm\u016f\u017ee na vyryt\u00ed sv\u00fdch inici\u00e1l do k\u016fry stromu, tak to je je\u0161t\u011b laskav\u00e9 d\u011blen\u00ed. Hlavn\u00ed probl\u00e9m nast\u00e1v\u00e1 v tom d\u011blen\u00ed, \u017ee zat\u00edmco jedni maj\u00ed co \u0159\u00edci a jsou obda\u0159eni schopnost\u00ed pozvednou jedince \u010di v\u00edce osob na vy\u0161\u0161\u00ed \u00farove\u0148, tak druz\u00ed tuto schopnost nemaj\u00ed a \u010dasto sv\u00fdm nepochopiteln\u00fdm vlivem naopak zav\u00e1d\u011bj\u00ed spole\u010dnost na scest\u00ed.<\/p>\n<p>Kdybychom za\u010dali Karlem Marxem, tak ten se rozhodl, \u017ee se bude zv\u011b\u010d\u0148ovat od sv\u00fdch 25 let, kdy za\u010dal filozofovat. Jist\u011b\u017ee ve 25ti letech toho \u010dlov\u011bk hodn\u011b v\u00ed a je to \u00fapln\u011b ten \u201enejlep\u0161\u00ed v\u011bk\u201c na to trousit kolem sebe rozumy. Jak ale vid\u011bt, poslucha\u010d\u016fm to zjevn\u011b nevadilo a tak se Marx zd\u00e1rn\u011b profilozofoval a\u017e k t\u0159\u00eddn\u00edmu boji Komunistick\u00e9ho manifestu, kdy mu bylo 30 let. Zdatn\u011b Marxovi sekundoval druh\u00fd N\u011bmec, Bed\u0159ich Engels, kter\u00fd mu byl takov\u00fdm \u017eivotn\u00edm souputn\u00edkem. Oba N\u011bmci, oba sou\u010dasn\u011b sv\u011btov\u011b prvn\u00ed komunisti a oba nakonec skon\u010dili v kol\u00e9bce multikapit\u00e1lu, Lond\u00fdn\u011b. Inu, co na to \u0159\u00edci.<\/p>\n<p>N\u00e1pad je jedna v\u011bc, ale praxe druh\u00e1. Aby se n\u00e1pad dvou n\u011bmeck\u00fdch \u017eido-komunist\u016f ov\u011b\u0159il v ter\u00e9nu, mus\u00ed se nejd\u0159\u00edve sestavit realiza\u010dn\u00ed pl\u00e1n, ur\u010dit testovac\u00ed oblast a stanovit vhodn\u00e9 datum zah\u00e1jen\u00ed pokusu. Jako pokusn\u00ed kr\u00e1l\u00edci na ov\u011b\u0159en\u00ed teorie byli vybr\u00e1ni Rusov\u00e9, pl\u00e1n \u201esepsal\u201c v roce 1902 Vladim\u00edr Ilji\u010d Lenin a pokus byl pozd\u011bji nazv\u00e1n celkem nep\u0159esn\u011b jako \u201e<strong>Velk\u00e1\u00a0<\/strong>\u0159\u00edjnov\u00e1 socialistick\u00e1 revoluce<strong>\u201c<\/strong>. Jak v\u0161ichni v\u011bd\u00ed, experiment byl nakonec realizov\u00e1n krvavou cestou v roce 1917 a Marx s Engelsem se v hrob\u011b ani moc neh\u00e1zeli, proto\u017ee to na prvn\u00ed pokus nedopadlo v\u016fbec \u0161patn\u011b.<\/p>\n<p>Ne ka\u017ed\u00fd v\u011b\u0159\u00ed na p\u0159evt\u011blov\u00e1n\u00ed du\u0161\u00ed, ale je vcelku zaj\u00edmav\u00e9, \u017ee n\u00e1sleduj\u00edc\u00ed dva souputn\u00edci &#8211; Adolf Hitler a Mao Ce-tung &#8211; se narodili skoro hned potom, co se Marx s Engelsem porou\u010deli. A snad je\u0161t\u011b zaj\u00edmav\u011bj\u0161\u00ed je, \u017ee Hitler i Mao, oba za\u010dali uv\u00e1d\u011bt do praxe filozofick\u00e9 pr\u00e1ce Marxe a Engelse. Ka\u017ed\u00fd po sv\u00e9m, samoz\u0159ejm\u011b.<\/p>\n<p>Je snad pravidlem, \u017ee ne\u017e psychopat za\u010dne \u0159\u00e1dit, nutk\u00e1 ho to p\u0159edv\u00e9st svou diagnozu na pap\u00edr. Tot\u00e9\u017e se stalo Hitlerovi i Maovi \u2013 ne\u017e se pustili do likvidace os\u00eddlen\u00ed planety, ne\u017e zap\u0159\u00ed\u010dinili smrt hodn\u011b p\u0159es sto mili\u00f3n\u016f lid\u00ed, tak se tak\u00e9 pokou\u0161eli zapsat do d\u011bjin spisov\u00e1n\u00edm. O n\u011bco star\u0161\u00ed Hitler pochopiteln\u011b napsal sv\u00e9 veled\u00edlo\u00a0<strong>\u201eM\u016fj Boj\u201c<\/strong>\u00a0o n\u011bco d\u0159\u00edve, ne\u017e za\u010dal na pap\u00edr filozofovat svou prvotinu Mao. Ten pak ov\u0161em sv\u00e9ho n\u011bmeck\u00e9ho kolegu p\u0159ekonal mno\u017estv\u00edm, \u201ehloubkou\u201c i n\u00e1zvy jednotliv\u00fdch filozofick\u00fdch skvost\u016f. No vezm\u011bte si, jak geni\u00e1ln\u011b zn\u00ed od toho velk\u00e9ho komunistick\u00e9ho vraha t\u0159eba n\u00e1zev knihy\u00a0<strong>\u201eO Nov\u00e9\u00a0<\/strong>Demokracii<strong>\u201c<\/strong>!<\/p>\n<p>Ale nejen jako spisovatel a tv\u016frce ideov\u00e9ho sm\u011bru s n\u00e1zvem maoismus byl Mao v\u00fdkonn\u011bj\u0161\u00ed. Sv\u00e9ho \u201ebratra\u201c Hitlera jednozna\u010dn\u011b p\u0159ev\u00e1lcoval ve v\u0161em. Maovy praktick\u00e9 pokusy na lidech pojmenovan\u00e9\u00a0<strong>\u201eVelk\u00fd\u00a0<\/strong>skok vp\u0159ed<strong>\u201c<\/strong>\u00a0a\u00a0<strong>&#8222;Velk\u00e1\u00a0<\/strong>prolet\u00e1\u0159sk\u00e1 kulturn\u00ed revoluce<strong>&#8222;<\/strong>\u00a0maj\u00ed na sv\u011bdom\u00ed rozhodn\u011b mnohem v\u00edce lidsk\u00fdch objet\u00ed, ne\u017e v\u0161echna vojensk\u00e1 ta\u017een\u00ed rakousk\u00e9ho pr\u010foly, co si nechal \u0159\u00edkat \u201eM\u016fj V\u016fd\u010de\u201c.<\/p>\n<p>Po t\u011bchto \u010dty\u0159ech \u201eg\u00e9ni\u00edch\u201c p\u0159i\u0161la doba filozofick\u00e9ho \u00fapadku. Ne \u017ee by nebyli lidi, co by cht\u011bli (nebo sp\u00ed\u0161e mohli) nahlas filozofovat. To ne, ale ti co filozofovali, tak se jen nimrali v rozeb\u00edr\u00e1n\u00ed objeven\u00fdch tez\u00ed. Nov\u00e9 z\u00e1sadn\u00ed my\u0161lenky nep\u0159ich\u00e1zely, ale i kdyby p\u0159ich\u00e1zely, tak by o n\u011b nebyl z\u00e1jem &#8211; jedna strana se jala uct\u00edvat rokerol, cocacolu a sex a druh\u00e1 zase z\u00e1v\u011bry stranick\u00fdch sjezd\u016f a sto let star\u00e9 teorie o v\u00edt\u011bzn\u00e9m t\u0159\u00eddn\u00edm boji.<\/p>\n<p>Te\u010f ov\u0161em pozor, po dlouh\u00fdch letech ideov\u00e9ho t\u00e1p\u00e1n\u00ed p\u0159ich\u00e1z\u00ed v roce 1985 na sc\u00e9nu velk\u00fd \u201efilozof\u201c Michail Gorba\u010dov i se svou viz\u00ed\u00a0<strong>\u201eNov\u00e9ho\u00a0<\/strong>my\u0161len\u00ed<strong>\u201c<\/strong>\u00a0a \u201eP\u0159estavby\u201c. Popravd\u011b se nev\u00ed, zda tyto \u201eNov\u00e9\u201c vize byly skute\u010dn\u011b jeho vlastn\u00ed, ka\u017edop\u00e1dn\u011b ale hrozilo, \u017ee z\u00e1pad bude v\u00fdchodu z\u00e1vid\u011bt. &#8230;nu a tak se v hrout\u00edc\u00edm z\u00e1pad\u011b na opl\u00e1tku za\u010dala razit Buschova teorie o\u00a0<strong>\u201eNov\u00e9m\u00a0<\/strong>sv\u011btov\u00e9m po\u0159\u00e1dku<strong>\u201c<\/strong>. Jak sv\u011bt dnes vypad\u00e1 se d\u00e1 sice t\u011b\u017eko p\u0159ehl\u00e9dnout, ale ve skute\u010dnosti se vlastn\u011b nev\u00ed, zda ona\u00a0<strong>\u201eP\u0159estavba\u201c<\/strong>\u00a0ji\u017e byla dokon\u010dena, zda jsou ji\u017e v\u0161ichni obda\u0159eni t\u00edm\u00a0<strong>\u201eNov\u00fdm\u00a0<\/strong>my\u0161len\u00edm<strong>\u201c<\/strong>\u00a0a zda p\u0159esn\u011b takhle m\u00e1 vypadat ten vytou\u017een\u00fd\u00a0<strong>\u201eNov\u00fd\u00a0<\/strong>sv\u011btov\u00fd po\u0159\u00e1dek<strong>\u201c<\/strong>.<\/p>\n<p>Jestli te\u010f n\u00e1hodu p\u0159em\u00fd\u0161l\u00edte o tom, zda d\u00edlo Gorba\u010dova a star\u00e9ho Busche bylo dokon\u010deno nebo ne, tak toho rad\u011bji nechejte. Samoz\u0159ejm\u011b, \u017ee nebylo. Ani nemohlo b\u00fdt. Jednalo se jen o jak\u00e9si m\u00edrn\u00e9 pooto\u010den\u00ed krasohledu, aby n\u00e1\u0161 \u017eivot nebyl nudn\u00fd a my mohli u nov\u00e9ho obr\u00e1zku s \u00fa\u017easem vyk\u0159iknout:\u201ej\u00e9\u00e9\u00e9\u201c.<\/p>\n<p>Celou dosavadn\u00ed genezi \u017eido-komunistick\u00e9 geniality jsme si neuvedli jen tak zbyte\u010dn\u011b. Na sc\u00e9nu toti\u017e v t\u011bchto dnech p\u0159ich\u00e1z\u00ed nov\u00e1 filozofick\u00e1 hv\u011bzda Klaus Schwab s ideou nazvanou\u00a0<strong>\u201eVelk\u00fd\u00a0<\/strong>reset<strong>\u201c<\/strong>. Ur\u010dit\u011b si nyn\u00ed p\u0159ipad\u00e1 jako Osv\u00edcen\u00fd, co ve tm\u011b jako jedin\u00fd roz\u017eal sv\u00edci a uk\u00e1zal slep\u00fdm sm\u011br a je s\u00e1m na sebe hrd\u00fd, jen\u017ee z hlediska utajen\u00ed prolhanosti v\u0161ech samozvan\u00fdch elit to byla velk\u00e1 chyba.<\/p>\n<p>Vzpom\u00edn\u00e1te si na filozofa Maa a jeho n\u00e1pad\u00a0<strong>\u201eVelk\u00e9ho\u00a0<\/strong>skoku vp\u0159ed<strong>\u201c<\/strong>? Ten za\u010dal n\u011bco kolem roku 1958 a v podstat\u011b p\u0159inesl jen hladomor, miliony mrtvol a p\u00e1d \u010d\u00ednsk\u00e9ho hospod\u00e1\u0159stv\u00ed o n\u011bkolik let zp\u011bt. A co mysl\u00edte, zp\u016fsobila to Maova debilita nebo to tak m\u011blo b\u00fdt?<\/p>\n<p>Dal\u0161\u00ed n\u00e1pad\u00a0<strong>\u201eNov\u00e9\u00a0<\/strong>my\u0161len\u00ed<strong>\u201c<\/strong>\u00a0+\u00a0<strong>\u201eNov\u00fd\u00a0<\/strong>sv\u011btov\u00fd \u0159\u00e1d<strong>\u201c<\/strong>\u00a0p\u0159i\u0161ly na \u0159adu zhruba za 30 let po Maovu \u201eVelk\u00e9m skoku\u201c a d\u016fsledkem tohoto \u201eNov\u00e9ho my\u0161len\u00ed\u201c je sou\u010dasn\u00fd stav pomaten\u00e9 spole\u010dnosti pln\u00e9 kriz\u00ed, v\u00e1lek, korupce, teroru, chaosu a l\u017e\u00ed. Co mysl\u00edte, byl to nezda\u0159en\u00fd pokus nebo \u00famysl?<\/p>\n<p>Sou\u010dasn\u00fd n\u00e1pad se jmenuje\u00a0<strong>\u201eVelk\u00fd\u00a0<\/strong>reset<strong>\u201c<\/strong>. V podstat\u011b je tento \u201ereset\u201c jakoby produktem \u201eNov\u00e9ho my\u0161len\u00ed\u201c v \u201eNov\u00e9m sv\u011btov\u00e9m \u0159\u00e1du\u201c a jakousi shodou n\u00e1hod s n\u00edm po\u010dkali dal\u0161\u00edch dal\u0161\u00edch 30 let\u00a0 od projektu \u201eNov\u00e9ho my\u0161len\u00ed\u201c. Skoro to vypad\u00e1, \u017ee na ka\u017edou jednu generaci maj\u00ed p\u0159ipraven\u00e9 n\u011bco\u00a0<strong>\u201eVelk\u00e9ho\u201c<\/strong>\u00a0nebo n\u011bco\u00a0<strong>\u201eNov\u00e9ho\u201c<\/strong>.<\/p>\n<p>A jak mysl\u00edte, jsou Schw\u00e1bovy \u00famysly \u010dist\u00e9 nebo ne?<\/p>\n<p>Je jist\u00e9, \u017ee se op\u011bt najdou uct\u00edva\u010di t\u011bchto\u00a0<strong>\u201eVelk\u00fdch\u201c<\/strong>\u00a0a\u00a0<strong>\u201eNov\u00fdch\u201c<\/strong>\u00a0my\u0161lenek a op\u011bt se mezi lidmi budou pohybovat jak\u00e9si\u00a0<strong>\u201eRud\u00e9 gardy\u201c<\/strong>, kter\u00e9 se pod pl\u00e1\u0161t\u00edkem paragraf\u016f o lep\u0161\u00edch z\u00edt\u0159c\u00edch ujmou dal\u0161\u00edho osek\u00e1v\u00e1n\u00ed na\u0161ich pr\u00e1v. Ov\u0161em z geneze sv\u011btov\u00e9ho exhibicionismu, za pomoci t\u011bchto geni\u00e1ln\u00edch \u201eVelk\u00fdch\u201c a \u201eNov\u00fdch\u201c n\u00e1pad\u016f je evidentn\u00ed, \u017ee se Schw\u00e1bovou prac\u00ed nem\u00e1 smysl zab\u00fdvat. \u017de je to jen dal\u0161\u00ed podvod.<\/p>\n<p>D\u016fkaz?<\/p>\n<p>D\u016fkazem m\u016f\u017ee b\u00fdt cel\u00fd p\u0159edchoz\u00ed text, ale komu by nesta\u010dilo, a\u0165 si \u0159ekne v \u010dem je podstata Schw\u00e1bova \u201eResetu\u201c?<\/p>\n<p>Pokud to n\u011bkdo n\u00e1hodou nepoznal, tak Schwab v\u0161echno jakoby opsal z anga\u017eovan\u00e9ho dvojfilmu Martina Fri\u010de z roku 1951\u00a0<strong>\u201eC\u00edsa\u0159\u016fv peka\u0159 \u2013 Peka\u0159\u016fv c\u00edsa\u0159\u201c<\/strong>. Tam si toti\u017e Jan Werich notuje\u00a0<em>\u201ekdy\u017e v\u0161ichni v\u0161echno v\u0161echn\u011bm d\u00e1me, tak budou v\u0161ichni lidi v\u0161echno m\u00edt dohromady\u201c<\/em>. Tak\u017ee od Schw\u00e1ba nic, ne\u017e jen pokus exhibovat opakovan\u00fdm opra\u0161ov\u00e1n\u00edm Marxe, Engelse a Lenina.<\/p>\n<p>Ale dejme tomu, \u017ee by se na\u0161el je\u0161t\u011b n\u011bkdo, kdo mu skute\u010dn\u011b uv\u011b\u0159\u00ed, \u017ee to Schwab mysl\u00ed doopravdy a \u010destn\u011b. Takov\u00ed se jist\u011b najdou. Hlavn\u011b mlad\u00ed. A nebude jich asi m\u00e1lo. Tak\u017ee jak\u00e9 kroky by tito fandov\u00e9\u00a0<strong>\u201eVelk\u00fdch\u201c<\/strong>\u00a0a\u00a0<strong>\u201eNov\u00fdch\u201c<\/strong>\u00a0Schw\u00e1bov\u00fdch idej\u00ed m\u011bli \u010dekat?<\/p>\n<p>Jednoduch\u00e1 odpov\u011b\u010f: p\u0159ece nic jin\u00e9ho, ne\u017e \u017ee Schwab p\u016fjde p\u0159\u00edkladem a vzd\u00e1 se ve\u0161ker\u00e9ho sv\u00e9ho majetku. A hlavn\u011b nebude s\u00e1m. Schw\u00e1ba budou n\u00e1sledovat tis\u00edce \u00fa\u010dastn\u00edk\u016f Sv\u011btov\u00e9ho ekonomick\u00e9ho f\u00f3ra, v\u010detn\u011b v\u0161ech Gates\u016f, Clinton\u016f, Soros\u016f a jim podobn\u00fdm. Tak\u00e9, aby byl pl\u00e1n d\u016fv\u011bryhodn\u00fd, ur\u010dit\u011b by m\u011bl pro realizaci sv\u00e9ho\u00a0<strong>\u201eGreat\u00a0<\/strong>resetu<strong>\u201c<\/strong>\u00a0z\u00edskat v\u0161echny ne\u017eidovsk\u00e9 i \u017eidovsk\u00e9 klany, co stoj\u00ed v pozad\u00ed jako r\u016fzn\u00e9 parti\u010dky Rockefeller\u016f, Rothschild\u016f, Warburg\u016f\u2026 Kdyby toto dok\u00e1zal a tato samozvan\u00e1 elita by se p\u0159est\u011bhovala do panel\u00e1k\u016f, ch\u00fd\u0161\u00ed a maringotek, v\u0161echny sv\u00e9 majetky by rozdala obyvatelstvu planety, rozpustila sv\u00e9 soukrom\u00e9 arm\u00e1dy a za\u010dala se \u017eivit poctivou prac\u00ed, nikoli lhan\u00edm, podvody a vra\u017ed\u011bn\u00edm, tak to ano &#8211; v takov\u00e9m p\u0159\u00edpad\u011b se d\u00e1 tomu Schw\u00e1bovu pl\u00e1nu v\u011b\u0159it. Pokud se tak stane, s chut\u00ed se k tomu jeho \u201eGreat resetu\u201c p\u0159id\u00e1m i j\u00e1.<\/p>\n<p>Bohu\u017eel, st\u00e1ti se prvn\u00ed, ani \u017e\u00e1dnou dal\u0161\u00ed vla\u0161tovkou se nikdo moc nehrne. Dokonce ani s\u00e1m Schwab. Zat\u00edm je jen na pultech knihkupectv\u00ed dal\u0161\u00ed kniha dal\u0161\u00edho exhibicionisty, co se chce zapsat do d\u011bjin jako \u201eN\u011bkdo\u201c. Nic ne\u017e dal\u0161\u00ed z dlouh\u00e9 \u0159ady jemu podobn\u00fdch, co by r\u00e1di, abychom si plni nad\u011bj\u00ed op\u011bt za\u010dali myslet, \u017ee p\u0159ich\u00e1z\u00ed n\u011bco\u00a0<strong>\u201eVelk\u00e9ho\u201c<\/strong>, n\u011bco\u00a0<strong>\u201eNov\u00e9ho\u201c<\/strong>.<\/p>\n<p>Omyl. nic nov\u00e9ho se nekon\u00e1. Podle v\u0161ech znak\u016f to nen\u00ed nic, ne\u017e dal\u0161\u00ed publikovan\u00fd podvod na lidi, kter\u00e9mu by sp\u00ed\u0161e slu\u0161ela tituln\u00ed strana ve stylu:<\/p>\n<p>Klaus Schwab, \u201eGreat Refake\u201c;<\/p>\n<p>Klaus Schwab, \u201eGreat Remain\u201c;<\/p>\n<p>nebo \u00fapln\u011b nejl\u00e9pe: Klaus Schwab, \u201eGreat Retard\u201c.<\/p>\n<p>Dan Niel<br \/>\n6.5.2021<\/p>\n<p>&nbsp;<\/p>\n","protected":false},"excerpt":{"rendered":"<p>Mo\u017enost\u00ed jak se zapsat do historie je mnoho. Asi nejprimitivn\u011bj\u0161\u00ed zp\u016fsob je st\u00e1t se vrahem&#8230;.<\/p>\n","protected":false},"author":2,"featured_media":1461,"comment_status":"closed","ping_status":"closed","sticky":false,"template":"","format":"standard","meta":[],"categories":[6],"tags":[260,291,29],"_links":{"self":[{"href":"https:\/\/www.infokuryr.cz\/n\/wp-json\/wp\/v2\/posts\/1460"}],"collection":[{"href":"https:\/\/www.infokuryr.cz\/n\/wp-json\/wp\/v2\/posts"}],"about":[{"href":"https:\/\/www.infokuryr.cz\/n\/wp-json\/wp\/v2\/types\/post"}],"author":[{"embeddable":true,"href":"https:\/\/www.infokuryr.cz\/n\/wp-json\/wp\/v2\/users\/2"}],"replies":[{"embeddable":true,"href":"https:\/\/www.infokuryr.cz\/n\/wp-json\/wp\/v2\/comments?post=1460"}],"version-history":[{"count":0,"href":"https:\/\/www.infokuryr.cz\/n\/wp-json\/wp\/v2\/posts\/1460\/revisions"}],"wp:featuredmedia":[{"embeddable":true,"href":"https:\/\/www.infokuryr.cz\/n\/wp-json\/wp\/v2\/media\/1461"}],"wp:attachment":[{"href":"https:\/\/www.infokuryr.cz\/n\/wp-json\/wp\/v2\/media?parent=1460"}],"wp:term":[{"taxonomy":"category","embeddable":true,"href":"https:\/\/www.infokuryr.cz\/n\/wp-json\/wp\/v2\/categories?post=1460"},{"taxonomy":"post_tag","embeddable":true,"href":"https:\/\/www.infokuryr.cz\/n\/wp-json\/wp\/v2\/tags?post=1460"}],"curies":[{"name":"wp","href":"https:\/\/api.w.org\/{rel}","templated":true}]}}