{"id":14580,"date":"2022-09-04T15:29:36","date_gmt":"2022-09-04T13:29:36","guid":{"rendered":"http:\/\/www.infokuryr.cz\/n\/?p=14580"},"modified":"2022-09-04T15:42:11","modified_gmt":"2022-09-04T13:42:11","slug":"kdo-je-to-petr-fiala-vyznavac-sudetske-panevropy-i-placeny-bojovnik-za-demokracii-v-barme-2","status":"publish","type":"post","link":"https:\/\/www.infokuryr.cz\/n\/2022\/09\/04\/kdo-je-to-petr-fiala-vyznavac-sudetske-panevropy-i-placeny-bojovnik-za-demokracii-v-barme-2\/","title":{"rendered":"Kdo je to Petr Fiala? Vyznava\u010d sudetsk\u00e9 Panevropy i placen\u00fd \u201ebojovn\u00edk\u201c za demokracii v Barm\u011b"},"content":{"rendered":"<div id=\"fb-root\"><\/div>\n<p><strong>Petr Fiala<\/strong>\u00a0ne\u00fanavn\u011b pracuje na obrazu drsn\u00e9ho v\u016fdce, kter\u00fd v r\u00e1mci vy\u0161\u0161\u00edho dobra klidn\u011b ob\u011btuje vlastn\u00ed n\u00e1rod. To mu pr\u00fd\u00a0<a href=\"https:\/\/www.parlamentnilisty.cz\/arena\/monitor\/Drsny-Petr-Fiala-Seznam-ukazuje-jak-rozbil-image-nudneho-profesora-698681\" target=\"_blank\" rel=\"noopener\">pom\u00e1h\u00e1<\/a>\u00a0zbavit se pov\u011bsti nudn\u00e9ho profesora, kter\u00fd se ze saka a kravaty p\u0159evl\u00e9kl a\u017e do nepr\u016fst\u0159eln\u00e9 vesty. Pam\u00e1tnou cestu na Ukrajinu si asi pamatujeme v\u0161ichni.<\/p>\n<p>\u010cesk\u00e1 republika pod jeho vl\u00e1dou pat\u0159\u00ed k nej\u0161t\u011bd\u0159ej\u0161\u00edm sponzor\u016fm rusko \u2013 ukrajinsk\u00e9ho konfliktu, a na\u0161e pomoc uprchl\u00edk\u016fm dos\u00e1hla netu\u0161en\u00fdch rozm\u011br\u016f. N\u011bkde na konci (z\u0159ejm\u011b u\u017e v realit\u011b bez rusk\u00e9ho plynu, ropy a dal\u0161\u00edch surovin) na n\u011bj mo\u017en\u00e1\u00a0<a href=\"https:\/\/www.novinky.cz\/volby\/prezidenta\/clanek\/politologove-nejlepsim-kandidatem-spolu-na-prezidenta-by-byl-fiala-40395081\" target=\"_blank\" rel=\"noopener\">\u010dek\u00e1<\/a>\u00a0prezidentsk\u00e9 k\u0159eslo. Co \u010dek\u00e1 n\u00e1s ostatn\u00ed? N\u00e1sleduj\u00edc\u00ed informace z ned\u00e1vn\u00e9 minulosti pana Fialy stoj\u00ed za zamy\u0161len\u00ed.<span id=\"more-18721\"><\/span><\/p>\n<h2><strong>Zachr\u00e1nce ODS a sudetsk\u00e9 Panevropy.<\/strong><\/h2>\n<p>Nejv\u011bt\u0161\u00ed \u010desk\u00e1 m\u00e9dia bohu\u017eel v\u011bt\u0161inou dlouhodob\u011b fat\u00e1ln\u011b selh\u00e1vaj\u00ed v \u00faloze objektivn\u011b informovat ve\u0159ejnost. Okolo p\u0159ed n\u011bkolika lety nezn\u00e1m\u00e9ho brn\u011bnsk\u00e9ho politologa Petra Fialy tato velk\u00e1 m\u00e9dia postupn\u011b \u00fa\u010delov\u011b vytvo\u0159ila um\u011bl\u00fd obraz \u201enad\u011bjn\u00e9ho politika\u201c a \u201eodborn\u00edka\u201c. O jeho minulosti a ideov\u00e9m z\u00e1zem\u00ed m\u00e9dia systematicky ml\u010d\u00ed, \u00fa\u010delov\u011b vytv\u00e1\u0159\u00ed p\u0159edstavu \u201eschopn\u00e9ho ministra\u201c, \u201enad\u011bjn\u00e9ho zachr\u00e1nce ODS\u201c atd. \u0158\u00edk\u00e1 se, \u017ee ze stokr\u00e1t opakovan\u00e9 l\u017ei se stane nakonec pravda. Neust\u00e1l\u00e9 opakov\u00e1n\u00ed pozitivn\u00edho obrazu Petra Fialy m\u00e9dii vede i k jeho velmi pozitivn\u00edmu obrazu ve ve\u0159ejnosti.<\/p>\n<p>Existuj\u00ed ale i fakta, o kter\u00fdch m\u00e9dia ml\u010d\u00ed: Petr Fiala pat\u0159il v 90. letech k ost\u0159e konzervativn\u00edm katolick\u00fdm kruh\u016fm, skeptick\u00fdm k na\u0161\u00ed st\u00e1tnosti a p\u011bstuj\u00edc\u00edm ideu \u201e<strong><a href=\"https:\/\/cs.wikipedia.org\/wiki\/Panevropsk%C3%A1_unie\" target=\"_blank\" rel=\"noopener\">Panevropy<\/a><\/strong>\u201c (navazuj\u00edc\u00ed na meziv\u00e1le\u010dn\u00e9ho, klerofa\u0161ismu a stavovsk\u00e9mu st\u00e1tu bl\u00edzk\u00e9ho hrab\u011bte Coudenhove-Kalergiho), kter\u00e9 zvaly do na\u0161\u00ed republiky Bernda Posselta, Otto Habsburka a jin\u00e9 osoby a umo\u017e\u0148ovaly jim tu agitaci v r\u00e1mci tzv. Panevropsk\u00e9ho hnut\u00ed (Bernd Posselt byl v \u010ceskoslovensku v Brn\u011b tajn\u011b agitovat u\u017e v z\u00e1\u0159\u00ed 1989).<\/p>\n<p>V katolicko-konzervativn\u00edm \u010dasopise\u00a0<a href=\"https:\/\/cs.wikipedia.org\/wiki\/Revue_Politika\" target=\"_blank\" rel=\"noopener\"><strong>Proglas<\/strong><\/a>\u00a0(Fiala byl z\u00e1stupce \u0161\u00e9fredaktora a s\u00e1m do n\u011bj psal) se vedle jin\u00e9ho (nap\u0159. \u010dl\u00e1nku L. Jedli\u010dky obhajuj\u00edc\u00edho tzv. druhou republiku) systematicky p\u0159ekl\u00e1daly a otiskovaly \u010dl\u00e1nky Bernda Posselta a Otty Habsburka. \u010cl\u00e1nek v Proglasu, ro\u010dn\u00edk 1990, \u010d\u00edslo 9\/10, napsan\u00fd Petrem Fialou, mj. cituje z projevu Otty Habsburka, kter\u00fd p\u0159ijel do Brna p\u0159esv\u011bd\u010dovat, \u017ee \u010ce\u0161i maj\u00ed na Z\u00e1pad\u011b sv\u00e9 nejv\u011bt\u0161\u00ed p\u0159\u00e1tele v sudetsk\u00fdch N\u011bmc\u00edch. \u010cl\u00e1nek obsahuje i t\u0159i fotografie (Petr Fiala je s\u00e1m vybral jako sebeprezenta\u010dn\u00ed doprovod sv\u00e9ho \u010dl\u00e1nku), na kter\u00fdch Fiala p\u00f3zuje s Berndem Posseltem, Otto Habsburkem, politikem KDU-\u010cSL Tollnerem a praporem \u201eMoravsk\u00e9 zemsk\u00e9 Panevropsk\u00e9 unie\u201c, jej\u00edm\u017e byl p\u0159edsedou. (<a href=\"https:\/\/blisty.cz\/art\/64567-nadejny-zachrance-ods-a-sudetske-panevropy\" target=\"_blank\" rel=\"noopener\">zdroj<\/a>)<\/p>\n<p><a title=\"\" href=\"https:\/\/www.nespokojeny.cz\/wp-content\/uploads\/proglas_fiala_panevropa_casopis.jpg\" data-rel=\"lightbox-image-0\" data-magnific_type=\"image\" data-rl_title=\"\" data-rl_caption=\"\"><img decoding=\"async\" loading=\"lazy\" class=\"wp-image-19855 aligncenter lazyautosizes lazyloaded\" src=\"https:\/\/www.nespokojeny.cz\/wp-content\/uploads\/proglas_fiala_panevropa_casopis.jpg\" sizes=\"600px\" srcset=\"https:\/\/www.nespokojeny.cz\/wp-content\/uploads\/proglas_fiala_panevropa_casopis.jpg 800w, https:\/\/www.nespokojeny.cz\/wp-content\/uploads\/proglas_fiala_panevropa_casopis-204x300.jpg 204w, https:\/\/www.nespokojeny.cz\/wp-content\/uploads\/proglas_fiala_panevropa_casopis-305x450.jpg 305w, https:\/\/www.nespokojeny.cz\/wp-content\/uploads\/proglas_fiala_panevropa_casopis-102x150.jpg 102w, https:\/\/www.nespokojeny.cz\/wp-content\/uploads\/proglas_fiala_panevropa_casopis-768x1132.jpg 768w\" alt=\"\" width=\"654\" height=\"964\" data-src=\"https:\/\/www.nespokojeny.cz\/wp-content\/uploads\/proglas_fiala_panevropa_casopis.jpg\" data-srcset=\"https:\/\/www.nespokojeny.cz\/wp-content\/uploads\/proglas_fiala_panevropa_casopis.jpg 800w, https:\/\/www.nespokojeny.cz\/wp-content\/uploads\/proglas_fiala_panevropa_casopis-204x300.jpg 204w, https:\/\/www.nespokojeny.cz\/wp-content\/uploads\/proglas_fiala_panevropa_casopis-305x450.jpg 305w, https:\/\/www.nespokojeny.cz\/wp-content\/uploads\/proglas_fiala_panevropa_casopis-102x150.jpg 102w, https:\/\/www.nespokojeny.cz\/wp-content\/uploads\/proglas_fiala_panevropa_casopis-768x1132.jpg 768w\" data-sizes=\"auto\" \/><\/a><em>Kopie \u010dasopisu Proglas, Petr Fiala s Berndem Posseltem a Otto von Habsburkem.<\/em><\/p>\n<p>Heslo bych doplnil: Pat\u0159\u00edme na z\u00e1pad zp\u00e1tky do N\u011bmecka! Ve skute\u010dnosti je takov\u00e1 politika Petra Fialy. Dlouhodob\u00e1 spolupr\u00e1ce Petra Fialy se sudetsk\u00fdmi N\u011bmci je jasn\u011b prok\u00e1zan\u00e1. S t\u011bmi spolupracuje i KDU-CSL a TOP 09. \u010clen lidovc\u016f Daniel Herman dostal nyn\u00ed od nich vyznamen\u00e1n\u00ed. Sudet\u0161t\u00ed N\u011bmci v \u010dele s Bernd Posseltem \u010dekaj\u00ed a\u017e vyhraj\u00ed volby slepen\u00e9 koalice a daj\u00ed jim sign\u00e1l k n\u00e1vratu dom\u016f a uspo\u0159\u00e1d\u00e1n\u00ed sv\u00e9ho sjezdu Lansman\u0161aftu v Sudetech u n\u00e1s. \u010cl\u00e1nek Fialy je dopln\u011bn 3 fotografiemi, kter\u00e9 s\u00e1m Fiala vybral a kde je s Berndem Posseltem, Otto Habsburkem, politikem KDU-\u010cSL Tollnerem a praporem \u201eMoravsk\u00e9 zemsk\u00e9 Panevropsk\u00e9 unie. (<a href=\"http:\/\/vasevec.parlamentnilisty.cz\/blogy\/pravy-breh-petra-fialy-neni-bezpecny-breh-0\" target=\"_blank\" rel=\"noopener\">zdroj<\/a>)<\/p>\n<h2><strong>Exponent sudetsk\u00fdch N\u011bmc\u016f Petr Fiala?<\/strong><\/h2>\n<p>Sou\u010dasn\u00fd v\u016fdce Sudeton\u011bmeck\u00e9ho landsman\u0161aftu Bernd Posselt je z\u00e1rove\u0148 v\u016fdcem n\u011bmeck\u00e9 pobo\u010dky organizace\u00a0<strong>Panevropa<\/strong>, resp. PANEVROPSK\u00c9 UNIE \u010cECH A MORAVY (na adrese \u017derot\u00ednova 47, Praha 3). Tato n\u011bmeck\u00e1 frakce Paneuropa-Union m\u00e1 n\u00e1zorov\u011b bl\u00edzko k vyst\u011bhovaleck\u00fdm organizac\u00edm landsman\u0161aftu. Organizace je odp\u016frcem nacionalismu a chce zastupovat z\u00e1jmy vys\u00eddlenc\u016f, pokud mo\u017eno v r\u00e1mci evropsk\u00e9ho sjednocov\u00e1n\u00ed.<\/p>\n<p>Ov\u0161em, m\u00e1me tu p\u0159\u00edm\u00e9 napojen\u00ed na Moravsk\u00fd zemsk\u00fd v\u00fdbor spadaj\u00edc\u00ed pod Sdru\u017een\u00ed Panevropa, a to z pozice vrcholov\u00e9ho politika ODS. Bl\u00ed\u017ee vysv\u011btleno, sou\u010dasn\u00fd v\u016fdce Sudeton\u011bmeck\u00e9ho landsman\u0161aftu Bernd Posselt je z\u00e1rove\u0148 v\u016fdcem t\u00e9to n\u011bmeck\u00e9 frakce hnut\u00ed Panevropa. A p\u0159edsedou Moravsk\u00e9ho zemsk\u00e9ho v\u00fdboru sdru\u017een\u00ed Panevropa spadaj\u00edc\u00edho pod Sudeton\u011bmeck\u00fd landsman\u0161aft je, sv\u011bte div se, p\u0159edseda ODS Petr Fiala<\/p>\n<p>Petr Fiala p\u016fsobil jako ministr \u0161kolstv\u00ed v Ne\u010dasov\u011b vl\u00e1d\u011b jen n\u011bco p\u0159es rok, ale sta\u010dil do \u010desk\u00fdch \u0161kol p\u0159iv\u00e9st AIESEC a jeho Edison. To je organizace, kter\u00e1 v Rusku na \u0161kol\u00e1ch dokonce omlouvala \u010de\u010densk\u00e9 teroristy a \u0160amila Basajeva, kter\u00e9ho b\u011bhem \u010ce\u010densk\u00e9 v\u00e1lky podporovala americk\u00e1 CIA a Madeleine Albright. Basajev m\u011bl p\u0159ezd\u00edvku \u201c\u010de\u010densk\u00fd Usama Bin Ladin\u201d, proto\u017ee plnil pro Ameri\u010dany stejnou \u00falohu jako jeho vzor. Je proto tristn\u00ed, \u017ee pr\u00e1v\u011b ODS ud\u011blila AIESECu patron\u00e1t pro \u010dinnost na \u010desk\u00fdch \u0161kol\u00e1ch, kdy\u017e sebe ozna\u010duje za pravicovou stranu. P\u0159itom jej\u00ed p\u0159edseda umo\u017enil ud\u011blen\u00ed patron\u00e1tu neomarxistick\u00e9 levicov\u00e9 ml\u00e1de\u017enick\u00e9 organizaci AIESEC, kter\u00e1 d\u011btem pumpuje do hlav multikulturn\u00ed indoktrinaci a obdiv k isl\u00e1mu. A\u017e v\u00e1m bude zase n\u011bkdy \u201ckonzervativn\u00ed\u201d ODS vykl\u00e1dat n\u011bco o pron\u00e1rodn\u00edm ukotven\u00ed, tradic\u00edch a hodnot\u00e1ch, vzpome\u0148te si na AIESEC, na Edison \u010di na Fialovo p\u016fsoben\u00ed ve v\u00fdrazn\u011b prosudetsk\u00e9m hnut\u00ed Panevropa. (<a href=\"https:\/\/ceske-narodni-listy.estranky.cz\/clanky\/prispevky\/petr-fiala--exponent-sudetskych-nemcu.html\" target=\"_blank\" rel=\"noopener\">zdroj<\/a>)<\/p>\n<p><a title=\"\" href=\"https:\/\/www.nespokojeny.cz\/wp-content\/uploads\/fiala_habsburk_foto.jpg\" data-rel=\"lightbox-image-1\" data-magnific_type=\"image\" data-rl_title=\"\" data-rl_caption=\"\"><img decoding=\"async\" loading=\"lazy\" class=\"wp-image-19856 aligncenter lazyautosizes lazyloaded\" src=\"https:\/\/www.nespokojeny.cz\/wp-content\/uploads\/fiala_habsburk_foto.jpg\" sizes=\"600px\" srcset=\"https:\/\/www.nespokojeny.cz\/wp-content\/uploads\/fiala_habsburk_foto.jpg 800w, https:\/\/www.nespokojeny.cz\/wp-content\/uploads\/fiala_habsburk_foto-300x163.jpg 300w, https:\/\/www.nespokojeny.cz\/wp-content\/uploads\/fiala_habsburk_foto-450x245.jpg 450w, https:\/\/www.nespokojeny.cz\/wp-content\/uploads\/fiala_habsburk_foto-150x82.jpg 150w, https:\/\/www.nespokojeny.cz\/wp-content\/uploads\/fiala_habsburk_foto-768x418.jpg 768w\" alt=\"\" width=\"600\" height=\"326\" data-src=\"https:\/\/www.nespokojeny.cz\/wp-content\/uploads\/fiala_habsburk_foto.jpg\" data-srcset=\"https:\/\/www.nespokojeny.cz\/wp-content\/uploads\/fiala_habsburk_foto.jpg 800w, https:\/\/www.nespokojeny.cz\/wp-content\/uploads\/fiala_habsburk_foto-300x163.jpg 300w, https:\/\/www.nespokojeny.cz\/wp-content\/uploads\/fiala_habsburk_foto-450x245.jpg 450w, https:\/\/www.nespokojeny.cz\/wp-content\/uploads\/fiala_habsburk_foto-150x82.jpg 150w, https:\/\/www.nespokojeny.cz\/wp-content\/uploads\/fiala_habsburk_foto-768x418.jpg 768w\" data-sizes=\"auto\" \/><\/a><em>O. Habsburk, P. Tollner, P. Fiala<\/em><\/p>\n<p><a title=\"\" href=\"https:\/\/www.nespokojeny.cz\/wp-content\/uploads\/fiala_posselt_habsburk_foto.jpg\" data-rel=\"lightbox-image-2\" data-magnific_type=\"image\" data-rl_title=\"\" data-rl_caption=\"\"><img decoding=\"async\" loading=\"lazy\" class=\"wp-image-19857 aligncenter lazyautosizes lazyloaded\" src=\"https:\/\/www.nespokojeny.cz\/wp-content\/uploads\/fiala_posselt_habsburk_foto.jpg\" sizes=\"600px\" srcset=\"https:\/\/www.nespokojeny.cz\/wp-content\/uploads\/fiala_posselt_habsburk_foto.jpg 800w, https:\/\/www.nespokojeny.cz\/wp-content\/uploads\/fiala_posselt_habsburk_foto-300x243.jpg 300w, https:\/\/www.nespokojeny.cz\/wp-content\/uploads\/fiala_posselt_habsburk_foto-450x364.jpg 450w, https:\/\/www.nespokojeny.cz\/wp-content\/uploads\/fiala_posselt_habsburk_foto-150x121.jpg 150w, https:\/\/www.nespokojeny.cz\/wp-content\/uploads\/fiala_posselt_habsburk_foto-768x621.jpg 768w\" alt=\"\" width=\"600\" height=\"485\" data-src=\"https:\/\/www.nespokojeny.cz\/wp-content\/uploads\/fiala_posselt_habsburk_foto.jpg\" data-srcset=\"https:\/\/www.nespokojeny.cz\/wp-content\/uploads\/fiala_posselt_habsburk_foto.jpg 800w, https:\/\/www.nespokojeny.cz\/wp-content\/uploads\/fiala_posselt_habsburk_foto-300x243.jpg 300w, https:\/\/www.nespokojeny.cz\/wp-content\/uploads\/fiala_posselt_habsburk_foto-450x364.jpg 450w, https:\/\/www.nespokojeny.cz\/wp-content\/uploads\/fiala_posselt_habsburk_foto-150x121.jpg 150w, https:\/\/www.nespokojeny.cz\/wp-content\/uploads\/fiala_posselt_habsburk_foto-768x621.jpg 768w\" data-sizes=\"auto\" \/><\/a><em>B. Posselt, P. Fiala, I. Luk\u00e1\u0161, O. Habsburk, P. Tollner<\/em><\/p>\n<p>Panevropu (Panevropskou unii) zalo\u017eil Richard hrab\u011b Coudenhove-Kalergi ve dvac\u00e1t\u00fdch letech dvac\u00e1t\u00e9ho stolet\u00ed a jej\u00edm c\u00edlem je politick\u00e9 sjednocen\u00ed Evropy. N\u011bmeck\u00e1 frakce \u201ePaneuropa-Union\u201c m\u00e1 n\u00e1zorov\u011b bl\u00edzko k bavorsk\u00e9 politick\u00e9 stran\u011b K\u0159es\u0165ansko-soci\u00e1ln\u00ed unie Bavorska a k vyhnaneck\u00fdm organizac\u00edm (Vertriebenenverband).<\/p>\n<p>Na rozd\u00edl od n\u011bkter\u00fdch jin\u00fdch pravicov\u011b-konzervativn\u00edch sdru\u017een\u00ed je odp\u016frcem nacionalismu a existence n\u00e1rodn\u00edch st\u00e1t\u016f, z \u010deho\u017e vypl\u00fdv\u00e1, \u017ee chce zastupovat z\u00e1jmy vys\u00eddlen\u00fdch sudetsk\u00fdch N\u011bmc\u016f, pokud mo\u017eno v r\u00e1mci evropsk\u00e9ho sjednocov\u00e1n\u00ed.<\/p>\n<p>N\u011bkte\u0159\u00ed kritici sou\u010dasn\u00e9 Evropsk\u00e9 unie d\u00e1vaj\u00ed tento cit\u00e1t do souvislosti se sou\u010dasnou migra\u010dn\u00ed kriz\u00ed v Evropsk\u00e9 unii a tak\u00e9 s faktem, \u017ee n\u011bmeck\u00e1 kancl\u00e9\u0159ka Angela Merkelov\u00e1 pozvala imigranty do Evropy.(<a href=\"https:\/\/www.parlamentnilisty.cz\/arena\/monitor\/Je-zle-Po-internetu-koluji-fotografie-predsedy-ODS-na-ktere-by-mozna-nejradsi-zapomnel-582280\" target=\"_blank\" rel=\"noopener\">zdroj<\/a>).<\/p>\n<p><em>\u201e\u010clov\u011bk vzd\u00e1len\u00e9 budoucnosti bude k\u0159\u00ed\u017eenec. Dne\u0161n\u00ed rasy padnou za ob\u011b\u0165 prostoru a \u010dasu. Eurasijsko-negroidn\u00ed rasa budoucnosti, vn\u011bj\u0161kov\u011b podobn\u00e1 staroegyptsk\u00e9 rase, nahrad\u00ed rozmanitost n\u00e1rod\u016f rozmanitost\u00ed osobnost\u00ed.\u201c<\/em><br \/>\n<em>Richard hrab\u011b Coudenhove-Kalergi, zakladatel\u00a0<strong>Panevropsk\u00e9 unie<\/strong>\u00a0(<a href=\"https:\/\/neviditelnypes.lidovky.cz\/zahranici\/historie-listovani-v-kalergim.A170705_205616_p_zahranici_wag\" target=\"_blank\" rel=\"noopener\">zdroj<\/a>)<\/em><\/p>\n<h2><strong>Petr Fiala jako sluha Calergiho Panevropy.<\/strong><\/h2>\n<p>Petr Fiala tedy v pom\u011brn\u011b ned\u00e1vn\u00e9 minulosti, jako \u010deln\u00ed funkcion\u00e1\u0159 Panevropsk\u00e9 unie p\u011bstoval \u2013 mj. po boku p\u0159ed\u00e1ka tzv. sudetsk\u00fdch N\u011bmc\u016f a nep\u0159\u00edtele n\u00e1rodn\u00edch z\u00e1jm\u016f \u010desk\u00e9 republiky Bernda Posselta a Otto von Habsburka, se kter\u00fdmi tehdy \u00fazce spolupracoval \u2013 my\u0161lenku \u201ePanevropy\u201c, Evropy jako federace, ve kter\u00e9 ji\u017e nen\u00ed m\u00edsto pro n\u00e1rodn\u00ed st\u00e1ty.<\/p>\n<p>Jak se to slu\u010duje s jeho \u00fadajn\u00fdm sou\u010dasn\u00fdm \u201eeurorealismem\u201c? Kdy u n\u011bj do\u0161lo k n\u00e1zorov\u00e9mu obratu? A do\u0161lo k n\u011bmu ve skute\u010dnosti v\u016fbec? Dle jeho nejnov\u011bj\u0161\u00edch vyj\u00e1d\u0159en\u00ed k politice Evropsk\u00e9 unie v oblastech energetiky \u010di klimatu z\u0159ejm\u011b nikoli.<\/p>\n<p><em><strong>Jde i o proces postupn\u00e9ho z\u00e1niku evropsk\u00fdch n\u00e1rodn\u00edch st\u00e1t\u016f skrze zni\u010den\u00ed jejich ekonomick\u00e9, energetick\u00e9 \u010di potravinov\u00e9 sob\u011bsta\u010dnosti ve prosp\u011bch glob\u00e1ln\u00edch korporac\u00ed. D\u016fle\u017eit\u00fdm n\u00e1strojem je zde i \u00fatok na z\u00e1kladn\u00ed spole\u010densk\u00e9 hodnoty, v prvn\u00ed \u0159ad\u011b na tradi\u010dn\u00ed rodinu a vztahy mu\u017e\u016f a \u017een prost\u0159ednictv\u00edm agresivn\u00ed genderov\u00e9 a LGBT ideologie.<\/strong><\/em><\/p>\n<p>Panevropsk\u00e1 unie tedy existuje ji\u017e bezm\u00e1la sto let.Ve sv\u00e9m Bambersk\u00e9m programu z roku\u00a01996, tedy v\u00a0dob\u011b, kdy byl Petr Fiala jej\u00edm vedouc\u00edm funkcion\u00e1\u0159em,\u00a0si jako politick\u00e9 c\u00edle stanovila mj. sjednocov\u00e1n\u00ed Evropy\u00a0na z\u00e1klad\u011b pr\u00e1v n\u00e1rodnostn\u00edch skupin a men\u0161in, anebo boj za\u00a0\u201e<em>pr\u00e1vo na vlast\u201c,\u00a0<\/em>co\u017e je specifick\u00fd term\u00edn, kter\u00fdm operuj\u00ed sudet\u0161t\u00ed N\u011bmci a znamen\u00e1 jedin\u00e9 \u2013 jejich pr\u00e1vn\u00ed a majetkovou restituci na \u00fakor \u010cesk\u00e9 republiky.Bernd Posselt v roce 1975 zakl\u00e1dal n\u011bmeckou pobo\u010dku organizace, kter\u00e1 se naz\u00fdv\u00e1\u00a0<a title=\"Panevropsk\u00e1 ml\u00e1de\u017e (str\u00e1nka neexistuje)\" href=\"https:\/\/cs.wikipedia.org\/w\/index.php?title=Panevropsk%C3%A1_ml%C3%A1de%C5%BE&amp;action=edit&amp;redlink=1\" target=\"_blank\" rel=\"nofollow noopener\">Panevropsk\u00e1 ml\u00e1de\u017e<\/a>. Od roku 1998 je p\u0159edsedou\u00a0 n\u011bmeck\u00e9 sekce Panevropk\u00e9 unie.<\/p>\n<p>Petr Fiala slou\u017e\u00ed popt\u00e1vce Kalergiho eurofederalist\u016f. A ta, jak \u0159e\u010deno v\u00fd\u0161e, v pod\u00e1n\u00ed Panevropsk\u00e9 unie zn\u00ed:<\/p>\n<ol>\n<li>federalizovat Evropu,<\/li>\n<li>soci\u00e1ln\u011b-in\u017een\u00fdrsky spustit genov\u00e9 m\u00edsen\u00ed a spolu s\u00a0t\u00edm likvidaci z\u00e1kladn\u00edch a tradi\u010dn\u00edch evropsk\u00fdch hodnot (skute\u010dn\u00fdch, ne t\u011bch Jandov\u00fdch s\u00a0velk\u00fdm E).<\/li>\n<\/ol>\n<p>T\u00edm vznikne lidsk\u00fd i kulturn\u00ed amalg\u00e1m, v n\u011bm\u017e se ztrat\u00ed jak\u00e1koli hodnotov\u00e1 linie a z obyvatel se stanou chud\u00ed, dezorientovan\u00ed, a proto snadno ovladateln\u00ed jedinci, jim\u017e pak bude snadn\u00e9 vl\u00e1dnout, a tedy opanovat ve\u0161ker\u00e9 hmotn\u00e9 statky. Petr Fiala je vzd\u011blan\u00fd a se\u010dt\u011bl\u00fd, nikoli hloup\u00fd ani naivn\u00ed. Proto mus\u00ed dob\u0159e v\u011bd\u011bt, \u010demu, komu a za co slou\u017e\u00ed. Z\u00e1jmy \u010cech\u016f ani na\u0161eho st\u00e1tu to podle v\u0161eho ale nejsou. (<a href=\"https:\/\/www.parlamentnilisty.cz\/arena\/nazory-a-petice\/Jiri-Kobza-Petr-Fiala-jako-sluha-Calergiho-Panevropy-688537\" target=\"_blank\" rel=\"noopener\">zdroj<\/a>)<\/p>\n<h2><strong>Petr Fiala 2014 \u2013 2016: Slibem nezarmout\u00ed\u0161.<\/strong><\/h2>\n<p>N\u00e1zorov\u00e1 prom\u011bna sou\u010dasn\u00e9ho premi\u00e9ra od jeho p\u016fvodn\u00edch proklamac\u00ed z roku 2015 a 2016.<\/p>\n<p><strong>Nejsme p\u0159ipraveni na 16.000 uprchl\u00edk\u016f. Nebylo by to dobr\u00e9 ani pro n\u00e1s, ani pro n\u011b. Nenech\u00e1me si diktovat v\u011bci, kter\u00e9 nejsou v na\u0161em n\u00e1rodn\u00edm z\u00e1jmu<\/strong><br \/>\nPetr Fiala verze 2015. S\u00edla slov v pln\u00e9 palb\u011b, aneb slibem nezarmout\u00ed\u0161. Koho zaj\u00edm\u00e1 v\u010derej\u0161ek\u2026<\/p>\n<p>&nbsp;<\/p>\n<div id=\"rumble_v14pcx5\">\n<div id=\"vid_v14pcx5\" class=\"rumble_v14pcx5-Rumble-cls\" tabindex=\"-1\">\n<div class=\"bigPlayUI ctp\">\n<div class=\"bigPlayUIInner ctp\"><div class='videoWrapper'>\r\n\t            <iframe src='https:\/\/rumble.com\/embed\/pj.v14pcx5\/' frameborder='0' allowfullscreen><\/iframe>\r\n\t        <\/div><\/div>\n<\/div>\n<\/div>\n<\/div>\n<p>&nbsp;<\/p>\n<p><span style=\"font-size: 18pt;\"><strong>Petr Fiala v roce 2016: Nen\u00ed mo\u017en\u00e9, aby do Evropy p\u0159ich\u00e1zely mili\u00f3ny lid\u00ed, o kter\u00fdch nic nev\u00edme.<\/strong><\/span><\/p>\n<p>&nbsp;<\/p>\n<div id=\"rumble_v114q9t\">\n<div id=\"vid_v114q9t\" class=\"rumble_v114q9t-Rumble-cls\" tabindex=\"-1\">\n<div class=\"bigPlayUI ctp\">\n<div class=\"bigPlayUIInner ctp\"><div class='videoWrapper'>\r\n\t            <iframe src='https:\/\/rumble.com\/embed\/pj.v114q9t\/' frameborder='0' allowfullscreen><\/iframe>\r\n\t        <\/div><\/div>\n<\/div>\n<\/div>\n<\/div>\n<p>&nbsp;<\/p>\n<p><span style=\"font-size: 18pt;\"><strong>Petr Fiala v roce 2016: O migraci a Angele.<\/strong><\/span><\/p>\n<p>&nbsp;<\/p>\n<div class=\"bigPlayUIInner ctp\"><div class='videoWrapper'>\r\n\t            <iframe src='https:\/\/rumble.com\/embed\/pj.v114qe9\/' frameborder='0' allowfullscreen><\/iframe>\r\n\t        <\/div><\/div>\n<p>&nbsp;<\/p>\n<p><span style=\"font-size: 18pt;\"><strong>Petr Fiala v roce 2016: O d\u016fsledn\u00e9 integraci. Tohle je na\u0161e zem\u011b, nebudeme ustupovat ze sv\u00fdch hodnot.<\/strong><\/span><\/p>\n<p>&nbsp;<\/p>\n<div id=\"rumble_v114qpd\">\n<div id=\"vid_v114qpd\" class=\"rumble_v114qpd-Rumble-cls\" tabindex=\"-1\">\n<div class=\"bigPlayUI ctp\">\n<div class=\"bigPlayUIInner ctp\"><div class='videoWrapper'>\r\n\t            <iframe src='https:\/\/rumble.com\/embed\/pj.v114qpd\/' frameborder='0' allowfullscreen><\/iframe>\r\n\t        <\/div><\/div>\n<\/div>\n<\/div>\n<\/div>\n<p>&nbsp;<\/p>\n<p><span style=\"font-size: 18pt;\"><strong>Petr Fiala v roce 2016: J\u00e1 nechci \u017e\u00edt ve spole\u010dnosti, kde se my budeme b\u00e1t!<\/strong><\/span><\/p>\n<p>&nbsp;<\/p>\n<div id=\"rumble_v114qhv\">\n<div id=\"vid_v114qhv\" class=\"rumble_v114qhv-Rumble-cls\" tabindex=\"-1\">\n<div class=\"bigPlayUI ctp\">\n<div class=\"bigPlayUIInner ctp\"><div class='videoWrapper'>\r\n\t            <iframe src='https:\/\/rumble.com\/embed\/pj.v114qhv\/' frameborder='0' allowfullscreen><\/iframe>\r\n\t        <\/div><\/div>\n<\/div>\n<\/div>\n<\/div>\n<p>&nbsp;<\/p>\n<p><span style=\"font-size: 18pt;\"><strong>Petr Fiala v roce 2016: \u010c\u00edm v\u00edce bezpe\u010dnosti, t\u00edm m\u00e9n\u011b svobody.<\/strong><\/span><\/p>\n<p>&nbsp;<\/p>\n<div id=\"rumble_v114qmb\">\n<div id=\"vid_v114qmb\" class=\"rumble_v114qmb-Rumble-cls\" tabindex=\"-1\">\n<div class=\"bigPlayUI ctp\">\n<div class=\"bigPlayUIInner ctp\"><div class='videoWrapper'>\r\n\t            <iframe src='https:\/\/rumble.com\/embed\/pj.v114qmb\/' frameborder='0' allowfullscreen><\/iframe>\r\n\t        <\/div><\/div>\n<\/div>\n<\/div>\n<\/div>\n<p>&nbsp;<\/p>\n<p><span style=\"font-size: 18pt;\"><strong>Petr Fiala v roce 2016: O Rusku jako velmoci.<\/strong><\/span><\/p>\n<p>&nbsp;<\/p>\n<div id=\"rumble_v114trn\">\n<div id=\"vid_v114trn\" class=\"rumble_v114trn-Rumble-cls\" tabindex=\"-1\">\n<div class=\"bigPlayUI ctp\">\n<div class=\"bigPlayUIInner ctp\"><div class='videoWrapper'>\r\n\t            <iframe src='https:\/\/rumble.com\/embed\/pj.v114trn\/' frameborder='0' allowfullscreen><\/iframe>\r\n\t        <\/div><\/div>\n<\/div>\n<\/div>\n<\/div>\n<p>&nbsp;<\/p>\n<h2><strong>Petr Fiala proti Evropsk\u00e9 unii.<\/strong><\/h2>\n<p>Zaznamen\u00e1no p\u0159ed osmi lety (2014). Kdopak \u017ee je tenhle p\u00e1n, co burcuje proti Evropsk\u00e9 Unii?<br \/>\nTak se pod\u00edvejte na na\u0161eho neomyln\u00e9ho a pro EU a\u017e za hrob zan\u00edcen\u00e9ho premi\u00e9ra Petra Fialu. No nen\u00ed to k popuk\u00e1n\u00ed?<br \/>\nDok\u00e1\u017ee tohle funkce, pen\u00edze a moc, nebo to byla le\u017e u\u017e od sam\u00e9ho po\u010d\u00e1tku?<\/p>\n<div data-mode=\"normal\" data-provider=\"youtube\"><strong>VIDEO:<\/strong><\/div>\n<div data-mode=\"normal\" data-provider=\"youtube\"><\/div>\n<div data-mode=\"normal\" data-provider=\"youtube\">https:\/\/www.youtube.com\/watch?v=YJvvYwUDfvY<\/div>\n<div data-mode=\"normal\" data-provider=\"youtube\"><\/div>\n<div data-mode=\"normal\" data-provider=\"youtube\"><\/div>\n<p>&nbsp;<\/p>\n<p><span style=\"font-size: 18pt;\"><strong>Petr Fiala v roce 2014: Zn\u00e1te n\u011bjak\u00fd evropsk\u00fd recept, kter\u00fd funguje?<\/strong><\/span><\/p>\n<p>&nbsp;<\/p>\n<div id=\"rumble_v1bjwv1\">\n<div id=\"vid_v1bjwv1\" class=\"rumble_v1bjwv1-Rumble-cls\" tabindex=\"-1\">\n<div class=\"bigPlayUI ctp\">\n<div class=\"bigPlayUIInner ctp\"><div class='videoWrapper'>\r\n\t            <iframe src='https:\/\/rumble.com\/embed\/pj.v1bjwv1\/' frameborder='0' allowfullscreen><\/iframe>\r\n\t        <\/div><\/div>\n<div><\/div>\n<\/div>\n<\/div>\n<\/div>\n<h2><strong>Petr Fiala: Placen\u00fd bojovn\u00edk za demokracii v Barm\u011b.<\/strong><\/h2>\n<p>&nbsp;<\/p>\n<p><iframe loading=\"lazy\" title=\"Petr Fiala (ODS) - placen\u00fd bojovn\u00edk za demokracii v Barm\u011b.\" width=\"640\" height=\"360\" src=\"https:\/\/www.youtube.com\/embed\/eDVzldwwCAU?start=14&#038;feature=oembed\" frameborder=\"0\" allow=\"accelerometer; autoplay; clipboard-write; encrypted-media; gyroscope; picture-in-picture\" allowfullscreen><\/iframe><\/p>\n<p>&nbsp;<\/p>\n<p>Bude z Fialov\u00fdch aktivit (za 48 milion\u016f) v Barm\u011b (dnes u\u017e ale Myanmaru) stejn\u00fd debakl jako v Afgh\u00e1nist\u00e1nu? Neschvaloval pan Petr Fiala jako poslanec ODS taky ten miliardov\u00fd \u00falet? No ODS se tedy na schvalov\u00e1n\u00ed mise v Afgh\u00e1nist\u00e1nu ur\u010dit\u011b pod\u00edlela, ale p\u0159ijmout politickou zodpov\u011bdnost za pro\u0161ustrovan\u00e9 miliardy a tam ztracen\u00e9 \u017eivoty n\u011bjak nesp\u011bch\u00e1 a cudn\u011b ml\u010d\u00ed. A je\u0161t\u011b kr\u00e1tk\u00e1 pozn\u00e1mka k tomu studiu a podpo\u0159e demokracie v Myanmaru . Na\u0161i slavn\u00ed demokrati tam dlouhou dobu podporovali m\u00edstn\u00ed disidentku Su-\u0164ij. kterou dr\u017eel mnoho et tamn\u00ed vojensk\u00fd re\u017eim v dom\u00e1c\u00edm v\u011bzen\u00ed. Kdy\u017e se pak z v\u011bzen\u00ed dostala a v Myanmaru zv\u00edt\u011bzila demokracie, tak se Su-\u0164ij dostala do vl\u00e1dy, dokonce j\u00ed vedla, ale zanedlouho dovolila zmasakrovat tamn\u00ed muslimskou men\u0161inu Rohing\u016f. Tak\u017ee sv\u011btov\u00ed demokrati dali od n\u00ed ruce pry\u010d. Z\u0159ejm\u011b jenom krom\u011b pana Fialy. (<a href=\"https:\/\/www.youtube.com\/watch?v=eDVzldwwCAU&amp;feature=emb_title\" target=\"_blank\" rel=\"noopener\" data-rel=\"lightbox-video-0\" data-magnific_type=\"video\">zdroj<\/a>)<\/p>\n<p><span style=\"font-size: 18pt;\"><strong>\u010clen Rady \u010cesk\u00e9 televize Lubo\u0161 Xaver Vesel\u00fd na sv\u00e9m youtubov\u00e9m kan\u00e1le Xaver Live v\u011bnoval dota\u010dn\u00ed kauze \u0161\u00e9fa ODS Petra Fialy.<\/strong><\/span><\/p>\n<p>Pot\u00e9 se pustil do podrobnost\u00ed o neziskov\u00e9 organizaci: \u201eTak Centrum pro studium demokracie a kultury uzav\u0159elo za dobu sv\u00e9 existence 82 smluv se st\u00e1tem v hodnot\u011b 48 milion\u016f korun. Celkem z\u00edskalo 116 dotac\u00ed v hodnot\u011b v\u00edce ne\u017e 28 milion\u016f korun. To je pen\u011bz jak \u017eelez, oni to prost\u011b kluc\u00ed um\u00ed s pen\u011bzma.<\/p>\n<p>V\u0161echny tyto pen\u00edze jsou z ve\u0159ejn\u00fdch pen\u011bz, pokud to nen\u00ed p\u0159\u00edmo dotace\u2026 Oni to d\u011blali toti\u017e takov\u00fdm fikan\u00fdm zp\u016fsobem. A pokud si kladete ot\u00e1zku, kam ty pen\u00edze \u0161ly, tak nap\u0159\u00edklad \u010d\u00e1stka 1 899 924 korun padla na projekt Partnerstv\u00ed pro sm\u00ed\u0159en\u00ed a reformy v Barm\u011b. Nesni\u017euji to, je to d\u016fle\u017eit\u00e1 v\u011bc, ka\u017ed\u00e9 r\u00e1no se probouz\u00edm cel\u00fd nerv\u00f3zn\u00ed, co se d\u011bje v Barm\u011b a jak je to tam aktu\u00e1ln\u011b se sm\u00ed\u0159en\u00edm,\u201c dodal Vesel\u00fd s notnou d\u00e1vkou ironie s t\u00edm, \u017ee nev\u00ed, pro\u010d tohle by m\u011bl platit.<\/p>\n<p>N\u00e1sledn\u011b zm\u00ednil projekt Pos\u00edlen\u00ed role \u017eensk\u00fdch a etnick\u00fdch ob\u010dansk\u00fdch organizac\u00ed v demokratizaci Barmy, na kter\u00fd byla \u010derp\u00e1na \u010d\u00e1stka 1 779 300 korun. \u201eMaj\u00ed n\u011bjak spadeno na Barmu, nebo\u2026? Nejsou do drobn\u00fd. Nev\u00edm, jestli to pomohlo Barm\u011b, nebo n\u00e1m, nebo komu, a pro\u010d to v\u016fbec takov\u00e1 neziskovka d\u011bl\u00e1\u2026?\u201c pozastavoval se.<\/p>\n<p>Za smyslupln\u011bj\u0161\u00ed by pova\u017eoval takov\u00e9 investice do Fondu ohro\u017een\u00fdch d\u011bt\u00ed \u010di do domov\u016f pro seniory. \u201eM\u00e1m takov\u00e9 blb\u00e9 tu\u0161en\u00ed. Nem\u016f\u017eu nikoho z ni\u010deho obvinit, \u017e\u00e1dn\u00e9 d\u016fkazy nem\u00e1m. Ale rad\u011bji bych 48 milion\u016f korun vid\u011bl t\u0159eba v Klok\u00e1nku nebo v dom\u011b senior\u016f apod.,\u201c uvedl Vesel\u00fd.<\/p>\n<p>Jako dal\u0161\u00ed zm\u00ednil \u010d\u00e1stku 4 124 000 korun, kterou Fialova neziskovka \u010derpala na \u010dasopis Kontexty. Ani zde si neodpustil ironickou pozn\u00e1mku: \u201eBezesporu jde o \u010dasopis, kter\u00fd v\u0161ichni m\u00e1te doma. Je to n\u011bco jako Kv\u011bty pro into\u0161e. J\u00e1 jsem ho na st\u00e1nku nikde nena\u0161el, p\u00e1tral jsem hodn\u011b, ptal jsem se v\u0161ech zn\u00e1m\u00fdch, nezn\u00e1m nikoho, kdo by to \u010detl,\u201c zasm\u00e1l se s pozn\u00e1mkou, \u017ee nech\u00e1pe, pro\u010d se na \u010dasopis Kontexty d\u00e1vaj\u00ed se st\u00e1tn\u00edch pen\u011bz takov\u00e9 \u010d\u00e1stky.<\/p>\n<p>\u201eK tomu je tu je\u0161t\u011b takov\u00e1 mazan\u00e1 v\u011bc, \u017ee Centrum pro studium demokracie a kultury dost\u00e1v\u00e1 prost\u0159edky nep\u0159\u00edmo, a to prost\u0159ednictv\u00edm partnersk\u00fdch smluv o vzd\u011bl\u00e1v\u00e1n\u00ed, s vysok\u00fdmi \u0161kolami, jako je Masarykova univerzita a Palack\u00e9ho univerzita v Olomouci. Masarykova univerzita dala kr\u00e1sn\u00fdch 24 630 677 korun a Univerzita Palack\u00e9ho v Olomouci poskytla na projekt 3 648 706 korun a 13 606 104 korun.<\/p>\n<p>Ten mazan\u00fd krok je, \u017ee v neziskovce, kde vych\u00e1z\u00ed \u010dasopis Kontexty, je jedn\u00edm z redaktor\u016f Martin Fiala narozen\u00fd v roce 1993\u2026 Nepoda\u0159ilo se \u00fapln\u011b ov\u011b\u0159it, jak je to s jeho rodinou, ale vypad\u00e1 to, \u017ee to bude syn pana profesora a l\u00eddra SPOLU,\u201c upozornil radn\u00ed.<\/p>\n<p>\u201eNo, jin\u00fdmi slovy, synek tam pracuje a z t\u011bchto pen\u011bz je placen. Sama o sob\u011b je pak kapitola to vydavatelstv\u00ed, kter\u00e9 tam p\u016fsob\u00ed,\u201c podotkl.<\/p>\n<p>\u201eNa m\u011b to p\u016fsob\u00ed cel\u00e9 tak, \u017ee se tu 48 milion\u016f korun vcuclo do neziskovky Centrum pro studium demokracie a kultury. Nev\u00edm, k \u010demu je to dobr\u00e9, nev\u00edm, k \u010demu je za miliony dobr\u00e9 n\u011bjak\u00e9 partnerstv\u00ed v Barm\u011b. Bohu\u017eel pro to nem\u00e1m \u017e\u00e1dn\u00fd d\u016fkaz, ale teoreticky by si n\u011bkdo mohl myslet, \u017ee je to proto, aby se mohl \u0161ikovn\u011b zam\u011bstnat synek,\u201c shrnul Vesel\u00fd sv\u00e1 zji\u0161t\u011bn\u00ed.<\/p>\n<p>\u201eOno je to tak, na jedn\u00e9 stran\u011b k\u0159i\u010d\u00edme: \u201aChy\u0165te zlod\u011bje.\u2018 Na druh\u00e9 stran\u011b je to o tom, \u017ee to sami s pen\u011bzi celkem um\u00edme. Pro\u010d by se m\u011bly takov\u00e9to v\u011bci dotovat? Na m\u011b to p\u016fsob\u00ed jako bohapust\u00e9 tah\u00e1n\u00ed st\u00e1tn\u00edch pen\u011bz a vy\u017eivov\u00e1n\u00ed rodinn\u00fdch p\u0159\u00edslu\u0161n\u00edk\u016f,\u201c vyslovil sv\u016fj n\u00e1zor Vesel\u00fd z\u00e1v\u011brem. (<a href=\"https:\/\/www.parlamentnilisty.cz\/arena\/monitor\/-Tohle-by-meli-volici-vedet-Xaver-na-stejne-stope-jako-PL-Neziskovka-Petra-Fialy-desitky-milionu-Barma-A-zamestnany-synek-676518\" target=\"_blank\" rel=\"noopener\">zdroj<\/a>)<\/p>\n<div id=\"arve-youtube-ct0tbbznww86313c36e715cc883974211\" class=\"arve aligncenter\" data-mode=\"normal\" data-provider=\"youtube\"><strong>VIDEO:<\/strong><\/div>\n<div data-mode=\"normal\" data-provider=\"youtube\"><\/div>\n<div data-mode=\"normal\" data-provider=\"youtube\">https:\/\/www.youtube.com\/watch?v=ct0tbbzNww8&amp;t=2s<\/div>\n<div data-mode=\"normal\" data-provider=\"youtube\"><\/div>\n<div data-mode=\"normal\" data-provider=\"youtube\"><\/div>\n<h2><strong>Fial\u016fv newspeak podle vzoru 1984.<br \/>\n<\/strong><\/h2>\n<p>Jak velk\u00e1 je odtr\u017eenost premi\u00e9ra od reality, dob\u0159e vykresluje jeho prohl\u00e1\u0161en\u00ed na webu vl\u00e1dy \u010cesk\u00e9 republiky, kde Petr Fiala dne 3.5.2022 krom\u011b jin\u00e9ho\u00a0<a href=\"https:\/\/www.vlada.cz\/cz\/media-centrum\/aktualne\/prohlaseni-predsedy-vlady-petra-fialy-pri-prilezitosti-svetoveho-dne-svobody-tisku-196029\/\" target=\"_blank\" rel=\"noopener\">publikoval<\/a>:<\/p>\n<p><span style=\"font-size: 14pt;\"><em>\u201e<strong>\u017d\u00e1dn\u00e1 m\u00e9dia nebudeme omezovat v jejich \u010dinnosti a \u017e\u00e1dn\u00fdm novin\u00e1\u0159\u016fm nebudeme br\u00e1nit v jejich pr\u00e1ci<\/strong>. Pevn\u011b proto v\u011b\u0159\u00edm, \u017ee v obdob\u00ed fungov\u00e1n\u00ed na\u0161\u00ed vl\u00e1dy nebude situace, kter\u00e1 by v tomto smyslu vyvol\u00e1vala znepokojen\u00ed.\u201c<\/em><\/span><br \/>\n<span style=\"font-size: 14pt;\"><em>Petr Fiala, p\u0159edseda vl\u00e1dy \u010cR, 3.5.2022<\/em><\/span><\/p>\n<p><span style=\"font-size: 18pt;\"><strong>Tohle je fakt level newspeaku 1984.<\/strong><\/span><\/p>\n<p>Zaj\u00edmalo by m\u011b, co si p\u0159edstavuje pan premi\u00e9r pod slovy \u017d\u00c1DN\u00dd a NEBUDEME BR\u00c1NIT\u2026<br \/>\nA to \u201dselektivn\u00ed omezov\u00e1n\u00ed st\u00e1tn\u00ed inzerce\u201d, to je taky bomba, kdy\u017e tv\u016fj zmocn\u011bnec pro dezinformace vyhla\u0161uje, \u017ee bude podporovat vybran\u00e1 m\u00e9dia\u2026<br \/>\nVybrat = selekce\u2026<br \/>\nAle tak ch\u00e1pu to, je v\u00e1lka. To se m\u011bn\u00ed v\u00fdznam slov a m\u016f\u017ee se lh\u00e1t. Proto\u017ee kdy\u017e l\u017ee\u0161 a podv\u00e1d\u00ed\u0161 za v\u00e1lky, znamen\u00e1 to, \u017ee jsi dobr\u00fd. TI co lhali a podv\u00e1d\u011bli p\u0159ed tebou, ti to mysleli \u0161patn\u011b! (<a href=\"https:\/\/www.facebook.com\/daniel.vavra\/posts\/10227641632935398\" target=\"_blank\" rel=\"noopener\">zdroj<\/a>)<\/p>\n<p>Cel\u00fd text:<\/p>\n<p><span style=\"font-size: 18pt;\"><em><strong>Prohl\u00e1\u0161en\u00ed p\u0159edsedy vl\u00e1dy Petra Fialy p\u0159i p\u0159\u00edle\u017eitosti Sv\u011btov\u00e9ho dne svobody tisku<\/strong><\/em><\/span><\/p>\n<p><em>Dnes si p\u0159ipom\u00edn\u00e1me Sv\u011btov\u00fd den svobody tisku. Chci p\u0159i t\u00e9to p\u0159\u00edle\u017eitosti pod\u011bkovat v\u0161em novin\u00e1\u0159\u016fm, kte\u0159\u00ed v na\u0161\u00ed zemi denn\u011b profesion\u00e1ln\u011b p\u0159isp\u00edvaj\u00ed k informovanosti spole\u010dnosti. Na\u0161e vl\u00e1da je p\u0159esv\u011bd\u010dena, \u017ee prosperuj\u00edc\u00ed demokratick\u00e1 spole\u010dnost nem\u016f\u017ee fungovat bez nez\u00e1visl\u00fdch novin\u00e1\u0159\u016f a svobodn\u00fdch m\u00e9di\u00ed, a chceme usilovat o to, aby v na\u0161\u00ed zemi byla m\u00e9dia co nejsvobodn\u011bj\u0161\u00ed a co nejprofesion\u00e1ln\u011bj\u0161\u00ed. V\u00edm, \u017ee mnoho novin\u00e1\u0159\u016f pracuje v obt\u00ed\u017en\u00fdch ekonomick\u00fdch podm\u00ednk\u00e1ch, a p\u0159esto neslevuj\u00ed ze standard\u016f sv\u00e9 pr\u00e1ce.<\/em><\/p>\n<p><em>Jsem si v\u011bdom toho, \u017ee mnoz\u00ed z\u00e1stupci svobodn\u00fdch a nez\u00e1visl\u00fdch medi\u00ed nem\u011bli v minul\u00e9m volebn\u00edm obdob\u00ed jednoduchou situaci, p\u0159esto se nevzdali sv\u00e9ho novin\u00e1\u0159sk\u00e9ho posl\u00e1n\u00ed.<\/em><\/p>\n<p><em>R\u00e1d bych pod\u011bkoval v\u0161em, kte\u0159\u00ed v minulosti vyjad\u0159ovali obavy ze svobody tisku u n\u00e1s. Jsem p\u0159esv\u011bd\u010den, \u017ee jejich \u00fasil\u00ed pomohlo zabr\u00e1nit zni\u010den\u00ed svobodn\u00fdch a nez\u00e1visl\u00fdch m\u00e9di\u00ed v na\u0161\u00ed zemi. Praktiky omezov\u00e1n\u00ed \u00fa\u010dasti na tiskov\u00fdch konferenc\u00edch, omezov\u00e1n\u00ed p\u0159\u00edstupu k\u00a0informac\u00edm a selektivn\u00edho um\u00eds\u0165ov\u00e1n\u00ed st\u00e1tn\u00ed inzerce jsou mi bytostn\u011b ciz\u00ed. \u017d\u00e1dn\u00e1 m\u00e9dia nebudeme omezovat v jejich \u010dinnosti a \u017e\u00e1dn\u00fdm novin\u00e1\u0159\u016fm nebudeme br\u00e1nit v jejich pr\u00e1ci. Pevn\u011b proto v\u011b\u0159\u00edm, \u017ee v obdob\u00ed fungov\u00e1n\u00ed na\u0161\u00ed vl\u00e1dy nebude situace, kter\u00e1 by v tomto smyslu vyvol\u00e1vala znepokojen\u00ed.<\/em><\/p>\n<p><em>V neposledn\u00ed \u0159ad\u011b chci tak\u00e9 pod\u011bkovat v\u0161em, kte\u0159\u00ed v na\u0161\u00ed zemi v minulosti finan\u010dn\u011b i jinak podporovali nez\u00e1visl\u00e1 m\u00e9dia a podporuj\u00ed je i nad\u00e1le. To, \u017ee se u n\u00e1s nez\u00e1visl\u00e1 m\u00e9dia v\u00a0obt\u00ed\u017en\u00fdch podm\u00ednk\u00e1ch udr\u017eela a udr\u017euj\u00ed, je v\u00fdznamnou m\u011brou i jejich z\u00e1sluha.<\/em><\/p>\n<p><em>Petr Fiala, p\u0159edseda vl\u00e1dy \u010cR<\/em><\/p>\n<p><a title=\"\" href=\"https:\/\/www.nespokojeny.cz\/wp-content\/uploads\/fiala_prohlaseni_svoboda_tisku.jpg\" data-rel=\"lightbox-image-3\" data-magnific_type=\"image\" data-rl_title=\"\" data-rl_caption=\"\"><img decoding=\"async\" loading=\"lazy\" class=\"aligncenter wp-image-19883 lazyautosizes lazyloaded\" src=\"https:\/\/www.nespokojeny.cz\/wp-content\/uploads\/fiala_prohlaseni_svoboda_tisku.jpg\" sizes=\"600px\" srcset=\"https:\/\/www.nespokojeny.cz\/wp-content\/uploads\/fiala_prohlaseni_svoboda_tisku.jpg 800w, https:\/\/www.nespokojeny.cz\/wp-content\/uploads\/fiala_prohlaseni_svoboda_tisku-300x300.jpg 300w, https:\/\/www.nespokojeny.cz\/wp-content\/uploads\/fiala_prohlaseni_svoboda_tisku-450x448.jpg 450w, https:\/\/www.nespokojeny.cz\/wp-content\/uploads\/fiala_prohlaseni_svoboda_tisku-150x150.jpg 150w, https:\/\/www.nespokojeny.cz\/wp-content\/uploads\/fiala_prohlaseni_svoboda_tisku-768x764.jpg 768w, https:\/\/www.nespokojeny.cz\/wp-content\/uploads\/fiala_prohlaseni_svoboda_tisku-120x120.jpg 120w\" alt=\"\" width=\"600\" height=\"597\" data-src=\"https:\/\/www.nespokojeny.cz\/wp-content\/uploads\/fiala_prohlaseni_svoboda_tisku.jpg\" data-srcset=\"https:\/\/www.nespokojeny.cz\/wp-content\/uploads\/fiala_prohlaseni_svoboda_tisku.jpg 800w, https:\/\/www.nespokojeny.cz\/wp-content\/uploads\/fiala_prohlaseni_svoboda_tisku-300x300.jpg 300w, https:\/\/www.nespokojeny.cz\/wp-content\/uploads\/fiala_prohlaseni_svoboda_tisku-450x448.jpg 450w, https:\/\/www.nespokojeny.cz\/wp-content\/uploads\/fiala_prohlaseni_svoboda_tisku-150x150.jpg 150w, https:\/\/www.nespokojeny.cz\/wp-content\/uploads\/fiala_prohlaseni_svoboda_tisku-768x764.jpg 768w, https:\/\/www.nespokojeny.cz\/wp-content\/uploads\/fiala_prohlaseni_svoboda_tisku-120x120.jpg 120w\" data-sizes=\"auto\" \/><\/a><\/p>\n<h2><strong>Petr Fiala: Dosazen\u00fd agent s \u00fakolem zni\u010dit \u010cR.<\/strong><\/h2>\n<p>P\u0159ipravov\u00e1n ji\u017e od p\u0159evratu 89 s \u00fakolem rozparcelovat \u010cR a p\u0159edat j\u00ed N\u011bmecku na st\u0159\u00edbrn\u00e9m t\u00e1cu\u2026.Petr Fiala a jeho demoli\u010dn\u00ed blok<\/p>\n<p>S Petrem Fialou se zn\u00e1m osobn\u011b, tyk\u00e1me si a sed\u011bli jsme spolu dva m\u011bs\u00edce v lavici. Bylo to v l\u00e9t\u011b roku 1991 a j\u00e1 jsem spolu s dv\u011bma sv\u00fdmi kamar\u00e1dy<br \/>\nob\u011btoval pr\u00e1zdniny po \u010dtvrt\u00e9m ro\u010dn\u00edku filozofick\u00e9 fakulty na kurz Z\u00e1klad\u016f politologie, kter\u00fd tehdy sponzorovala EHS. Byla to takov\u00e1 nal\u00edv\u00e1rna ideologie liber\u00e1ln\u00edho socialismu, abychom se stali pevn\u00fdmi pil\u00ed\u0159i nov\u00e9ho re\u017eimu. Bylo tam tak\u00e9 n\u011bkolik b\u00fdval\u00fdch politruk\u016f, svaz\u00e1k\u016f a prezident mlad\u00fdch konzervativc\u016f David \u010c\u00e1stek. To byli svaz\u00e1ci tehdej\u0161\u00ed ODS. David bydlel v Brn\u011b \u2013 Bohunic\u00edch jako j\u00e1 a tak mn\u011b st\u00e1le zval k sob\u011b a l\u00e1kal mn\u011b mezi mlad\u00e9 konzervativce. J\u00e1 jsem v\u017edycky nesn\u00e1\u0161el ideologickou mas\u00e1\u017e a mlad\u00fd konzervativec mi p\u0159ipom\u00ednal n\u011bco, proti \u010demu jsem v listopadu 1989 bojoval jako student, pouze to bylo naruby. Ji\u017e tehdy jsem byl p\u0159esv\u011bd\u010den o tom, \u017ee ODS v t\u00e9 dob\u011b byla fanaticky bol\u0161evick\u00e1 strana, kter\u00e1 v obr\u00e1cen\u00e9m gardu d\u011blala to, co na\u0161i komunist\u00e9 po \u00danoru 1948.<\/p>\n<p>Uv\u011bdom\u011ble rozkr\u00e1dali st\u00e1tn\u00ed majetek a \u0159\u00edkali tomu privatizace. Petr Fiala byl z jin\u00e9ho t\u011bsta. Byl to intelektu\u00e1l ka\u017ed\u00fdm coulem. D\u00e1val ji\u017e tehdy najevo svou d\u016fle\u017eitost, ale bez primitivn\u00edho populismu, kter\u00fd byl vlastn\u00ed Davidovi. Vypr\u00e1v\u011bl mi o \u010dasopisu Proglas, kter\u00fd jsem tehdy cel\u00e9 pr\u00e1zdniny d\u00edky n\u011bmu hltal.<br \/>\nP\u0159ipadal jsem si jako pros\u0165\u00e1\u010dek. Petr mi vypr\u00e1v\u011bl o \u00fadajn\u011b velk\u00e9 politick\u00e9 osobnosti, kterou tehdy spat\u0159oval v europoslanci za CSU Otto von Habsburgovi. Musel jsem tehdy v\u0161echno nastudovat, abych mohl dr\u017eet trochu krok se sv\u00fdm intelektu\u00e1ln\u011b zdatn\u011bj\u0161\u00edm sousedem. Vedli jsme dlouh\u00e9 hovory a nejv\u00edce mi Petr vypr\u00e1v\u011bl o Panevropsk\u00e9 unii.<\/p>\n<p>Petr se mn\u011b sna\u017eil p\u0159esv\u011bd\u010dit o tom, abych se p\u0159ipojil k tomuto intelektu\u00e1ln\u00edmu hnut\u00ed. Petr Fiala mi byl mnohem sympati\u010dt\u011bj\u0161\u00ed ne\u017e David \u010c\u00e1stek, ale p\u0159esto jsem tehdy odolal Pouze jsem jistou dobu hltal v\u0161echny knihy, kter\u00e9 mi tehdy Petr doporu\u010dil. Petr Fiala se prezentoval jako konzervativn\u00ed katolick\u00fd intelektu\u00e1l, kter\u00fd je napojen na bavorskou CSU a<br \/>\nkonkr\u00e9tn\u011b na Otto von Habsburga, kter\u00fd pom\u00e1hal mlad\u00fdm konzervativn\u00edm intelektu\u00e1l\u016fm z brn\u011bnsk\u00e9ho \u010dasopisu Proglas rozv\u00edjet svobodu a demokracii v na\u0161\u00ed posttotalitn\u00ed zemi.<br \/>\nPo absolvov\u00e1n\u00ed kurzu jsme se v\u00eddali ji\u017e jen sporadicky, proto\u017ee jsem se nezapojil do tohoto spolku. Oba jsme absolvovali \u0159adu st\u00e1\u017e\u00ed v N\u011bmecku. J\u00e1 jsem se zdokonaloval v pedagogick\u00fdch a komunika\u010dn\u00edch dovednostech v Bundeswehru, Petr se stal doktorem, docentem, profesorem, d\u011bkanem a posl\u00e9ze rektorem MU.<\/p>\n<p>Teprve pozd\u011bji jsem pln\u011b pochopil, co ten jeho ideov\u00fd za\u010d\u00e1tek vlastn\u011b znamenal. Univerzita pod jeho veden\u00edm se ub\u00edrala m\u00edlov\u00fdmi kroky na cest\u011b multikulturalismu a odn\u00e1rodn\u011bn\u00ed. V\u0161e na kated\u0159e politologie bylo orientov\u00e1no na n\u011bmeck\u00e9 granty, kter\u00e9 prost\u0159ednictv\u00edm pe\u010dliv\u011b vyb\u00edran\u00fdch u\u010ditel\u016f v\u0161t\u011bpovali student\u016fm n\u011bmeck\u00fd v\u00fdklad na\u0161\u00ed historie a sou\u010dasn\u00e9 pohledy z hlediska geopolitick\u00fdch z\u00e1jm\u016f N\u011bmecka.<\/p>\n<p>Nen\u00ed jist\u011b n\u00e1hodn\u00e9, \u017ee se profesor Petr Fiala stal p\u0159edsedou ODS po Petrovi Ne\u010dasovi, kter\u00fd zklamal d\u016fv\u011bru sponzor\u016f po tom, co se vyj\u00e1d\u0159il pro dostavbu Temel\u00edna s pomoc\u00ed Ruska. Odstran\u011bn\u00ed Petra Ne\u010dase bylo uk\u00e1zkov\u00e9 z hlediska toho, jak je mo\u017en\u00e9 zlikvidovat nepohodln\u00e9ho politika. Sou\u010dasn\u00e9 \u00fatoky na Andreje Babi\u0161e jsou velice podobn\u00e9, s t\u00edm rozd\u00edlem, \u017ee Babi\u0161 je mnohem siln\u011bj\u0161\u00ed osobnost, ne\u017e byl premi\u00e9r Ne\u010das a proto se p\u0159ipravuje podzimn\u00ed Majdan u n\u00e1s. Shodou okolnost\u00ed v \u010dele demoli\u010dn\u00edho bloku, kter\u00fd od sv\u00fdch zahrani\u010dn\u00edch sponzor\u016f dostal za \u00fakol zlikvidovat vl\u00e1du Andreje Babi\u0161e, je m\u016fj spolu\u017e\u00e1k Petr Fiala. Napojen\u00ed Petra Fialy na Bavorskou CSU je v\u00edce ne\u017e z\u0159ejm\u00e9 z toho, co jeho demoli\u010dn\u00ed blok kon\u00e1. Milion chvilek pro Majdan je v\u00fdkonnou slo\u017ekou demoli\u010dn\u00edho bloku. Petr Fiala je p\u0159ipravov\u00e1n na funkci premi\u00e9ra na\u0161\u00ed zem\u011b. K tomu, aby se j\u00edm mohl st\u00e1t je t\u0159eba realizovat pra\u017esk\u00fd Majdan, kter\u00fd m\u00e1 na podzim zrealizovat Milion chvilek pro Majdan. Kdo jsou lid\u00e9 za Petrem Fialou?<\/p>\n<p>Jsou to ty s\u00edly, kter\u00e9 mi byly Petrem p\u0159edstaveny v dob\u011b, kdy jsem byl studentem filozofick\u00e9 fakulty. Sudeton\u011bmeck\u00fd landsman\u0161aft je pod ochrann\u00fdmi k\u0159\u00eddly bavorsk\u00e9 CSU. V\u0161e je maskov\u00e1no Panevropskou uni\u00ed, sbl\u00ed\u017een\u00edm, k\u0159es\u0165ansk\u00fdmi hodnotami, sm\u00ed\u0159en\u00edm a jednotnou Evropou, ve kter\u00e9 vznikne nov\u00fd evropsk\u00fd \u010dlov\u011bk. K tomu je pot\u0159eba, aby se do Evropy dostaly dal\u0161\u00ed des\u00edtky mili\u00f3n\u016f migrant\u016f z Bl\u00edzk\u00e9ho v\u00fdchodu a Afriky. Kone\u010dn\u011b tak bude mo\u017en\u00e9 realizovat pl\u00e1n zakladatele Panevropsk\u00e9 unie hrab\u011bte Richarda Coudenhove \u2013 Kalergiho. V\u0161echny obstrukce demoli\u010dn\u00edho bloku v parlamentu jsou jasn\u011b \u010diteln\u00e9.<\/p>\n<p>Jde o to co nejv\u00edce zdiskreditovat vl\u00e1du a co nejv\u00edce ochromit jej\u00ed \u010dinnost. Na podzim maj\u00ed b\u00fdt masov\u00e9 demonstrace, kter\u00e9 maj\u00ed p\u0159isp\u011bt k p\u00e1du vl\u00e1dy. Petr Fiala je p\u0159ipraven jako p\u0159edseda vl\u00e1dy p\u0159evz\u00edt zr\u00e1dce ze soci\u00e1ln\u00ed demokracie a z hnut\u00ed ANO po p\u00e1du Andreje Babi\u0161e. Role soci\u00e1ln\u00edch demokrat\u016f m\u00e1 b\u00fdt stejn\u00e1 jako v roce 1948. P\u0159\u00edpravy jsou v pln\u00e9m proudu, \u0159\u00edd\u00edc\u00ed centr\u00e1la nen\u00ed v Praze. Brusel a Berl\u00edn jsou v pozad\u00ed, do pop\u0159ed\u00ed jde Mnichov. Parcelace na\u0161\u00ed republiky m\u00e1 b\u00fdt v rukou mnichovsk\u00e9 centr\u00e1ly. Mnichov n\u00e1m byl osudn\u00fd v roce 1938, a m\u016f\u017ee n\u00e1m b\u00fdt tak\u00e9 v tomto roce, pokud nech\u00e1me Petra Fialu konat podle pokyn\u016f \u0159\u00edd\u00edc\u00ed centr\u00e1ly v Mnichov\u011b.<\/p>\n<p>Mus\u00edme vytvo\u0159it Vlasteneckou jednotu v\u0161ech vlastenc\u016f v na\u0161\u00ed zemi, abychom se bez ohledu na stranickou p\u0159\u00edslu\u0161nost mohli za\u010d\u00edt br\u00e1nit tomuto pokusu o st\u00e1tn\u00ed p\u0159evrat v duchu Majdanu. Milion chvilek pro Majdan je v roli u\u017eite\u010dn\u00fdch idiot\u016f a Petr Fiala m\u00e1 stanout v \u010dele protektor\u00e1tn\u00ed vl\u00e1dy. To m\u00e1 b\u00fdt vyvrcholen\u00ed jeho zr\u00e1dcovsk\u00e9 a kolaborantsk\u00e9 kari\u00e9ry. V ciz\u00edch slu\u017eb\u00e1ch u\u017e byl v roce 1991, kdy\u017e jsme se potkali na kurzu Z\u00e1klady politologie v Brn\u011b.<\/p>\n<p>PhDr. Stanislav Bal\u00edk, V \u010castohostic\u00edch 18.7.2019 (<a href=\"https:\/\/www.facebook.com\/hamplova65\/posts\/174655708315919\" target=\"_blank\" rel=\"noopener\">zdroj<\/a>)<\/p>\n<p><em>Disclaimer: V norm\u00e1ln\u00edm sv\u011bt\u011b bez cenzury by nem\u011blo smysl zve\u0159ej\u0148ovat na\u00a0<a href=\"https:\/\/www.nespokojeny.cz\/\" target=\"_blank\" rel=\"noopener\">Nespokojen\u00fd<\/a>\u00a0informace, kter\u00e9 by m\u011bly b\u00fdt v r\u00e1mci vyv\u00e1\u017een\u00e9ho zpravodajstv\u00ed voln\u011b p\u0159\u00edstupn\u00e9 a prezentovan\u00e9 v masm\u00e9di\u00edch. V na\u0161\u00ed sou\u010dasn\u00e9 situaci je to asi jedin\u00e1 mo\u017enost, jak alespo\u0148 n\u011bco z \u201edruh\u00e9 strany barik\u00e1dy\u201c dostat mezi lidi, ke kter\u00fdm by se to jinak nedostalo. A po\u0159\u00e1d plat\u00ed: nev\u011b\u0159te automaticky ni\u010demu, a sami si v\u0161echny informace ov\u011b\u0159ujte.<\/em><\/p>\n<p><span style=\"font-size: 18pt;\"><strong>Zdroje a dal\u0161\u00ed informace:<\/strong><\/span><\/p>\n<p><a href=\"https:\/\/blisty.cz\/art\/64567-nadejny-zachrance-ods-a-sudetske-panevropy\" target=\"_blank\" rel=\"noopener\">Nad\u011bjn\u00fd zachr\u00e1nce ODS a sudetsk\u00e9 Panevropy<\/a><br \/>\n<a href=\"http:\/\/vasevec.parlamentnilisty.cz\/blogy\/pravy-breh-petra-fialy-neni-bezpecny-breh-0\">Prav\u00fd b\u0159eh Petra Fialy nen\u00ed bezpe\u010dn\u00fd b\u0159eh!<\/a><br \/>\n<a href=\"https:\/\/ceske-narodni-listy.estranky.cz\/clanky\/prispevky\/petr-fiala--exponent-sudetskych-nemcu.html\" target=\"_blank\" rel=\"noopener\">Petr Fiala, exponent sudetsk\u00fdch N\u011bmc\u016f<\/a><br \/>\n<a href=\"https:\/\/www.parlamentnilisty.cz\/arena\/monitor\/Je-zle-Po-internetu-koluji-fotografie-predsedy-ODS-na-ktere-by-mozna-nejradsi-zapomnel-582280\" target=\"_blank\" rel=\"noopener\">Je zle. Po internetu koluj\u00ed fotografie p\u0159edsedy ODS, na kter\u00e9 by mo\u017en\u00e1 nejrad\u0161i zapomn\u011bl<\/a><br \/>\n<a href=\"https:\/\/neviditelnypes.lidovky.cz\/zahranici\/historie-listovani-v-kalergim.A170705_205616_p_zahranici_wag\" target=\"_blank\" rel=\"noopener\">HISTORIE: Listov\u00e1n\u00ed v Kalergim<\/a><br \/>\n<a href=\"https:\/\/www.parlamentnilisty.cz\/arena\/nazory-a-petice\/Jiri-Kobza-Petr-Fiala-jako-sluha-Calergiho-Panevropy-688537\" target=\"_blank\" rel=\"noopener\">Ji\u0159\u00ed Kobza: Petr Fiala jako sluha Calergiho Panevropy<\/a><br \/>\n<a href=\"https:\/\/www.respekt.cz\/politika\/z-akademika-demagogem-podivuhodny-pripad-petra-fialy\" target=\"_blank\" rel=\"noopener\">Z akademika demagogem. Podivuhodn\u00fd p\u0159\u00edpad Petra Fialy<\/a><br \/>\n<a href=\"https:\/\/www.parlamentnilisty.cz\/arena\/monitor\/-Tohle-by-meli-volici-vedet-Xaver-na-stejne-stope-jako-PL-Neziskovka-Petra-Fialy-desitky-milionu-Barma-A-zamestnany-synek-676518\" target=\"_blank\" rel=\"noopener\">\u201eTohle by m\u011bli voli\u010di v\u011bd\u011bt!\u201c Xaver na stejn\u00e9 stop\u011b jako PL. Neziskovka Petra Fialy, des\u00edtky milion\u016f, Barma. A zam\u011bstnan\u00fd synek?<\/a><br \/>\n<a href=\"https:\/\/www.parlamentnilisty.cz\/arena\/monitor\/-To-se-nemelo-stat-Ne-ted-Odhalili-jsme-dotacni-kralovstvi-predsedy-ODS-Fialy-Desitky-milionu-tecou-k-panu-profesorovi-676397\" target=\"_blank\" rel=\"noopener\">\u201eTo se nem\u011blo st\u00e1t. Ne te\u010f.\u201c Odhalili jsme dota\u010dn\u00ed kr\u00e1lovstv\u00ed p\u0159edsedy ODS Fialy. Des\u00edtky milion\u016f te\u010dou k panu profesorovi<\/a><br \/>\n<a href=\"https:\/\/www.parlamentnilisty.cz\/zpravy\/kauzy\/Milionove-dotace-pro-spolek-kde-sedi-predseda-ODS-Treba-za-posileni-role-zenskych-a-etnickych-obcanskych-organizaci-v-demokratizaci-Barmy-676955\" target=\"_blank\" rel=\"noopener\">Milionov\u00e9 dotace pro spolek, kde sed\u00ed p\u0159edseda ODS. T\u0159eba za \u201epos\u00edlen\u00ed role \u017eensk\u00fdch a etnick\u00fdch ob\u010dansk\u00fdch organizac\u00ed v demokratizaci Barmy\u201c<\/a><br \/>\n<a href=\"https:\/\/www.lidovky.cz\/nazory\/cachry-premiera-fialy-s-cisly.A220422_171331_ln_nazory_lros\" target=\"_blank\" rel=\"noopener\">\u010cachry premi\u00e9ra Fialy\u00a0s\u00a0\u010d\u00edsly<\/a><br \/>\n<a href=\"https:\/\/www.vlada.cz\/cz\/media-centrum\/aktualne\/prohlaseni-predsedy-vlady-petra-fialy-pri-prilezitosti-svetoveho-dne-svobody-tisku-196029\/\" target=\"_blank\" rel=\"noopener\">Prohl\u00e1\u0161en\u00ed p\u0159edsedy vl\u00e1dy Petra Fialy p\u0159i p\u0159\u00edle\u017eitosti Sv\u011btov\u00e9ho dne svobody tisku<\/a><\/p>\n<p><img decoding=\"async\" loading=\"lazy\" class=\"size-full wp-image-19890 aligncenter lazyautosizes lazyloaded\" src=\"https:\/\/www.nespokojeny.cz\/wp-content\/uploads\/petr_fiala_2016.jpg\" sizes=\"858px\" srcset=\"https:\/\/www.nespokojeny.cz\/wp-content\/uploads\/petr_fiala_2016.jpg 889w, https:\/\/www.nespokojeny.cz\/wp-content\/uploads\/petr_fiala_2016-300x170.jpg 300w, https:\/\/www.nespokojeny.cz\/wp-content\/uploads\/petr_fiala_2016-450x255.jpg 450w, https:\/\/www.nespokojeny.cz\/wp-content\/uploads\/petr_fiala_2016-150x85.jpg 150w, https:\/\/www.nespokojeny.cz\/wp-content\/uploads\/petr_fiala_2016-768x435.jpg 768w\" alt=\"\" width=\"889\" height=\"504\" data-src=\"https:\/\/www.nespokojeny.cz\/wp-content\/uploads\/petr_fiala_2016.jpg\" data-srcset=\"https:\/\/www.nespokojeny.cz\/wp-content\/uploads\/petr_fiala_2016.jpg 889w, https:\/\/www.nespokojeny.cz\/wp-content\/uploads\/petr_fiala_2016-300x170.jpg 300w, https:\/\/www.nespokojeny.cz\/wp-content\/uploads\/petr_fiala_2016-450x255.jpg 450w, https:\/\/www.nespokojeny.cz\/wp-content\/uploads\/petr_fiala_2016-150x85.jpg 150w, https:\/\/www.nespokojeny.cz\/wp-content\/uploads\/petr_fiala_2016-768x435.jpg 768w\" data-sizes=\"auto\" \/><\/p>\n<p><em>Foto: ODS, Filip Jandourek\u00a0<\/em><\/p>\n<p><a href=\"https:\/\/www.nespokojeny.cz\/kdo-je-to-petr-fiala-vyznavac-sudetske-panevropy-i-placeny-bojovnik-za-demokracii-v-barme\/\">ZDROJ<\/a><\/p>\n<p>&nbsp;<\/p>\n<p>&nbsp;<\/p>\n","protected":false},"excerpt":{"rendered":"<p>Petr Fiala\u00a0ne\u00fanavn\u011b pracuje na obrazu drsn\u00e9ho v\u016fdce, kter\u00fd v r\u00e1mci vy\u0161\u0161\u00edho dobra klidn\u011b ob\u011btuje vlastn\u00ed&#8230;<\/p>\n","protected":false},"author":2,"featured_media":10357,"comment_status":"closed","ping_status":"closed","sticky":false,"template":"","format":"standard","meta":[],"categories":[6],"tags":[76,192,535,2748,3213],"_links":{"self":[{"href":"https:\/\/www.infokuryr.cz\/n\/wp-json\/wp\/v2\/posts\/14580"}],"collection":[{"href":"https:\/\/www.infokuryr.cz\/n\/wp-json\/wp\/v2\/posts"}],"about":[{"href":"https:\/\/www.infokuryr.cz\/n\/wp-json\/wp\/v2\/types\/post"}],"author":[{"embeddable":true,"href":"https:\/\/www.infokuryr.cz\/n\/wp-json\/wp\/v2\/users\/2"}],"replies":[{"embeddable":true,"href":"https:\/\/www.infokuryr.cz\/n\/wp-json\/wp\/v2\/comments?post=14580"}],"version-history":[{"count":1,"href":"https:\/\/www.infokuryr.cz\/n\/wp-json\/wp\/v2\/posts\/14580\/revisions"}],"predecessor-version":[{"id":14581,"href":"https:\/\/www.infokuryr.cz\/n\/wp-json\/wp\/v2\/posts\/14580\/revisions\/14581"}],"wp:featuredmedia":[{"embeddable":true,"href":"https:\/\/www.infokuryr.cz\/n\/wp-json\/wp\/v2\/media\/10357"}],"wp:attachment":[{"href":"https:\/\/www.infokuryr.cz\/n\/wp-json\/wp\/v2\/media?parent=14580"}],"wp:term":[{"taxonomy":"category","embeddable":true,"href":"https:\/\/www.infokuryr.cz\/n\/wp-json\/wp\/v2\/categories?post=14580"},{"taxonomy":"post_tag","embeddable":true,"href":"https:\/\/www.infokuryr.cz\/n\/wp-json\/wp\/v2\/tags?post=14580"}],"curies":[{"name":"wp","href":"https:\/\/api.w.org\/{rel}","templated":true}]}}